{"id":111931,"date":"2022-10-31T11:18:28","date_gmt":"2022-10-31T14:18:28","guid":{"rendered":"https:\/\/eldiariodesanpedro.com.ar\/sitio\/?p=111931"},"modified":"2022-10-31T11:18:29","modified_gmt":"2022-10-31T14:18:29","slug":"bomberos-realizo-una-capacitacion-para-docentes-de-la-rama-inicial","status":"publish","type":"post","link":"https:\/\/eldiariodesanpedro.com.ar\/sitio\/bomberos-realizo-una-capacitacion-para-docentes-de-la-rama-inicial\/","title":{"rendered":"Bomberos realiz\u00f3 una capacitaci\u00f3n para docentes de la rama inicial"},"content":{"rendered":"<!-- VideographyWP Plugin Message: Automatic video embedding prevented by plugin options. -->\n\n<p>El instructivo estuvo originado en brindar los conocimientos esenciales a qui\u00e9nes se desempe\u00f1an en distintos \u00e1mbitos de la educaci\u00f3n y c\u00f3mo poder intervenir en la prevenci\u00f3n de incendios y la utilizaci\u00f3n de extintores.<\/p>\n\n\n\n<p>Representantes de Bomberos Voluntarios encabezaron una importante capacitaci\u00f3n destinada a un grupo de docentes pertenecientes a distintos establecimientos educativos de la rama inicial.<\/p>\n\n\n\n<p>La misma estuvo a cargo del Oficial Auxiliar de Dotaci\u00f3n en reserva y Licenciado en Seguridad e Higiene, Miguel Torres, quien ofreci\u00f3 una instrucci\u00f3n te\u00f3rica y pr\u00e1ctica.<\/p>\n\n\n\n<p>La misma se realiz\u00f3 en el cuartel central y el motivo principal estuvo originado en brindar los conocimientos esenciales a quienes se desempe\u00f1an en distintos \u00e1mbitos de la educaci\u00f3n y c\u00f3mo poder intervenir en la prevenci\u00f3n de incendios y la utilizaci\u00f3n de extintores.<\/p>\n\n\n\n<p>\u201cEs muy importante capacitar a las docentes que trabajan en lugares de concurrencia masiva\u201d, explic\u00f3 el Licenciado Torres en el aire de FM G\u00e9nesis.<\/p>\n\n\n\n<p>\u201cEs esencial que una docente, un profesor, o un auxiliar conozcan un plan de emergencia o que sepa utilizar los extintores, lo mismo que la realizaci\u00f3n de un RCP.<\/p>\n\n\n\n<p>\u201cEs una planificaci\u00f3n que se baja desde el ministerio de educaci\u00f3n y ya lo hemos hecho en otros establecimientos\u201d.<\/p>\n\n\n\n<p>\u201cEsto sirve para que el d\u00eda que se lo tenga que usar salga realmente bien, que se sepa c\u00f3mo actuar\u201d, manifest\u00f3 el profesional.<\/p>\n\n\n\n<p>\u201cEl instructivo consiste en una clase te\u00f3rica donde se les da distintos conocimientos a los docentes como las diferentes clases de fuego y los extintores correspondientes, y la pr\u00e1ctica para que el cursante tenga contacto con el matafuego actuando sobre fuego real\u201d.<\/p>\n\n\n\n<p>En los d\u00edas previos, integrantes de la instituci\u00f3n, tambi\u00e9n encabezaron una capacitaci\u00f3n para el \u00e1mbito de educaci\u00f3n inicial en donde se trataron distintos aspectos relacionados a c\u00f3mo intervenir ante diversos incidentes, c\u00f3mo tratarlos y asistencia mediante RCP.<\/p>\n\n\n\n<p>Fuente: San Pedro Informa<\/p>\n","protected":false},"excerpt":{"rendered":"<p>El instructivo estuvo originado en brindar los conocimientos esenciales a qui\u00e9nes se desempe\u00f1an en distintos \u00e1mbitos de la educaci\u00f3n y c\u00f3mo poder intervenir en la prevenci\u00f3n de incendios y la utilizaci\u00f3n de extintores. Representantes de Bomberos Voluntarios encabezaron una importante capacitaci\u00f3n destinada a un grupo de docentes pertenecientes a distintos establecimientos educativos de la rama [&hellip;]<\/p>\n","protected":false},"author":4,"featured_media":111932,"comment_status":"closed","ping_status":"closed","sticky":false,"template":"","format":"standard","meta":{"om_disable_all_campaigns":false,"_jetpack_memberships_contains_paid_content":false,"footnotes":""},"categories":[101,2],"tags":[3138,197,33,19],"class_list":["post-111931","post","type-post","status-publish","format-standard","has-post-thumbnail","hentry","category-interes-general-locales","category-locales","tag-bomberos-realizo-una-capacitacion-para-docentes-de-la-rama-inicial","tag-buenos-aires","tag-locales","tag-san-pedro"],"aioseo_notices":[],"gutentor_comment":0,"jetpack_featured_media_url":"https:\/\/eldiariodesanpedro.com.ar\/sitio\/wp-content\/uploads\/2022\/10\/0000021348-resized-1920x1080-1.jpg","jetpack_shortlink":"https:\/\/wp.me\/p6RhLt-t7l","jetpack_sharing_enabled":true,"_links":{"self":[{"href":"https:\/\/eldiariodesanpedro.com.ar\/sitio\/wp-json\/wp\/v2\/posts\/111931","targetHints":{"allow":["GET"]}}],"collection":[{"href":"https:\/\/eldiariodesanpedro.com.ar\/sitio\/wp-json\/wp\/v2\/posts"}],"about":[{"href":"https:\/\/eldiariodesanpedro.com.ar\/sitio\/wp-json\/wp\/v2\/types\/post"}],"author":[{"embeddable":true,"href":"https:\/\/eldiariodesanpedro.com.ar\/sitio\/wp-json\/wp\/v2\/users\/4"}],"replies":[{"embeddable":true,"href":"https:\/\/eldiariodesanpedro.com.ar\/sitio\/wp-json\/wp\/v2\/comments?post=111931"}],"version-history":[{"count":1,"href":"https:\/\/eldiariodesanpedro.com.ar\/sitio\/wp-json\/wp\/v2\/posts\/111931\/revisions"}],"predecessor-version":[{"id":111933,"href":"https:\/\/eldiariodesanpedro.com.ar\/sitio\/wp-json\/wp\/v2\/posts\/111931\/revisions\/111933"}],"wp:featuredmedia":[{"embeddable":true,"href":"https:\/\/eldiariodesanpedro.com.ar\/sitio\/wp-json\/wp\/v2\/media\/111932"}],"wp:attachment":[{"href":"https:\/\/eldiariodesanpedro.com.ar\/sitio\/wp-json\/wp\/v2\/media?parent=111931"}],"wp:term":[{"taxonomy":"category","embeddable":true,"href":"https:\/\/eldiariodesanpedro.com.ar\/sitio\/wp-json\/wp\/v2\/categories?post=111931"},{"taxonomy":"post_tag","embeddable":true,"href":"https:\/\/eldiariodesanpedro.com.ar\/sitio\/wp-json\/wp\/v2\/tags?post=111931"}],"curies":[{"name":"wp","href":"https:\/\/api.w.org\/{rel}","templated":true}]}}