{"id":111928,"date":"2022-10-31T11:09:09","date_gmt":"2022-10-31T14:09:09","guid":{"rendered":"https:\/\/eldiariodesanpedro.com.ar\/sitio\/?p=111928"},"modified":"2022-10-31T11:09:09","modified_gmt":"2022-10-31T14:09:09","slug":"trasladaron-a-los-integrantes-de-la-banda-de-pedro-lineros","status":"publish","type":"post","link":"https:\/\/eldiariodesanpedro.com.ar\/sitio\/trasladaron-a-los-integrantes-de-la-banda-de-pedro-lineros\/","title":{"rendered":"Trasladaron a los integrantes de la banda de Pedro Lineros"},"content":{"rendered":"<!-- VideographyWP Plugin Message: Automatic video embedding prevented by plugin options. -->\n\n<p>Se trata de las tres personas que fueron detenidas el jueves acusadas de comercializar estupefacientes en tres puntos distintos de la ciudad. Los acusados fueron alojados en diversas dependencias de la provincia de Buenos Aires.<\/p>\n\n\n\n<p>Luego del operativo que la Divisi\u00f3n Drogas Il\u00edcitas realiz\u00f3 el jueves pasado las personas imputadas fueron trasladadas a distintas dependencias policiales.<\/p>\n\n\n\n<p>La situaci\u00f3n de los detenidos es muy comprometida debido a que est\u00e1n ligados directamente a la presunta comercializaci\u00f3n de drogas y deber\u00e1n aguardar los pasos que de la justicia para saber sobre su futuro procesal.<\/p>\n\n\n\n<p>Pedro Lineros, un reconocido delincuente vinculado a distintos hechos acontecidos en la ciudad, entre ellos el asesinato de \u00abChizito\u00bb Cabrera, hecho por el cual estuvo detenido y cumpli\u00f3 condena hasta hace poco tiempo, fue alojado en una dependencia policial de la localidad de Marcos Paz, mientras tanto, Natalia Coronel, qued\u00f3 detenida en otra comisar\u00eda de la localidad de Los Cardales, y Daniel Lacuadra permanece alojado en la sede de la Divisi\u00f3n Drogas Il\u00edcitas de San Nicol\u00e1s.<\/p>\n\n\n\n<p>Estas tres personas fueron detenidas en un procedimiento encabezado por la polic\u00eda especializada en este tipo de delitos m\u00e1s el acompa\u00f1amiento de la comisar\u00eda de San Pedro, y los lugares allanados fueron los ubicados en Manuel Iglesias al 1700, Las Provincias al 1800 y \u00d3bligado al 1700.<\/p>\n\n\n\n<p>El resultado de los operativos fue positivo ya que se logr\u00f3 secuestrar coca\u00edna y marihuana, elementos de corte y precisi\u00f3n para la fragmentaci\u00f3n de la droga y otros elementos de mucho valor para la investigaci\u00f3n que lleva adelante el fiscal Marcelo Manso.<\/p>\n\n\n\n<p>Fuente: San Pedro Informa<\/p>\n\n\n\n<figure class=\"wp-block-image size-large\"><img decoding=\"async\" width=\"1024\" height=\"575\" data-attachment-id=\"111815\" data-permalink=\"https:\/\/eldiariodesanpedro.com.ar\/sitio\/tres-personas-detenidas-por-la-venta-de-estupefacientes-al-menudeo\/whatsapp-image-2022-10-27-at-09-08-17\/\" data-orig-file=\"https:\/\/eldiariodesanpedro.com.ar\/sitio\/wp-content\/uploads\/2022\/10\/WhatsApp-Image-2022-10-27-at-09.08.17.jpeg\" data-orig-size=\"1121,630\" data-comments-opened=\"0\" data-image-meta=\"{&quot;aperture&quot;:&quot;0&quot;,&quot;credit&quot;:&quot;&quot;,&quot;camera&quot;:&quot;&quot;,&quot;caption&quot;:&quot;&quot;,&quot;created_timestamp&quot;:&quot;0&quot;,&quot;copyright&quot;:&quot;&quot;,&quot;focal_length&quot;:&quot;0&quot;,&quot;iso&quot;:&quot;0&quot;,&quot;shutter_speed&quot;:&quot;0&quot;,&quot;title&quot;:&quot;&quot;,&quot;orientation&quot;:&quot;0&quot;}\" data-image-title=\"WhatsApp Image 2022-10-27 at 09.08.17\" data-image-description=\"\" data-image-caption=\"\" data-large-file=\"https:\/\/eldiariodesanpedro.com.ar\/sitio\/wp-content\/uploads\/2022\/10\/WhatsApp-Image-2022-10-27-at-09.08.17-1024x575.jpeg\" data-src=\"https:\/\/eldiariodesanpedro.com.ar\/sitio\/wp-content\/uploads\/2022\/10\/WhatsApp-Image-2022-10-27-at-09.08.17-1024x575.jpeg\" alt=\"\" class=\"wp-image-111815 lazyload\" data-srcset=\"https:\/\/eldiariodesanpedro.com.ar\/sitio\/wp-content\/uploads\/2022\/10\/WhatsApp-Image-2022-10-27-at-09.08.17-1024x575.jpeg 1024w, https:\/\/eldiariodesanpedro.com.ar\/sitio\/wp-content\/uploads\/2022\/10\/WhatsApp-Image-2022-10-27-at-09.08.17-300x169.jpeg 300w, https:\/\/eldiariodesanpedro.com.ar\/sitio\/wp-content\/uploads\/2022\/10\/WhatsApp-Image-2022-10-27-at-09.08.17-768x432.jpeg 768w, https:\/\/eldiariodesanpedro.com.ar\/sitio\/wp-content\/uploads\/2022\/10\/WhatsApp-Image-2022-10-27-at-09.08.17.jpeg 1121w\" data-sizes=\"(max-width: 1024px) 100vw, 1024px\" src=\"data:image\/svg+xml;base64,PHN2ZyB3aWR0aD0iMSIgaGVpZ2h0PSIxIiB4bWxucz0iaHR0cDovL3d3dy53My5vcmcvMjAwMC9zdmciPjwvc3ZnPg==\" style=\"--smush-placeholder-width: 1024px; --smush-placeholder-aspect-ratio: 1024\/575;\" \/><\/figure>\n\n\n\n<figure class=\"wp-block-image size-full\"><img decoding=\"async\" width=\"840\" height=\"630\" data-attachment-id=\"111816\" data-permalink=\"https:\/\/eldiariodesanpedro.com.ar\/sitio\/tres-personas-detenidas-por-la-venta-de-estupefacientes-al-menudeo\/whatsapp-image-2022-10-27-at-09-08-18\/\" data-orig-file=\"https:\/\/eldiariodesanpedro.com.ar\/sitio\/wp-content\/uploads\/2022\/10\/WhatsApp-Image-2022-10-27-at-09.08.18.jpeg\" data-orig-size=\"840,630\" data-comments-opened=\"0\" data-image-meta=\"{&quot;aperture&quot;:&quot;0&quot;,&quot;credit&quot;:&quot;&quot;,&quot;camera&quot;:&quot;&quot;,&quot;caption&quot;:&quot;&quot;,&quot;created_timestamp&quot;:&quot;0&quot;,&quot;copyright&quot;:&quot;&quot;,&quot;focal_length&quot;:&quot;0&quot;,&quot;iso&quot;:&quot;0&quot;,&quot;shutter_speed&quot;:&quot;0&quot;,&quot;title&quot;:&quot;&quot;,&quot;orientation&quot;:&quot;0&quot;}\" data-image-title=\"WhatsApp Image 2022-10-27 at 09.08.18\" data-image-description=\"\" data-image-caption=\"\" data-large-file=\"https:\/\/eldiariodesanpedro.com.ar\/sitio\/wp-content\/uploads\/2022\/10\/WhatsApp-Image-2022-10-27-at-09.08.18.jpeg\" data-src=\"https:\/\/eldiariodesanpedro.com.ar\/sitio\/wp-content\/uploads\/2022\/10\/WhatsApp-Image-2022-10-27-at-09.08.18.jpeg\" alt=\"\" class=\"wp-image-111816 lazyload\" data-srcset=\"https:\/\/eldiariodesanpedro.com.ar\/sitio\/wp-content\/uploads\/2022\/10\/WhatsApp-Image-2022-10-27-at-09.08.18.jpeg 840w, https:\/\/eldiariodesanpedro.com.ar\/sitio\/wp-content\/uploads\/2022\/10\/WhatsApp-Image-2022-10-27-at-09.08.18-300x225.jpeg 300w, https:\/\/eldiariodesanpedro.com.ar\/sitio\/wp-content\/uploads\/2022\/10\/WhatsApp-Image-2022-10-27-at-09.08.18-768x576.jpeg 768w, https:\/\/eldiariodesanpedro.com.ar\/sitio\/wp-content\/uploads\/2022\/10\/WhatsApp-Image-2022-10-27-at-09.08.18-272x204.jpeg 272w\" data-sizes=\"(max-width: 840px) 100vw, 840px\" src=\"data:image\/svg+xml;base64,PHN2ZyB3aWR0aD0iMSIgaGVpZ2h0PSIxIiB4bWxucz0iaHR0cDovL3d3dy53My5vcmcvMjAwMC9zdmciPjwvc3ZnPg==\" style=\"--smush-placeholder-width: 840px; --smush-placeholder-aspect-ratio: 840\/630;\" \/><\/figure>\n\n\n\n<figure class=\"wp-block-image size-full\"><img decoding=\"async\" width=\"840\" height=\"630\" data-attachment-id=\"111814\" data-permalink=\"https:\/\/eldiariodesanpedro.com.ar\/sitio\/tres-personas-detenidas-por-la-venta-de-estupefacientes-al-menudeo\/whatsapp-image-2022-10-27-at-09-08-17-1\/\" data-orig-file=\"https:\/\/eldiariodesanpedro.com.ar\/sitio\/wp-content\/uploads\/2022\/10\/WhatsApp-Image-2022-10-27-at-09.08.17-1.jpeg\" data-orig-size=\"840,630\" data-comments-opened=\"0\" data-image-meta=\"{&quot;aperture&quot;:&quot;0&quot;,&quot;credit&quot;:&quot;&quot;,&quot;camera&quot;:&quot;&quot;,&quot;caption&quot;:&quot;&quot;,&quot;created_timestamp&quot;:&quot;0&quot;,&quot;copyright&quot;:&quot;&quot;,&quot;focal_length&quot;:&quot;0&quot;,&quot;iso&quot;:&quot;0&quot;,&quot;shutter_speed&quot;:&quot;0&quot;,&quot;title&quot;:&quot;&quot;,&quot;orientation&quot;:&quot;0&quot;}\" data-image-title=\"WhatsApp Image 2022-10-27 at 09.08.17 (1)\" data-image-description=\"\" data-image-caption=\"\" data-large-file=\"https:\/\/eldiariodesanpedro.com.ar\/sitio\/wp-content\/uploads\/2022\/10\/WhatsApp-Image-2022-10-27-at-09.08.17-1.jpeg\" data-src=\"https:\/\/eldiariodesanpedro.com.ar\/sitio\/wp-content\/uploads\/2022\/10\/WhatsApp-Image-2022-10-27-at-09.08.17-1.jpeg\" alt=\"\" class=\"wp-image-111814 lazyload\" data-srcset=\"https:\/\/eldiariodesanpedro.com.ar\/sitio\/wp-content\/uploads\/2022\/10\/WhatsApp-Image-2022-10-27-at-09.08.17-1.jpeg 840w, https:\/\/eldiariodesanpedro.com.ar\/sitio\/wp-content\/uploads\/2022\/10\/WhatsApp-Image-2022-10-27-at-09.08.17-1-300x225.jpeg 300w, https:\/\/eldiariodesanpedro.com.ar\/sitio\/wp-content\/uploads\/2022\/10\/WhatsApp-Image-2022-10-27-at-09.08.17-1-768x576.jpeg 768w, https:\/\/eldiariodesanpedro.com.ar\/sitio\/wp-content\/uploads\/2022\/10\/WhatsApp-Image-2022-10-27-at-09.08.17-1-272x204.jpeg 272w\" data-sizes=\"(max-width: 840px) 100vw, 840px\" src=\"data:image\/svg+xml;base64,PHN2ZyB3aWR0aD0iMSIgaGVpZ2h0PSIxIiB4bWxucz0iaHR0cDovL3d3dy53My5vcmcvMjAwMC9zdmciPjwvc3ZnPg==\" style=\"--smush-placeholder-width: 840px; --smush-placeholder-aspect-ratio: 840\/630;\" \/><\/figure>\n","protected":false},"excerpt":{"rendered":"<p>Se trata de las tres personas que fueron detenidas el jueves acusadas de comercializar estupefacientes en tres puntos distintos de la ciudad. Los acusados fueron alojados en diversas dependencias de la provincia de Buenos Aires. Luego del operativo que la Divisi\u00f3n Drogas Il\u00edcitas realiz\u00f3 el jueves pasado las personas imputadas fueron trasladadas a distintas dependencias [&hellip;]<\/p>\n","protected":false},"author":4,"featured_media":111929,"comment_status":"closed","ping_status":"closed","sticky":false,"template":"","format":"standard","meta":{"om_disable_all_campaigns":false,"_jetpack_memberships_contains_paid_content":false,"footnotes":""},"categories":[2,103],"tags":[197,33,19],"class_list":["post-111928","post","type-post","status-publish","format-standard","has-post-thumbnail","hentry","category-locales","category-policiales-locales","tag-buenos-aires","tag-locales","tag-san-pedro"],"aioseo_notices":[],"gutentor_comment":0,"jetpack_featured_media_url":"https:\/\/eldiariodesanpedro.com.ar\/sitio\/wp-content\/uploads\/2022\/10\/0000021349-resized-1920x1080-1.jpg","jetpack_shortlink":"https:\/\/wp.me\/p6RhLt-t7i","jetpack_sharing_enabled":true,"_links":{"self":[{"href":"https:\/\/eldiariodesanpedro.com.ar\/sitio\/wp-json\/wp\/v2\/posts\/111928","targetHints":{"allow":["GET"]}}],"collection":[{"href":"https:\/\/eldiariodesanpedro.com.ar\/sitio\/wp-json\/wp\/v2\/posts"}],"about":[{"href":"https:\/\/eldiariodesanpedro.com.ar\/sitio\/wp-json\/wp\/v2\/types\/post"}],"author":[{"embeddable":true,"href":"https:\/\/eldiariodesanpedro.com.ar\/sitio\/wp-json\/wp\/v2\/users\/4"}],"replies":[{"embeddable":true,"href":"https:\/\/eldiariodesanpedro.com.ar\/sitio\/wp-json\/wp\/v2\/comments?post=111928"}],"version-history":[{"count":1,"href":"https:\/\/eldiariodesanpedro.com.ar\/sitio\/wp-json\/wp\/v2\/posts\/111928\/revisions"}],"predecessor-version":[{"id":111930,"href":"https:\/\/eldiariodesanpedro.com.ar\/sitio\/wp-json\/wp\/v2\/posts\/111928\/revisions\/111930"}],"wp:featuredmedia":[{"embeddable":true,"href":"https:\/\/eldiariodesanpedro.com.ar\/sitio\/wp-json\/wp\/v2\/media\/111929"}],"wp:attachment":[{"href":"https:\/\/eldiariodesanpedro.com.ar\/sitio\/wp-json\/wp\/v2\/media?parent=111928"}],"wp:term":[{"taxonomy":"category","embeddable":true,"href":"https:\/\/eldiariodesanpedro.com.ar\/sitio\/wp-json\/wp\/v2\/categories?post=111928"},{"taxonomy":"post_tag","embeddable":true,"href":"https:\/\/eldiariodesanpedro.com.ar\/sitio\/wp-json\/wp\/v2\/tags?post=111928"}],"curies":[{"name":"wp","href":"https:\/\/api.w.org\/{rel}","templated":true}]}}