{"id":111922,"date":"2022-10-31T10:53:00","date_gmt":"2022-10-31T13:53:00","guid":{"rendered":"https:\/\/eldiariodesanpedro.com.ar\/sitio\/?p=111922"},"modified":"2022-10-31T10:53:02","modified_gmt":"2022-10-31T13:53:02","slug":"descubren-restos-de-un-perezoso-gigante-al-cavar-un-pozo-en-el-patio-de-su-casa","status":"publish","type":"post","link":"https:\/\/eldiariodesanpedro.com.ar\/sitio\/descubren-restos-de-un-perezoso-gigante-al-cavar-un-pozo-en-el-patio-de-su-casa\/","title":{"rendered":"Descubren restos de un perezoso gigante al cavar un pozo en el patio de su casa"},"content":{"rendered":"<!-- VideographyWP Plugin Message: Automatic video embedding prevented by plugin options. -->\n\n<p>El hallazgo sorprendi\u00f3 a los due\u00f1os de una vivienda en San Pedro quienes de inmediato dieron aviso para que intervenga el Museo Paleontol\u00f3gico \u201cFray Manuel de Torres\u201d. Son restos de un animal que vivi\u00f3&nbsp;hace unos 100.000 a\u00f1os.<\/p>\n\n\n\n<p>\u201c<em>No siempre se cava un pozo en el patio de tu casa y te encontr\u00e1s con un\u2026perezoso f\u00f3sil!<\/em>\u201d. As\u00ed comienza a narrar esta curiosa historia Jos\u00e9 Luis Aguilar, Director del Museo Paleontol\u00f3gico de San Pedro.<\/p>\n\n\n\n<p>Y literalmente, as\u00ed sucedi\u00f3 con la familia de Alexis C\u00e1ceres, Adriana Olivera y su peque\u00f1o hijo Ringo; vecinos de la ciudad de San Pedro, que contrataron a los j\u00f3venes Leonardo Vanrrell y Maximiliano Seguezza para cavar un pozo en el patio de su propiedad.<\/p>\n\n\n\n<p>La sorpresa fue may\u00fascula cuando los hombres excavaban a unos 5 metros de profundidad y vieron aparecer, entre el sedimento, fragmentos de huesos muy fr\u00e1giles.<\/p>\n\n\n\n<p>Suponiendo que se trataba de alg\u00fan animal antiguo, se comunicaron con <strong><em>La Radio 92.3<\/em><\/strong>, uno de los medios locales, quienes a su vez, pasaron la inquietud al equipo del museo. De inmediato, Jos\u00e9 Luis Aguilar, Walter Parra y Jorge Mart\u00ednez, acudieron al llamado de los vecinos.<\/p>\n\n\n\n<p>Una vez en la propiedad, se evaluaron los pasos a seguir ya que se trataba de un pozo de cinco metros de profundidad y algo m\u00e1s de un metro de di\u00e1metro. Obviamente, no era el mejor sitio para ir a ver un f\u00f3sil.<\/p>\n\n\n\n<p>Pero a pesar de las caracter\u00edsticas del lugar, descendieron hasta el fondo asistidos por una soga y unos \u201cescalones\u201d cavados en la pared del pozo.<\/p>\n\n\n\n<p>Abajo y luego de una primera limpieza, se encontraron con diferentes piezas \u00f3seas que identificaron como pertenecientes a un perezoso gigante. Un mam\u00edfero prehist\u00f3rico de m\u00e1s de 1.000 kilogramos.<\/p>\n\n\n\n<p>\u201c<em>Sin dudas, los f\u00f3siles corresponden a uno de los g\u00e9neros de grandes perezosos terrestres que se extinguieron a finales del Pleistoceno, principios del Holoceno. En este caso, creemos que se trata de restos de un <strong>glosoterio<\/strong> (Glossotherium robustum). Estos animales pose\u00edan un denso pelaje, sus manos estaban equipadas con garras poderosas y su cuerpo era de unos 3 metros de longitud. Como todos los g\u00e9neros de perezosos que se desarrollaron en la prehistoria sudamericana, eran herb\u00edvoros y se alimentaban, principalmente, de hojas y tallos de las plantas de mediana altura que poblaban la regi\u00f3n pampeana\u201d, explica Aguilar desde el museo.<\/em><\/p>\n\n\n\n<p><em>\u201cEn el caso de este ejemplar descubierto de forma casual por la familia C\u00e1ceres, pudimos extraer una de las garras, un molar del maxilar superior; alg\u00fan hueso fragmentado de una de las extremidades y unos 30 huesillos d\u00e9rmicos llamados osteodermos que estos animales desarrollaban en el interior de su piel como m\u00e9todo de defensa\u201d, detalla el integrante del Grupo Conservacionista de F\u00f3siles, mientras observa las piezas.<\/em><\/p>\n\n\n\n<p><em>La capa de sedimentos de color pardo donde fueron descubiertos los restos del perezoso se form\u00f3 a principios de la edad Lujanense; un lapso de tiempo transcurrido entre unos 140.000 y unos 10.000 a\u00f1os antes del presente. Por la posici\u00f3n del f\u00f3sil en el perfil del terreno, se cree que su antig\u00fcedad rondar\u00eda los 100.000 a\u00f1os.<\/em><\/p>\n\n\n\n<p><em>A modo de reflexi\u00f3n, desde el equipo del museo comentan que \u201cla particularidad del hallazgo tiene diferentes aristas. Para llegar al momento en que se recupera el f\u00f3sil, primero se pas\u00f3 por una cadena de personas que coincidieron en resguardar el valor del hallazgo.<\/em><\/p>\n\n\n\n<p><em>Los primeros en ver los restos fueron los trabajadores contratados para cavar el pozo. Ellos comprendieron que deb\u00edan avisar al due\u00f1o de casa. El due\u00f1o de casa entendi\u00f3 que deb\u00eda buscar ayuda y acudi\u00f3 a uno de los medios de comunicaci\u00f3n locales. Desde la radio, a su vez, pasaron la novedad al museo, sabiendo que pod\u00eda ser importante. Y el equipo del museo, valorando el inter\u00e9s de sus vecinos, acudi\u00f3 de inmediato para salvar la integridad del patrimonio cultural que acababa de ser descubierto.<\/em><\/p>\n\n\n\n<p><em>Si alguno de estos actores no hubiera comprendido su rol, este hallazgo no hubiera sido posible.\u201d&nbsp;<\/em><\/p>\n\n\n\n<p><strong>Interpretaci\u00f3n art\u00edstica del rostro de un Glosoterio, por el artista Miguel Lugo para Museo Paleontol\u00f3gico de San Pedro<\/strong><\/p>\n\n\n\n<figure class=\"wp-block-image size-full\"><img decoding=\"async\" width=\"902\" height=\"630\" data-attachment-id=\"111923\" data-permalink=\"https:\/\/eldiariodesanpedro.com.ar\/sitio\/descubren-restos-de-un-perezoso-gigante-al-cavar-un-pozo-en-el-patio-de-su-casa\/algunas-piezas-halladas\/\" data-orig-file=\"https:\/\/eldiariodesanpedro.com.ar\/sitio\/wp-content\/uploads\/2022\/10\/Algunas-piezas-halladas.jpg\" data-orig-size=\"902,630\" data-comments-opened=\"0\" data-image-meta=\"{&quot;aperture&quot;:&quot;1.7&quot;,&quot;credit&quot;:&quot;&quot;,&quot;camera&quot;:&quot;moto g(8)&quot;,&quot;caption&quot;:&quot;&quot;,&quot;created_timestamp&quot;:&quot;1666901036&quot;,&quot;copyright&quot;:&quot;&quot;,&quot;focal_length&quot;:&quot;4.05&quot;,&quot;iso&quot;:&quot;841&quot;,&quot;shutter_speed&quot;:&quot;0.04&quot;,&quot;title&quot;:&quot;&quot;,&quot;orientation&quot;:&quot;1&quot;}\" data-image-title=\"Algunas piezas halladas\" data-image-description=\"\" data-image-caption=\"\" data-large-file=\"https:\/\/eldiariodesanpedro.com.ar\/sitio\/wp-content\/uploads\/2022\/10\/Algunas-piezas-halladas.jpg\" data-src=\"https:\/\/eldiariodesanpedro.com.ar\/sitio\/wp-content\/uploads\/2022\/10\/Algunas-piezas-halladas.jpg\" alt=\"\" class=\"wp-image-111923 lazyload\" data-srcset=\"https:\/\/eldiariodesanpedro.com.ar\/sitio\/wp-content\/uploads\/2022\/10\/Algunas-piezas-halladas.jpg 902w, https:\/\/eldiariodesanpedro.com.ar\/sitio\/wp-content\/uploads\/2022\/10\/Algunas-piezas-halladas-300x210.jpg 300w, https:\/\/eldiariodesanpedro.com.ar\/sitio\/wp-content\/uploads\/2022\/10\/Algunas-piezas-halladas-768x536.jpg 768w\" data-sizes=\"(max-width: 902px) 100vw, 902px\" src=\"data:image\/svg+xml;base64,PHN2ZyB3aWR0aD0iMSIgaGVpZ2h0PSIxIiB4bWxucz0iaHR0cDovL3d3dy53My5vcmcvMjAwMC9zdmciPjwvc3ZnPg==\" style=\"--smush-placeholder-width: 902px; --smush-placeholder-aspect-ratio: 902\/630;\" \/><\/figure>\n\n\n\n<figure class=\"wp-block-image size-full\"><img decoding=\"async\" width=\"840\" height=\"630\" data-attachment-id=\"111926\" data-permalink=\"https:\/\/eldiariodesanpedro.com.ar\/sitio\/descubren-restos-de-un-perezoso-gigante-al-cavar-un-pozo-en-el-patio-de-su-casa\/rostro\/\" data-orig-file=\"https:\/\/eldiariodesanpedro.com.ar\/sitio\/wp-content\/uploads\/2022\/10\/ROSTRO.jpg\" data-orig-size=\"840,630\" data-comments-opened=\"0\" data-image-meta=\"{&quot;aperture&quot;:&quot;0&quot;,&quot;credit&quot;:&quot;&quot;,&quot;camera&quot;:&quot;&quot;,&quot;caption&quot;:&quot;&quot;,&quot;created_timestamp&quot;:&quot;0&quot;,&quot;copyright&quot;:&quot;&quot;,&quot;focal_length&quot;:&quot;0&quot;,&quot;iso&quot;:&quot;0&quot;,&quot;shutter_speed&quot;:&quot;0&quot;,&quot;title&quot;:&quot;&quot;,&quot;orientation&quot;:&quot;0&quot;}\" data-image-title=\"ROSTRO\" data-image-description=\"\" data-image-caption=\"\" data-large-file=\"https:\/\/eldiariodesanpedro.com.ar\/sitio\/wp-content\/uploads\/2022\/10\/ROSTRO.jpg\" data-src=\"https:\/\/eldiariodesanpedro.com.ar\/sitio\/wp-content\/uploads\/2022\/10\/ROSTRO.jpg\" alt=\"\" class=\"wp-image-111926 lazyload\" data-srcset=\"https:\/\/eldiariodesanpedro.com.ar\/sitio\/wp-content\/uploads\/2022\/10\/ROSTRO.jpg 840w, https:\/\/eldiariodesanpedro.com.ar\/sitio\/wp-content\/uploads\/2022\/10\/ROSTRO-300x225.jpg 300w, https:\/\/eldiariodesanpedro.com.ar\/sitio\/wp-content\/uploads\/2022\/10\/ROSTRO-768x576.jpg 768w, https:\/\/eldiariodesanpedro.com.ar\/sitio\/wp-content\/uploads\/2022\/10\/ROSTRO-272x204.jpg 272w\" data-sizes=\"(max-width: 840px) 100vw, 840px\" src=\"data:image\/svg+xml;base64,PHN2ZyB3aWR0aD0iMSIgaGVpZ2h0PSIxIiB4bWxucz0iaHR0cDovL3d3dy53My5vcmcvMjAwMC9zdmciPjwvc3ZnPg==\" style=\"--smush-placeholder-width: 840px; --smush-placeholder-aspect-ratio: 840\/630;\" \/><\/figure>\n\n\n\n<figure class=\"wp-block-image size-full\"><img decoding=\"async\" width=\"473\" height=\"630\" data-attachment-id=\"111925\" data-permalink=\"https:\/\/eldiariodesanpedro.com.ar\/sitio\/descubren-restos-de-un-perezoso-gigante-al-cavar-un-pozo-en-el-patio-de-su-casa\/pozo-del-hallazgo\/\" data-orig-file=\"https:\/\/eldiariodesanpedro.com.ar\/sitio\/wp-content\/uploads\/2022\/10\/Pozo-del-hallazgo.jpg\" data-orig-size=\"473,630\" data-comments-opened=\"0\" data-image-meta=\"{&quot;aperture&quot;:&quot;0&quot;,&quot;credit&quot;:&quot;&quot;,&quot;camera&quot;:&quot;&quot;,&quot;caption&quot;:&quot;&quot;,&quot;created_timestamp&quot;:&quot;0&quot;,&quot;copyright&quot;:&quot;&quot;,&quot;focal_length&quot;:&quot;0&quot;,&quot;iso&quot;:&quot;0&quot;,&quot;shutter_speed&quot;:&quot;0&quot;,&quot;title&quot;:&quot;&quot;,&quot;orientation&quot;:&quot;1&quot;}\" data-image-title=\"Pozo del hallazgo\" data-image-description=\"\" data-image-caption=\"\" data-large-file=\"https:\/\/eldiariodesanpedro.com.ar\/sitio\/wp-content\/uploads\/2022\/10\/Pozo-del-hallazgo.jpg\" data-src=\"https:\/\/eldiariodesanpedro.com.ar\/sitio\/wp-content\/uploads\/2022\/10\/Pozo-del-hallazgo.jpg\" alt=\"\" class=\"wp-image-111925 lazyload\" data-srcset=\"https:\/\/eldiariodesanpedro.com.ar\/sitio\/wp-content\/uploads\/2022\/10\/Pozo-del-hallazgo.jpg 473w, https:\/\/eldiariodesanpedro.com.ar\/sitio\/wp-content\/uploads\/2022\/10\/Pozo-del-hallazgo-225x300.jpg 225w\" data-sizes=\"(max-width: 473px) 100vw, 473px\" src=\"data:image\/svg+xml;base64,PHN2ZyB3aWR0aD0iMSIgaGVpZ2h0PSIxIiB4bWxucz0iaHR0cDovL3d3dy53My5vcmcvMjAwMC9zdmciPjwvc3ZnPg==\" style=\"--smush-placeholder-width: 473px; --smush-placeholder-aspect-ratio: 473\/630;\" \/><\/figure>\n","protected":false},"excerpt":{"rendered":"<p>El hallazgo sorprendi\u00f3 a los due\u00f1os de una vivienda en San Pedro quienes de inmediato dieron aviso para que intervenga el Museo Paleontol\u00f3gico \u201cFray Manuel de Torres\u201d. Son restos de un animal que vivi\u00f3&nbsp;hace unos 100.000 a\u00f1os. \u201cNo siempre se cava un pozo en el patio de tu casa y te encontr\u00e1s con un\u2026perezoso f\u00f3sil!\u201d. [&hellip;]<\/p>\n","protected":false},"author":4,"featured_media":111924,"comment_status":"closed","ping_status":"closed","sticky":false,"template":"","format":"standard","meta":{"om_disable_all_campaigns":false,"_jetpack_memberships_contains_paid_content":false,"footnotes":""},"categories":[50,101,2],"tags":[197,3127,696,33,19],"class_list":["post-111922","post","type-post","status-publish","format-standard","has-post-thumbnail","hentry","category-destacadas","category-interes-general-locales","category-locales","tag-buenos-aires","tag-descubren-restos-de-un-perezoso-gigante-al-cavar-un-pozo-en-el-patio-de-su-casa","tag-interes-general","tag-locales","tag-san-pedro"],"aioseo_notices":[],"gutentor_comment":0,"jetpack_featured_media_url":"https:\/\/eldiariodesanpedro.com.ar\/sitio\/wp-content\/uploads\/2022\/10\/Descubridores-y-personal-del-museo.jpg","jetpack_shortlink":"https:\/\/wp.me\/p6RhLt-t7c","jetpack_sharing_enabled":true,"_links":{"self":[{"href":"https:\/\/eldiariodesanpedro.com.ar\/sitio\/wp-json\/wp\/v2\/posts\/111922","targetHints":{"allow":["GET"]}}],"collection":[{"href":"https:\/\/eldiariodesanpedro.com.ar\/sitio\/wp-json\/wp\/v2\/posts"}],"about":[{"href":"https:\/\/eldiariodesanpedro.com.ar\/sitio\/wp-json\/wp\/v2\/types\/post"}],"author":[{"embeddable":true,"href":"https:\/\/eldiariodesanpedro.com.ar\/sitio\/wp-json\/wp\/v2\/users\/4"}],"replies":[{"embeddable":true,"href":"https:\/\/eldiariodesanpedro.com.ar\/sitio\/wp-json\/wp\/v2\/comments?post=111922"}],"version-history":[{"count":1,"href":"https:\/\/eldiariodesanpedro.com.ar\/sitio\/wp-json\/wp\/v2\/posts\/111922\/revisions"}],"predecessor-version":[{"id":111927,"href":"https:\/\/eldiariodesanpedro.com.ar\/sitio\/wp-json\/wp\/v2\/posts\/111922\/revisions\/111927"}],"wp:featuredmedia":[{"embeddable":true,"href":"https:\/\/eldiariodesanpedro.com.ar\/sitio\/wp-json\/wp\/v2\/media\/111924"}],"wp:attachment":[{"href":"https:\/\/eldiariodesanpedro.com.ar\/sitio\/wp-json\/wp\/v2\/media?parent=111922"}],"wp:term":[{"taxonomy":"category","embeddable":true,"href":"https:\/\/eldiariodesanpedro.com.ar\/sitio\/wp-json\/wp\/v2\/categories?post=111922"},{"taxonomy":"post_tag","embeddable":true,"href":"https:\/\/eldiariodesanpedro.com.ar\/sitio\/wp-json\/wp\/v2\/tags?post=111922"}],"curies":[{"name":"wp","href":"https:\/\/api.w.org\/{rel}","templated":true}]}}