{"id":111909,"date":"2022-10-31T10:37:25","date_gmt":"2022-10-31T13:37:25","guid":{"rendered":"https:\/\/eldiariodesanpedro.com.ar\/sitio\/?p=111909"},"modified":"2022-10-31T10:37:26","modified_gmt":"2022-10-31T13:37:26","slug":"con-fernando-bravo-como-invitado-especial-el-ccit-cerro-su-mes-89o-aniversario","status":"publish","type":"post","link":"https:\/\/eldiariodesanpedro.com.ar\/sitio\/con-fernando-bravo-como-invitado-especial-el-ccit-cerro-su-mes-89o-aniversario\/","title":{"rendered":"Con Fernando Bravo como invitado especial, el CCIT cerr\u00f3 su mes 89\u00ba aniversario"},"content":{"rendered":"<!-- VideographyWP Plugin Message: Automatic video embedding prevented by plugin options. -->\n\n<p>El Centro de Comercio, Industria y Turismo de San Pedro cerr\u00f3 las actividades de su mes aniversario con un encuentro organizado este s\u00e1bado en su hist\u00f3rico edificio.<\/p>\n\n\n\n<p>El periodista y conductor sampedrino Fernando Bravo fue invitado por la entidad para compartir una charla en la recorri\u00f3 momentos trascendentes de su carrera.<\/p>\n\n\n\n<p>En el Sal\u00f3n de los Espejos rodeado de mucho afecto y admiraci\u00f3n, Fernando dialog\u00f3 con el Presidente Ra\u00fal Cheyllada y con el cr\u00edtico de cine y conductor tambi\u00e9n sampedrino Guillermo Hern\u00e1ndez, sobre historias vividas en sus primeros a\u00f1os y a lo largo de su trayectoria en los que estuvo presente el v\u00ednculo con la entidad.<\/p>\n\n\n\n<p>Con algunas fotos que posibilitaron recordar a familias y vecinos de nuestra ciudad la charla tuvo momentos muy emotivos y se coron\u00f3 con la entrega de un cuadro alusivo a este 89\u00ba aniversario.<\/p>\n\n\n\n<p>Luego de la charla, el encuentro continu\u00f3 con el show musical del grupo The Greens y un brindis compartido por los integrantes de la Comisi\u00f3n Directiva actuales, ex directivos, socios y participantes de la reuni\u00f3n.<\/p>\n\n\n\n<p>El Centro de Comercio Industria y Turismo agradece a todos los que colaboraron para llevar adelante este calendario especial durante todo el mes aniversario y comienza a preparar diferentes propuestas con las que se recorrer\u00e1 el tiempo hasta la celebraci\u00f3n del 90\u00ba aniversario.<\/p>\n\n\n\n<figure class=\"wp-block-image size-full\"><img decoding=\"async\" width=\"840\" height=\"630\" data-attachment-id=\"111912\" data-permalink=\"https:\/\/eldiariodesanpedro.com.ar\/sitio\/con-fernando-bravo-como-invitado-especial-el-ccit-cerro-su-mes-89o-aniversario\/ccit89-8\/\" data-orig-file=\"https:\/\/eldiariodesanpedro.com.ar\/sitio\/wp-content\/uploads\/2022\/10\/ccit89-8.jpeg\" data-orig-size=\"840,630\" data-comments-opened=\"0\" data-image-meta=\"{&quot;aperture&quot;:&quot;0&quot;,&quot;credit&quot;:&quot;&quot;,&quot;camera&quot;:&quot;&quot;,&quot;caption&quot;:&quot;&quot;,&quot;created_timestamp&quot;:&quot;0&quot;,&quot;copyright&quot;:&quot;&quot;,&quot;focal_length&quot;:&quot;0&quot;,&quot;iso&quot;:&quot;0&quot;,&quot;shutter_speed&quot;:&quot;0&quot;,&quot;title&quot;:&quot;&quot;,&quot;orientation&quot;:&quot;0&quot;}\" data-image-title=\"ccit89 (8)\" data-image-description=\"\" data-image-caption=\"\" data-large-file=\"https:\/\/eldiariodesanpedro.com.ar\/sitio\/wp-content\/uploads\/2022\/10\/ccit89-8.jpeg\" data-src=\"https:\/\/eldiariodesanpedro.com.ar\/sitio\/wp-content\/uploads\/2022\/10\/ccit89-8.jpeg\" alt=\"\" class=\"wp-image-111912 lazyload\" data-srcset=\"https:\/\/eldiariodesanpedro.com.ar\/sitio\/wp-content\/uploads\/2022\/10\/ccit89-8.jpeg 840w, https:\/\/eldiariodesanpedro.com.ar\/sitio\/wp-content\/uploads\/2022\/10\/ccit89-8-300x225.jpeg 300w, https:\/\/eldiariodesanpedro.com.ar\/sitio\/wp-content\/uploads\/2022\/10\/ccit89-8-768x576.jpeg 768w, https:\/\/eldiariodesanpedro.com.ar\/sitio\/wp-content\/uploads\/2022\/10\/ccit89-8-272x204.jpeg 272w\" data-sizes=\"(max-width: 840px) 100vw, 840px\" src=\"data:image\/svg+xml;base64,PHN2ZyB3aWR0aD0iMSIgaGVpZ2h0PSIxIiB4bWxucz0iaHR0cDovL3d3dy53My5vcmcvMjAwMC9zdmciPjwvc3ZnPg==\" style=\"--smush-placeholder-width: 840px; --smush-placeholder-aspect-ratio: 840\/630;\" \/><\/figure>\n\n\n\n<figure class=\"wp-block-image size-full\"><img decoding=\"async\" width=\"1024\" height=\"461\" data-attachment-id=\"111917\" data-permalink=\"https:\/\/eldiariodesanpedro.com.ar\/sitio\/con-fernando-bravo-como-invitado-especial-el-ccit-cerro-su-mes-89o-aniversario\/ccit89-13\/\" data-orig-file=\"https:\/\/eldiariodesanpedro.com.ar\/sitio\/wp-content\/uploads\/2022\/10\/ccit89-13.jpeg\" data-orig-size=\"1024,461\" data-comments-opened=\"0\" data-image-meta=\"{&quot;aperture&quot;:&quot;0&quot;,&quot;credit&quot;:&quot;&quot;,&quot;camera&quot;:&quot;&quot;,&quot;caption&quot;:&quot;&quot;,&quot;created_timestamp&quot;:&quot;0&quot;,&quot;copyright&quot;:&quot;&quot;,&quot;focal_length&quot;:&quot;0&quot;,&quot;iso&quot;:&quot;0&quot;,&quot;shutter_speed&quot;:&quot;0&quot;,&quot;title&quot;:&quot;&quot;,&quot;orientation&quot;:&quot;0&quot;}\" data-image-title=\"ccit89 (13)\" data-image-description=\"\" data-image-caption=\"\" data-large-file=\"https:\/\/eldiariodesanpedro.com.ar\/sitio\/wp-content\/uploads\/2022\/10\/ccit89-13.jpeg\" data-src=\"https:\/\/eldiariodesanpedro.com.ar\/sitio\/wp-content\/uploads\/2022\/10\/ccit89-13.jpeg\" alt=\"\" class=\"wp-image-111917 lazyload\" data-srcset=\"https:\/\/eldiariodesanpedro.com.ar\/sitio\/wp-content\/uploads\/2022\/10\/ccit89-13.jpeg 1024w, https:\/\/eldiariodesanpedro.com.ar\/sitio\/wp-content\/uploads\/2022\/10\/ccit89-13-300x135.jpeg 300w, https:\/\/eldiariodesanpedro.com.ar\/sitio\/wp-content\/uploads\/2022\/10\/ccit89-13-768x346.jpeg 768w\" data-sizes=\"(max-width: 1024px) 100vw, 1024px\" src=\"data:image\/svg+xml;base64,PHN2ZyB3aWR0aD0iMSIgaGVpZ2h0PSIxIiB4bWxucz0iaHR0cDovL3d3dy53My5vcmcvMjAwMC9zdmciPjwvc3ZnPg==\" style=\"--smush-placeholder-width: 1024px; --smush-placeholder-aspect-ratio: 1024\/461;\" \/><\/figure>\n\n\n\n<figure class=\"wp-block-image size-large\"><img decoding=\"async\" width=\"1024\" height=\"461\" data-attachment-id=\"111919\" data-permalink=\"https:\/\/eldiariodesanpedro.com.ar\/sitio\/con-fernando-bravo-como-invitado-especial-el-ccit-cerro-su-mes-89o-aniversario\/ccit89-15\/\" data-orig-file=\"https:\/\/eldiariodesanpedro.com.ar\/sitio\/wp-content\/uploads\/2022\/10\/ccit89-15.jpeg\" data-orig-size=\"1200,540\" data-comments-opened=\"0\" data-image-meta=\"{&quot;aperture&quot;:&quot;0&quot;,&quot;credit&quot;:&quot;&quot;,&quot;camera&quot;:&quot;&quot;,&quot;caption&quot;:&quot;&quot;,&quot;created_timestamp&quot;:&quot;0&quot;,&quot;copyright&quot;:&quot;&quot;,&quot;focal_length&quot;:&quot;0&quot;,&quot;iso&quot;:&quot;0&quot;,&quot;shutter_speed&quot;:&quot;0&quot;,&quot;title&quot;:&quot;&quot;,&quot;orientation&quot;:&quot;0&quot;}\" data-image-title=\"ccit89 (15)\" data-image-description=\"\" data-image-caption=\"\" data-large-file=\"https:\/\/eldiariodesanpedro.com.ar\/sitio\/wp-content\/uploads\/2022\/10\/ccit89-15-1024x461.jpeg\" data-src=\"https:\/\/eldiariodesanpedro.com.ar\/sitio\/wp-content\/uploads\/2022\/10\/ccit89-15-1024x461.jpeg\" alt=\"\" class=\"wp-image-111919 lazyload\" data-srcset=\"https:\/\/eldiariodesanpedro.com.ar\/sitio\/wp-content\/uploads\/2022\/10\/ccit89-15-1024x461.jpeg 1024w, https:\/\/eldiariodesanpedro.com.ar\/sitio\/wp-content\/uploads\/2022\/10\/ccit89-15-300x135.jpeg 300w, https:\/\/eldiariodesanpedro.com.ar\/sitio\/wp-content\/uploads\/2022\/10\/ccit89-15-768x346.jpeg 768w, https:\/\/eldiariodesanpedro.com.ar\/sitio\/wp-content\/uploads\/2022\/10\/ccit89-15.jpeg 1200w\" data-sizes=\"(max-width: 1024px) 100vw, 1024px\" src=\"data:image\/svg+xml;base64,PHN2ZyB3aWR0aD0iMSIgaGVpZ2h0PSIxIiB4bWxucz0iaHR0cDovL3d3dy53My5vcmcvMjAwMC9zdmciPjwvc3ZnPg==\" style=\"--smush-placeholder-width: 1024px; --smush-placeholder-aspect-ratio: 1024\/461;\" \/><\/figure>\n\n\n\n<figure class=\"wp-block-image size-full\"><img decoding=\"async\" width=\"1024\" height=\"461\" data-attachment-id=\"111916\" data-permalink=\"https:\/\/eldiariodesanpedro.com.ar\/sitio\/con-fernando-bravo-como-invitado-especial-el-ccit-cerro-su-mes-89o-aniversario\/ccit89-12\/\" data-orig-file=\"https:\/\/eldiariodesanpedro.com.ar\/sitio\/wp-content\/uploads\/2022\/10\/ccit89-12.jpeg\" data-orig-size=\"1024,461\" data-comments-opened=\"0\" data-image-meta=\"{&quot;aperture&quot;:&quot;0&quot;,&quot;credit&quot;:&quot;&quot;,&quot;camera&quot;:&quot;&quot;,&quot;caption&quot;:&quot;&quot;,&quot;created_timestamp&quot;:&quot;0&quot;,&quot;copyright&quot;:&quot;&quot;,&quot;focal_length&quot;:&quot;0&quot;,&quot;iso&quot;:&quot;0&quot;,&quot;shutter_speed&quot;:&quot;0&quot;,&quot;title&quot;:&quot;&quot;,&quot;orientation&quot;:&quot;0&quot;}\" data-image-title=\"ccit89 (12)\" data-image-description=\"\" data-image-caption=\"\" data-large-file=\"https:\/\/eldiariodesanpedro.com.ar\/sitio\/wp-content\/uploads\/2022\/10\/ccit89-12.jpeg\" data-src=\"https:\/\/eldiariodesanpedro.com.ar\/sitio\/wp-content\/uploads\/2022\/10\/ccit89-12.jpeg\" alt=\"\" class=\"wp-image-111916 lazyload\" data-srcset=\"https:\/\/eldiariodesanpedro.com.ar\/sitio\/wp-content\/uploads\/2022\/10\/ccit89-12.jpeg 1024w, https:\/\/eldiariodesanpedro.com.ar\/sitio\/wp-content\/uploads\/2022\/10\/ccit89-12-300x135.jpeg 300w, https:\/\/eldiariodesanpedro.com.ar\/sitio\/wp-content\/uploads\/2022\/10\/ccit89-12-768x346.jpeg 768w\" data-sizes=\"(max-width: 1024px) 100vw, 1024px\" src=\"data:image\/svg+xml;base64,PHN2ZyB3aWR0aD0iMSIgaGVpZ2h0PSIxIiB4bWxucz0iaHR0cDovL3d3dy53My5vcmcvMjAwMC9zdmciPjwvc3ZnPg==\" style=\"--smush-placeholder-width: 1024px; --smush-placeholder-aspect-ratio: 1024\/461;\" \/><\/figure>\n","protected":false},"excerpt":{"rendered":"<p>El Centro de Comercio, Industria y Turismo de San Pedro cerr\u00f3 las actividades de su mes aniversario con un encuentro organizado este s\u00e1bado en su hist\u00f3rico edificio. El periodista y conductor sampedrino Fernando Bravo fue invitado por la entidad para compartir una charla en la recorri\u00f3 momentos trascendentes de su carrera. En el Sal\u00f3n de [&hellip;]<\/p>\n","protected":false},"author":4,"featured_media":111911,"comment_status":"closed","ping_status":"closed","sticky":false,"template":"","format":"standard","meta":{"om_disable_all_campaigns":false,"_jetpack_memberships_contains_paid_content":false,"footnotes":""},"categories":[50,101,2],"tags":[197,696,33,19],"class_list":["post-111909","post","type-post","status-publish","format-standard","has-post-thumbnail","hentry","category-destacadas","category-interes-general-locales","category-locales","tag-buenos-aires","tag-interes-general","tag-locales","tag-san-pedro"],"aioseo_notices":[],"gutentor_comment":0,"jetpack_featured_media_url":"https:\/\/eldiariodesanpedro.com.ar\/sitio\/wp-content\/uploads\/2022\/10\/ccit89-7.jpeg","jetpack_shortlink":"https:\/\/wp.me\/p6RhLt-t6Z","jetpack_sharing_enabled":true,"_links":{"self":[{"href":"https:\/\/eldiariodesanpedro.com.ar\/sitio\/wp-json\/wp\/v2\/posts\/111909","targetHints":{"allow":["GET"]}}],"collection":[{"href":"https:\/\/eldiariodesanpedro.com.ar\/sitio\/wp-json\/wp\/v2\/posts"}],"about":[{"href":"https:\/\/eldiariodesanpedro.com.ar\/sitio\/wp-json\/wp\/v2\/types\/post"}],"author":[{"embeddable":true,"href":"https:\/\/eldiariodesanpedro.com.ar\/sitio\/wp-json\/wp\/v2\/users\/4"}],"replies":[{"embeddable":true,"href":"https:\/\/eldiariodesanpedro.com.ar\/sitio\/wp-json\/wp\/v2\/comments?post=111909"}],"version-history":[{"count":1,"href":"https:\/\/eldiariodesanpedro.com.ar\/sitio\/wp-json\/wp\/v2\/posts\/111909\/revisions"}],"predecessor-version":[{"id":111921,"href":"https:\/\/eldiariodesanpedro.com.ar\/sitio\/wp-json\/wp\/v2\/posts\/111909\/revisions\/111921"}],"wp:featuredmedia":[{"embeddable":true,"href":"https:\/\/eldiariodesanpedro.com.ar\/sitio\/wp-json\/wp\/v2\/media\/111911"}],"wp:attachment":[{"href":"https:\/\/eldiariodesanpedro.com.ar\/sitio\/wp-json\/wp\/v2\/media?parent=111909"}],"wp:term":[{"taxonomy":"category","embeddable":true,"href":"https:\/\/eldiariodesanpedro.com.ar\/sitio\/wp-json\/wp\/v2\/categories?post=111909"},{"taxonomy":"post_tag","embeddable":true,"href":"https:\/\/eldiariodesanpedro.com.ar\/sitio\/wp-json\/wp\/v2\/tags?post=111909"}],"curies":[{"name":"wp","href":"https:\/\/api.w.org\/{rel}","templated":true}]}}