{"id":111904,"date":"2022-10-31T10:30:24","date_gmt":"2022-10-31T13:30:24","guid":{"rendered":"https:\/\/eldiariodesanpedro.com.ar\/sitio\/?p=111904"},"modified":"2022-10-31T10:30:25","modified_gmt":"2022-10-31T13:30:25","slug":"historica-representacion-sampedrina-en-los-juegos-nacionales-evita","status":"publish","type":"post","link":"https:\/\/eldiariodesanpedro.com.ar\/sitio\/historica-representacion-sampedrina-en-los-juegos-nacionales-evita\/","title":{"rendered":"Hist\u00f3rica representaci\u00f3n sampedrina en los Juegos Nacionales Evita"},"content":{"rendered":"<!-- VideographyWP Plugin Message: Automatic video embedding prevented by plugin options. -->\n\n<p>Este fin de semana finaliz\u00f3 la participaci\u00f3n de los representantes sampedrinos en los Juegos Nacionales Evita Juveniles realizando una hist\u00f3rica actuaci\u00f3n en las tres actividades que contaron con deportistas de nuestra ciudad representando a la provincia de Buenos Aires a nivel nacional y alcanzando la medalla de bronce en Futsal.<\/p>\n\n\n\n<p>El equipo de Futsal coron\u00f3 una gran participaci\u00f3n alcanzando la medalla de bronce tras ganarle a los representantes de San Luis 3 a 2. La dorada fue obtenida por los representantes de San Juan y la plateada por los de Tierra del Fuego.<\/p>\n\n\n\n<p>El equipo sampedrino de Rugby culmin\u00f3 su participaci\u00f3n en el s\u00e9ptimo lugar tras ganar a las representantes de Entre R\u00edos 26 a 10.<\/p>\n\n\n\n<p>La esgrimista Sara Olivieri, quien fuera la m\u00e1s joven dentro de la disciplina cerr\u00f3 su actuaci\u00f3n realizando 1 poule ganado y 4 poules perdidos.<\/p>\n\n\n\n<p>Desde la Municipalidad de San Pedro felicitamos a todos los chicos y chicas que representaron a la provincia y a San Pedro en esta competencia que no solo constituye un programa de fortalecimiento del deporte formativo y la educaci\u00f3n f\u00edsica de Argentina sino tambi\u00e9n, una plataforma para la educaci\u00f3n de valores, el trabajo en equipo, el esfuerzo personal, el respeto por el otro, la solidaridad, la capacidad de superaci\u00f3n y el juego limpio.<\/p>\n\n\n\n<figure class=\"wp-block-image size-full\"><img decoding=\"async\" width=\"720\" height=\"510\" data-attachment-id=\"111906\" data-permalink=\"https:\/\/eldiariodesanpedro.com.ar\/sitio\/historica-representacion-sampedrina-en-los-juegos-nacionales-evita\/whatsapp-image-2022-10-31-at-09-27-47\/\" data-orig-file=\"https:\/\/eldiariodesanpedro.com.ar\/sitio\/wp-content\/uploads\/2022\/10\/WhatsApp-Image-2022-10-31-at-09.27.47.jpeg\" data-orig-size=\"720,510\" data-comments-opened=\"0\" data-image-meta=\"{&quot;aperture&quot;:&quot;0&quot;,&quot;credit&quot;:&quot;&quot;,&quot;camera&quot;:&quot;&quot;,&quot;caption&quot;:&quot;&quot;,&quot;created_timestamp&quot;:&quot;0&quot;,&quot;copyright&quot;:&quot;&quot;,&quot;focal_length&quot;:&quot;0&quot;,&quot;iso&quot;:&quot;0&quot;,&quot;shutter_speed&quot;:&quot;0&quot;,&quot;title&quot;:&quot;&quot;,&quot;orientation&quot;:&quot;0&quot;}\" data-image-title=\"WhatsApp Image 2022-10-31 at 09.27.47\" data-image-description=\"\" data-image-caption=\"\" data-large-file=\"https:\/\/eldiariodesanpedro.com.ar\/sitio\/wp-content\/uploads\/2022\/10\/WhatsApp-Image-2022-10-31-at-09.27.47.jpeg\" data-src=\"https:\/\/eldiariodesanpedro.com.ar\/sitio\/wp-content\/uploads\/2022\/10\/WhatsApp-Image-2022-10-31-at-09.27.47.jpeg\" alt=\"\" class=\"wp-image-111906 lazyload\" data-srcset=\"https:\/\/eldiariodesanpedro.com.ar\/sitio\/wp-content\/uploads\/2022\/10\/WhatsApp-Image-2022-10-31-at-09.27.47.jpeg 720w, https:\/\/eldiariodesanpedro.com.ar\/sitio\/wp-content\/uploads\/2022\/10\/WhatsApp-Image-2022-10-31-at-09.27.47-300x213.jpeg 300w\" data-sizes=\"(max-width: 720px) 100vw, 720px\" src=\"data:image\/svg+xml;base64,PHN2ZyB3aWR0aD0iMSIgaGVpZ2h0PSIxIiB4bWxucz0iaHR0cDovL3d3dy53My5vcmcvMjAwMC9zdmciPjwvc3ZnPg==\" style=\"--smush-placeholder-width: 720px; --smush-placeholder-aspect-ratio: 720\/510;\" \/><\/figure>\n\n\n\n<figure class=\"wp-block-image size-full\"><img decoding=\"async\" width=\"650\" height=\"537\" data-attachment-id=\"111907\" data-permalink=\"https:\/\/eldiariodesanpedro.com.ar\/sitio\/historica-representacion-sampedrina-en-los-juegos-nacionales-evita\/whatsapp-image-2022-10-31-at-09-27-48\/\" data-orig-file=\"https:\/\/eldiariodesanpedro.com.ar\/sitio\/wp-content\/uploads\/2022\/10\/WhatsApp-Image-2022-10-31-at-09.27.48.jpeg\" data-orig-size=\"650,537\" data-comments-opened=\"0\" data-image-meta=\"{&quot;aperture&quot;:&quot;0&quot;,&quot;credit&quot;:&quot;&quot;,&quot;camera&quot;:&quot;&quot;,&quot;caption&quot;:&quot;&quot;,&quot;created_timestamp&quot;:&quot;0&quot;,&quot;copyright&quot;:&quot;&quot;,&quot;focal_length&quot;:&quot;0&quot;,&quot;iso&quot;:&quot;0&quot;,&quot;shutter_speed&quot;:&quot;0&quot;,&quot;title&quot;:&quot;&quot;,&quot;orientation&quot;:&quot;0&quot;}\" data-image-title=\"WhatsApp Image 2022-10-31 at 09.27.48\" data-image-description=\"\" data-image-caption=\"\" data-large-file=\"https:\/\/eldiariodesanpedro.com.ar\/sitio\/wp-content\/uploads\/2022\/10\/WhatsApp-Image-2022-10-31-at-09.27.48.jpeg\" data-src=\"https:\/\/eldiariodesanpedro.com.ar\/sitio\/wp-content\/uploads\/2022\/10\/WhatsApp-Image-2022-10-31-at-09.27.48.jpeg\" alt=\"\" class=\"wp-image-111907 lazyload\" data-srcset=\"https:\/\/eldiariodesanpedro.com.ar\/sitio\/wp-content\/uploads\/2022\/10\/WhatsApp-Image-2022-10-31-at-09.27.48.jpeg 650w, https:\/\/eldiariodesanpedro.com.ar\/sitio\/wp-content\/uploads\/2022\/10\/WhatsApp-Image-2022-10-31-at-09.27.48-300x248.jpeg 300w\" data-sizes=\"(max-width: 650px) 100vw, 650px\" src=\"data:image\/svg+xml;base64,PHN2ZyB3aWR0aD0iMSIgaGVpZ2h0PSIxIiB4bWxucz0iaHR0cDovL3d3dy53My5vcmcvMjAwMC9zdmciPjwvc3ZnPg==\" style=\"--smush-placeholder-width: 650px; --smush-placeholder-aspect-ratio: 650\/537;\" \/><\/figure>\n","protected":false},"excerpt":{"rendered":"<p>Este fin de semana finaliz\u00f3 la participaci\u00f3n de los representantes sampedrinos en los Juegos Nacionales Evita Juveniles realizando una hist\u00f3rica actuaci\u00f3n en las tres actividades que contaron con deportistas de nuestra ciudad representando a la provincia de Buenos Aires a nivel nacional y alcanzando la medalla de bronce en Futsal. El equipo de Futsal coron\u00f3 [&hellip;]<\/p>\n","protected":false},"author":4,"featured_media":111905,"comment_status":"closed","ping_status":"closed","sticky":false,"template":"","format":"standard","meta":{"om_disable_all_campaigns":false,"_jetpack_memberships_contains_paid_content":false,"footnotes":""},"categories":[50,101,2],"tags":[197,3126,696,33,19],"class_list":["post-111904","post","type-post","status-publish","format-standard","has-post-thumbnail","hentry","category-destacadas","category-interes-general-locales","category-locales","tag-buenos-aires","tag-historica-representacion-sampedrina-en-los-juegos-nacionales-evita","tag-interes-general","tag-locales","tag-san-pedro"],"aioseo_notices":[],"gutentor_comment":0,"jetpack_featured_media_url":"https:\/\/eldiariodesanpedro.com.ar\/sitio\/wp-content\/uploads\/2022\/10\/WhatsApp-Image-2022-10-31-at-09.27.46.jpeg","jetpack_shortlink":"https:\/\/wp.me\/p6RhLt-t6U","jetpack_sharing_enabled":true,"_links":{"self":[{"href":"https:\/\/eldiariodesanpedro.com.ar\/sitio\/wp-json\/wp\/v2\/posts\/111904","targetHints":{"allow":["GET"]}}],"collection":[{"href":"https:\/\/eldiariodesanpedro.com.ar\/sitio\/wp-json\/wp\/v2\/posts"}],"about":[{"href":"https:\/\/eldiariodesanpedro.com.ar\/sitio\/wp-json\/wp\/v2\/types\/post"}],"author":[{"embeddable":true,"href":"https:\/\/eldiariodesanpedro.com.ar\/sitio\/wp-json\/wp\/v2\/users\/4"}],"replies":[{"embeddable":true,"href":"https:\/\/eldiariodesanpedro.com.ar\/sitio\/wp-json\/wp\/v2\/comments?post=111904"}],"version-history":[{"count":1,"href":"https:\/\/eldiariodesanpedro.com.ar\/sitio\/wp-json\/wp\/v2\/posts\/111904\/revisions"}],"predecessor-version":[{"id":111908,"href":"https:\/\/eldiariodesanpedro.com.ar\/sitio\/wp-json\/wp\/v2\/posts\/111904\/revisions\/111908"}],"wp:featuredmedia":[{"embeddable":true,"href":"https:\/\/eldiariodesanpedro.com.ar\/sitio\/wp-json\/wp\/v2\/media\/111905"}],"wp:attachment":[{"href":"https:\/\/eldiariodesanpedro.com.ar\/sitio\/wp-json\/wp\/v2\/media?parent=111904"}],"wp:term":[{"taxonomy":"category","embeddable":true,"href":"https:\/\/eldiariodesanpedro.com.ar\/sitio\/wp-json\/wp\/v2\/categories?post=111904"},{"taxonomy":"post_tag","embeddable":true,"href":"https:\/\/eldiariodesanpedro.com.ar\/sitio\/wp-json\/wp\/v2\/tags?post=111904"}],"curies":[{"name":"wp","href":"https:\/\/api.w.org\/{rel}","templated":true}]}}