{"id":111887,"date":"2022-10-31T10:07:59","date_gmt":"2022-10-31T13:07:59","guid":{"rendered":"https:\/\/eldiariodesanpedro.com.ar\/sitio\/?p=111887"},"modified":"2022-10-31T10:08:00","modified_gmt":"2022-10-31T13:08:00","slug":"mas-de-400-participantes-en-la-jornada-de-sensibilizacion-por-la-ley-micaela","status":"publish","type":"post","link":"https:\/\/eldiariodesanpedro.com.ar\/sitio\/mas-de-400-participantes-en-la-jornada-de-sensibilizacion-por-la-ley-micaela\/","title":{"rendered":"M\u00e1s de 400 participantes en la Jornada de Sensibilizaci\u00f3n por la \u00abLey Micaela\u00bb"},"content":{"rendered":"<!-- VideographyWP Plugin Message: Automatic video embedding prevented by plugin options. -->\n\n<p>La Municipalidad de San Pedro, a trav\u00e9s de la Secretar\u00eda de Salud y la Secretar\u00eda de Pol\u00edticas de G\u00e9nero, Mujeres y Diversidad, concretaron este viernes una jornada de sensibilizaci\u00f3n en el marco de la Ley Micaela, a cargo de Andrea Lezcano y N\u00e9stor \u00abYuyo\u00bb Garc\u00eda, presidenta y vicepresidente de la Fundaci\u00f3n Micaela Garc\u00eda, respectivamente.<\/p>\n\n\n\n<p>M\u00e1s de 400 personas concurrieron al encuentro en el gimnasio de Paran\u00e1 F\u00fatbol Club que se abri\u00f3 con una charla a cargo de la Licenciada Gabriela Leder Kremer.<\/p>\n\n\n\n<p>De la actividad fueron part\u00edcipes, el Secretario de Gobierno Mart\u00edn Baraybar, la Secretaria de Pol\u00edticas de G\u00e9nero, Mujeres y Diversidad Laura Monfasani, el Secretario de Salud Dr. Pablo Pichioni y el Subsecretario de Salud Dr. Gabriel Sayago, quienes estuvieron a cargo de la presentaci\u00f3n de la jornada, inscripta dentro del Programa de Actualizaci\u00f3n Primaria de la Salud que as\u00ed complet\u00f3 con este su octavo encuentro.<\/p>\n\n\n\n<p>La Ley 27499, m\u00e1s conocida como Ley Micaela, fue sancionada el 10 de enero de 2019. Establece la capacitaci\u00f3n obligatoria en g\u00e9nero y violencia de g\u00e9nero para todas las personas que se desempe\u00f1an en la funci\u00f3n p\u00fablica, en los poderes Ejecutivo, Legislativo y Judicial.<\/p>\n\n\n\n<p>La normativa fue impulsada tras el femicidio de Micaela Garc\u00eda, ocurrido en la localidad de Gualeguay, provincia de Entre R\u00edos, en abril de 2017. El asesino, Sebasti\u00e1n Jos\u00e9 Luis Wagner, era un ex convicto por delitos de violaci\u00f3n que hab\u00eda sido condenado a 9 a\u00f1os de prisi\u00f3n, pero gozaba de beneficio de libertad condicional.<\/p>\n\n\n\n<p>Tambi\u00e9n acompa\u00f1aron este encuentro la presidenta en funciones del Concejo Deliberante, Rita Leguizam\u00f3n; concejales del bloque Frente de Todos, encabezados por su presidente Juan Cruz Gonz\u00e1lez; el director de Ambiente Gustavo Sol\u00e1 y autoridades de Educaci\u00f3n.<\/p>\n\n\n\n<figure class=\"wp-block-image size-full\"><img decoding=\"async\" width=\"945\" height=\"630\" data-attachment-id=\"111889\" data-permalink=\"https:\/\/eldiariodesanpedro.com.ar\/sitio\/mas-de-400-participantes-en-la-jornada-de-sensibilizacion-por-la-ley-micaela\/whatsapp-image-2022-10-29-at-13-51-01\/\" data-orig-file=\"https:\/\/eldiariodesanpedro.com.ar\/sitio\/wp-content\/uploads\/2022\/10\/WhatsApp-Image-2022-10-29-at-13.51.01.jpeg\" data-orig-size=\"945,630\" data-comments-opened=\"0\" data-image-meta=\"{&quot;aperture&quot;:&quot;0&quot;,&quot;credit&quot;:&quot;&quot;,&quot;camera&quot;:&quot;&quot;,&quot;caption&quot;:&quot;&quot;,&quot;created_timestamp&quot;:&quot;0&quot;,&quot;copyright&quot;:&quot;&quot;,&quot;focal_length&quot;:&quot;0&quot;,&quot;iso&quot;:&quot;0&quot;,&quot;shutter_speed&quot;:&quot;0&quot;,&quot;title&quot;:&quot;&quot;,&quot;orientation&quot;:&quot;0&quot;}\" data-image-title=\"WhatsApp Image 2022-10-29 at 13.51.01\" data-image-description=\"\" data-image-caption=\"\" data-large-file=\"https:\/\/eldiariodesanpedro.com.ar\/sitio\/wp-content\/uploads\/2022\/10\/WhatsApp-Image-2022-10-29-at-13.51.01.jpeg\" data-src=\"https:\/\/eldiariodesanpedro.com.ar\/sitio\/wp-content\/uploads\/2022\/10\/WhatsApp-Image-2022-10-29-at-13.51.01.jpeg\" alt=\"\" class=\"wp-image-111889 lazyload\" data-srcset=\"https:\/\/eldiariodesanpedro.com.ar\/sitio\/wp-content\/uploads\/2022\/10\/WhatsApp-Image-2022-10-29-at-13.51.01.jpeg 945w, https:\/\/eldiariodesanpedro.com.ar\/sitio\/wp-content\/uploads\/2022\/10\/WhatsApp-Image-2022-10-29-at-13.51.01-300x200.jpeg 300w, https:\/\/eldiariodesanpedro.com.ar\/sitio\/wp-content\/uploads\/2022\/10\/WhatsApp-Image-2022-10-29-at-13.51.01-768x512.jpeg 768w\" data-sizes=\"(max-width: 945px) 100vw, 945px\" src=\"data:image\/svg+xml;base64,PHN2ZyB3aWR0aD0iMSIgaGVpZ2h0PSIxIiB4bWxucz0iaHR0cDovL3d3dy53My5vcmcvMjAwMC9zdmciPjwvc3ZnPg==\" style=\"--smush-placeholder-width: 945px; --smush-placeholder-aspect-ratio: 945\/630;\" \/><\/figure>\n\n\n\n<figure class=\"wp-block-image size-full\"><img decoding=\"async\" width=\"945\" height=\"630\" data-attachment-id=\"111891\" data-permalink=\"https:\/\/eldiariodesanpedro.com.ar\/sitio\/mas-de-400-participantes-en-la-jornada-de-sensibilizacion-por-la-ley-micaela\/whatsapp-image-2022-10-29-at-13-51-07\/\" data-orig-file=\"https:\/\/eldiariodesanpedro.com.ar\/sitio\/wp-content\/uploads\/2022\/10\/WhatsApp-Image-2022-10-29-at-13.51.07.jpeg\" data-orig-size=\"945,630\" data-comments-opened=\"0\" data-image-meta=\"{&quot;aperture&quot;:&quot;0&quot;,&quot;credit&quot;:&quot;&quot;,&quot;camera&quot;:&quot;&quot;,&quot;caption&quot;:&quot;&quot;,&quot;created_timestamp&quot;:&quot;0&quot;,&quot;copyright&quot;:&quot;&quot;,&quot;focal_length&quot;:&quot;0&quot;,&quot;iso&quot;:&quot;0&quot;,&quot;shutter_speed&quot;:&quot;0&quot;,&quot;title&quot;:&quot;&quot;,&quot;orientation&quot;:&quot;0&quot;}\" data-image-title=\"WhatsApp Image 2022-10-29 at 13.51.07\" data-image-description=\"\" data-image-caption=\"\" data-large-file=\"https:\/\/eldiariodesanpedro.com.ar\/sitio\/wp-content\/uploads\/2022\/10\/WhatsApp-Image-2022-10-29-at-13.51.07.jpeg\" data-src=\"https:\/\/eldiariodesanpedro.com.ar\/sitio\/wp-content\/uploads\/2022\/10\/WhatsApp-Image-2022-10-29-at-13.51.07.jpeg\" alt=\"\" class=\"wp-image-111891 lazyload\" data-srcset=\"https:\/\/eldiariodesanpedro.com.ar\/sitio\/wp-content\/uploads\/2022\/10\/WhatsApp-Image-2022-10-29-at-13.51.07.jpeg 945w, https:\/\/eldiariodesanpedro.com.ar\/sitio\/wp-content\/uploads\/2022\/10\/WhatsApp-Image-2022-10-29-at-13.51.07-300x200.jpeg 300w, https:\/\/eldiariodesanpedro.com.ar\/sitio\/wp-content\/uploads\/2022\/10\/WhatsApp-Image-2022-10-29-at-13.51.07-768x512.jpeg 768w\" data-sizes=\"(max-width: 945px) 100vw, 945px\" src=\"data:image\/svg+xml;base64,PHN2ZyB3aWR0aD0iMSIgaGVpZ2h0PSIxIiB4bWxucz0iaHR0cDovL3d3dy53My5vcmcvMjAwMC9zdmciPjwvc3ZnPg==\" style=\"--smush-placeholder-width: 945px; --smush-placeholder-aspect-ratio: 945\/630;\" \/><\/figure>\n\n\n\n<figure class=\"wp-block-image size-full\"><img decoding=\"async\" width=\"945\" height=\"630\" data-attachment-id=\"111893\" data-permalink=\"https:\/\/eldiariodesanpedro.com.ar\/sitio\/mas-de-400-participantes-en-la-jornada-de-sensibilizacion-por-la-ley-micaela\/whatsapp-image-2022-10-29-at-13-51-09\/\" data-orig-file=\"https:\/\/eldiariodesanpedro.com.ar\/sitio\/wp-content\/uploads\/2022\/10\/WhatsApp-Image-2022-10-29-at-13.51.09.jpeg\" data-orig-size=\"945,630\" data-comments-opened=\"0\" data-image-meta=\"{&quot;aperture&quot;:&quot;0&quot;,&quot;credit&quot;:&quot;&quot;,&quot;camera&quot;:&quot;&quot;,&quot;caption&quot;:&quot;&quot;,&quot;created_timestamp&quot;:&quot;0&quot;,&quot;copyright&quot;:&quot;&quot;,&quot;focal_length&quot;:&quot;0&quot;,&quot;iso&quot;:&quot;0&quot;,&quot;shutter_speed&quot;:&quot;0&quot;,&quot;title&quot;:&quot;&quot;,&quot;orientation&quot;:&quot;0&quot;}\" data-image-title=\"WhatsApp Image 2022-10-29 at 13.51.09\" data-image-description=\"\" data-image-caption=\"\" data-large-file=\"https:\/\/eldiariodesanpedro.com.ar\/sitio\/wp-content\/uploads\/2022\/10\/WhatsApp-Image-2022-10-29-at-13.51.09.jpeg\" data-src=\"https:\/\/eldiariodesanpedro.com.ar\/sitio\/wp-content\/uploads\/2022\/10\/WhatsApp-Image-2022-10-29-at-13.51.09.jpeg\" alt=\"\" class=\"wp-image-111893 lazyload\" data-srcset=\"https:\/\/eldiariodesanpedro.com.ar\/sitio\/wp-content\/uploads\/2022\/10\/WhatsApp-Image-2022-10-29-at-13.51.09.jpeg 945w, https:\/\/eldiariodesanpedro.com.ar\/sitio\/wp-content\/uploads\/2022\/10\/WhatsApp-Image-2022-10-29-at-13.51.09-300x200.jpeg 300w, https:\/\/eldiariodesanpedro.com.ar\/sitio\/wp-content\/uploads\/2022\/10\/WhatsApp-Image-2022-10-29-at-13.51.09-768x512.jpeg 768w\" data-sizes=\"(max-width: 945px) 100vw, 945px\" src=\"data:image\/svg+xml;base64,PHN2ZyB3aWR0aD0iMSIgaGVpZ2h0PSIxIiB4bWxucz0iaHR0cDovL3d3dy53My5vcmcvMjAwMC9zdmciPjwvc3ZnPg==\" style=\"--smush-placeholder-width: 945px; --smush-placeholder-aspect-ratio: 945\/630;\" \/><\/figure>\n","protected":false},"excerpt":{"rendered":"<p>La Municipalidad de San Pedro, a trav\u00e9s de la Secretar\u00eda de Salud y la Secretar\u00eda de Pol\u00edticas de G\u00e9nero, Mujeres y Diversidad, concretaron este viernes una jornada de sensibilizaci\u00f3n en el marco de la Ley Micaela, a cargo de Andrea Lezcano y N\u00e9stor \u00abYuyo\u00bb Garc\u00eda, presidenta y vicepresidente de la Fundaci\u00f3n Micaela Garc\u00eda, respectivamente. M\u00e1s [&hellip;]<\/p>\n","protected":false},"author":4,"featured_media":111888,"comment_status":"closed","ping_status":"closed","sticky":false,"template":"","format":"standard","meta":{"om_disable_all_campaigns":false,"_jetpack_memberships_contains_paid_content":false,"footnotes":""},"categories":[50,101,2],"tags":[197,696,33,3125,19],"class_list":["post-111887","post","type-post","status-publish","format-standard","has-post-thumbnail","hentry","category-destacadas","category-interes-general-locales","category-locales","tag-buenos-aires","tag-interes-general","tag-locales","tag-mas-de-400-participantes-en-la-jornada-de-sensibilizacion-por-la-ley-micaela","tag-san-pedro"],"aioseo_notices":[],"gutentor_comment":0,"jetpack_featured_media_url":"https:\/\/eldiariodesanpedro.com.ar\/sitio\/wp-content\/uploads\/2022\/10\/WhatsApp-Image-2022-10-29-at-13.51.01-1.jpeg","jetpack_shortlink":"https:\/\/wp.me\/p6RhLt-t6D","jetpack_sharing_enabled":true,"_links":{"self":[{"href":"https:\/\/eldiariodesanpedro.com.ar\/sitio\/wp-json\/wp\/v2\/posts\/111887","targetHints":{"allow":["GET"]}}],"collection":[{"href":"https:\/\/eldiariodesanpedro.com.ar\/sitio\/wp-json\/wp\/v2\/posts"}],"about":[{"href":"https:\/\/eldiariodesanpedro.com.ar\/sitio\/wp-json\/wp\/v2\/types\/post"}],"author":[{"embeddable":true,"href":"https:\/\/eldiariodesanpedro.com.ar\/sitio\/wp-json\/wp\/v2\/users\/4"}],"replies":[{"embeddable":true,"href":"https:\/\/eldiariodesanpedro.com.ar\/sitio\/wp-json\/wp\/v2\/comments?post=111887"}],"version-history":[{"count":1,"href":"https:\/\/eldiariodesanpedro.com.ar\/sitio\/wp-json\/wp\/v2\/posts\/111887\/revisions"}],"predecessor-version":[{"id":111896,"href":"https:\/\/eldiariodesanpedro.com.ar\/sitio\/wp-json\/wp\/v2\/posts\/111887\/revisions\/111896"}],"wp:featuredmedia":[{"embeddable":true,"href":"https:\/\/eldiariodesanpedro.com.ar\/sitio\/wp-json\/wp\/v2\/media\/111888"}],"wp:attachment":[{"href":"https:\/\/eldiariodesanpedro.com.ar\/sitio\/wp-json\/wp\/v2\/media?parent=111887"}],"wp:term":[{"taxonomy":"category","embeddable":true,"href":"https:\/\/eldiariodesanpedro.com.ar\/sitio\/wp-json\/wp\/v2\/categories?post=111887"},{"taxonomy":"post_tag","embeddable":true,"href":"https:\/\/eldiariodesanpedro.com.ar\/sitio\/wp-json\/wp\/v2\/tags?post=111887"}],"curies":[{"name":"wp","href":"https:\/\/api.w.org\/{rel}","templated":true}]}}