{"id":111879,"date":"2022-10-31T09:46:25","date_gmt":"2022-10-31T12:46:25","guid":{"rendered":"https:\/\/eldiariodesanpedro.com.ar\/sitio\/?p=111879"},"modified":"2022-10-31T09:46:26","modified_gmt":"2022-10-31T12:46:26","slug":"nuevos-cursos-para-el-centro-de-formacion-laboral","status":"publish","type":"post","link":"https:\/\/eldiariodesanpedro.com.ar\/sitio\/nuevos-cursos-para-el-centro-de-formacion-laboral\/","title":{"rendered":"Nuevos cursos para el Centro de Formaci\u00f3n Laboral"},"content":{"rendered":"<!-- VideographyWP Plugin Message: Automatic video embedding prevented by plugin options. -->\n\n<p>El pasado jueves se llev\u00f3 a cabo la firma de los avales de oferta educativa para el a\u00f1o 2023 de los Centros de Formaci\u00f3n Laboral de distrito San Pedro a trav\u00e9s de una reuni\u00f3n presidida por la Jefa Distrital de Educaci\u00f3n Lic. Marcela Luchessi y el Secretario Coordinador del Consejo Provincial de Educaci\u00f3n y Trabajo Prof. Alan Ocampo.<\/p>\n\n\n\n<p>En esta instancia, luego de que cada Centro de Formaci\u00f3n Laboral haya presentado su propuesta de cursos para el a\u00f1o 2023 ante el Instituto Provincial de Formaci\u00f3n Laboral (IPFL) y habi\u00e9ndose aprobado, se requiere del aval de Consejo Provincial de Educaci\u00f3n y Trabajo y de la Jefatura Distrital de Educaci\u00f3n para incorporarse a la oferta educativa de cada CFL.<\/p>\n\n\n\n<p>Estuvieron presentes adem\u00e1s, la Coordinadora LPFL Lic. Mar\u00eda Rosa Puppo, el Director del CFL N\u00b0 401 Herman Gr\u00fcngerg, la regente del CFL N\u00b0 402 Jesica Garc\u00eda, la Directora del CFL N\u00b0 403 Gabriela Cu\u00f1er, la delegada local del Ministerio de Trabajo, Sof\u00eda Rotundo y la referente Regional del COPRET Vanesa Giorgi.<\/p>\n\n\n\n<p>Oportunamente se difundir\u00e1n los cursos y trayectos formativos que se dictar\u00e1n en el siguiente ciclo lectivo.<\/p>\n\n\n\n<figure class=\"wp-block-image size-full\"><img decoding=\"async\" width=\"858\" height=\"630\" data-attachment-id=\"111881\" data-permalink=\"https:\/\/eldiariodesanpedro.com.ar\/sitio\/nuevos-cursos-para-el-centro-de-formacion-laboral\/whatsapp-image-2022-10-28-at-12-28-54\/\" data-orig-file=\"https:\/\/eldiariodesanpedro.com.ar\/sitio\/wp-content\/uploads\/2022\/10\/WhatsApp-Image-2022-10-28-at-12.28.54.jpeg\" data-orig-size=\"858,630\" data-comments-opened=\"0\" data-image-meta=\"{&quot;aperture&quot;:&quot;0&quot;,&quot;credit&quot;:&quot;&quot;,&quot;camera&quot;:&quot;&quot;,&quot;caption&quot;:&quot;&quot;,&quot;created_timestamp&quot;:&quot;0&quot;,&quot;copyright&quot;:&quot;&quot;,&quot;focal_length&quot;:&quot;0&quot;,&quot;iso&quot;:&quot;0&quot;,&quot;shutter_speed&quot;:&quot;0&quot;,&quot;title&quot;:&quot;&quot;,&quot;orientation&quot;:&quot;0&quot;}\" data-image-title=\"WhatsApp Image 2022-10-28 at 12.28.54\" data-image-description=\"\" data-image-caption=\"\" data-large-file=\"https:\/\/eldiariodesanpedro.com.ar\/sitio\/wp-content\/uploads\/2022\/10\/WhatsApp-Image-2022-10-28-at-12.28.54.jpeg\" data-src=\"https:\/\/eldiariodesanpedro.com.ar\/sitio\/wp-content\/uploads\/2022\/10\/WhatsApp-Image-2022-10-28-at-12.28.54.jpeg\" alt=\"\" class=\"wp-image-111881 lazyload\" data-srcset=\"https:\/\/eldiariodesanpedro.com.ar\/sitio\/wp-content\/uploads\/2022\/10\/WhatsApp-Image-2022-10-28-at-12.28.54.jpeg 858w, https:\/\/eldiariodesanpedro.com.ar\/sitio\/wp-content\/uploads\/2022\/10\/WhatsApp-Image-2022-10-28-at-12.28.54-300x220.jpeg 300w, https:\/\/eldiariodesanpedro.com.ar\/sitio\/wp-content\/uploads\/2022\/10\/WhatsApp-Image-2022-10-28-at-12.28.54-768x564.jpeg 768w\" data-sizes=\"(max-width: 858px) 100vw, 858px\" src=\"data:image\/svg+xml;base64,PHN2ZyB3aWR0aD0iMSIgaGVpZ2h0PSIxIiB4bWxucz0iaHR0cDovL3d3dy53My5vcmcvMjAwMC9zdmciPjwvc3ZnPg==\" style=\"--smush-placeholder-width: 858px; --smush-placeholder-aspect-ratio: 858\/630;\" \/><\/figure>\n","protected":false},"excerpt":{"rendered":"<p>El pasado jueves se llev\u00f3 a cabo la firma de los avales de oferta educativa para el a\u00f1o 2023 de los Centros de Formaci\u00f3n Laboral de distrito San Pedro a trav\u00e9s de una reuni\u00f3n presidida por la Jefa Distrital de Educaci\u00f3n Lic. Marcela Luchessi y el Secretario Coordinador del Consejo Provincial de Educaci\u00f3n y Trabajo [&hellip;]<\/p>\n","protected":false},"author":4,"featured_media":111880,"comment_status":"closed","ping_status":"closed","sticky":false,"template":"","format":"standard","meta":{"om_disable_all_campaigns":false,"_jetpack_memberships_contains_paid_content":false,"footnotes":""},"categories":[101,2],"tags":[197,33,3124],"class_list":["post-111879","post","type-post","status-publish","format-standard","has-post-thumbnail","hentry","category-interes-general-locales","category-locales","tag-buenos-aires","tag-locales","tag-nuevos-cursos-para-el-centro-de-formacion-laboral"],"aioseo_notices":[],"gutentor_comment":0,"jetpack_featured_media_url":"https:\/\/eldiariodesanpedro.com.ar\/sitio\/wp-content\/uploads\/2022\/10\/WhatsApp-Image-2022-10-28-at-12.28.53.jpeg","jetpack_shortlink":"https:\/\/wp.me\/p6RhLt-t6v","jetpack_sharing_enabled":true,"_links":{"self":[{"href":"https:\/\/eldiariodesanpedro.com.ar\/sitio\/wp-json\/wp\/v2\/posts\/111879","targetHints":{"allow":["GET"]}}],"collection":[{"href":"https:\/\/eldiariodesanpedro.com.ar\/sitio\/wp-json\/wp\/v2\/posts"}],"about":[{"href":"https:\/\/eldiariodesanpedro.com.ar\/sitio\/wp-json\/wp\/v2\/types\/post"}],"author":[{"embeddable":true,"href":"https:\/\/eldiariodesanpedro.com.ar\/sitio\/wp-json\/wp\/v2\/users\/4"}],"replies":[{"embeddable":true,"href":"https:\/\/eldiariodesanpedro.com.ar\/sitio\/wp-json\/wp\/v2\/comments?post=111879"}],"version-history":[{"count":1,"href":"https:\/\/eldiariodesanpedro.com.ar\/sitio\/wp-json\/wp\/v2\/posts\/111879\/revisions"}],"predecessor-version":[{"id":111882,"href":"https:\/\/eldiariodesanpedro.com.ar\/sitio\/wp-json\/wp\/v2\/posts\/111879\/revisions\/111882"}],"wp:featuredmedia":[{"embeddable":true,"href":"https:\/\/eldiariodesanpedro.com.ar\/sitio\/wp-json\/wp\/v2\/media\/111880"}],"wp:attachment":[{"href":"https:\/\/eldiariodesanpedro.com.ar\/sitio\/wp-json\/wp\/v2\/media?parent=111879"}],"wp:term":[{"taxonomy":"category","embeddable":true,"href":"https:\/\/eldiariodesanpedro.com.ar\/sitio\/wp-json\/wp\/v2\/categories?post=111879"},{"taxonomy":"post_tag","embeddable":true,"href":"https:\/\/eldiariodesanpedro.com.ar\/sitio\/wp-json\/wp\/v2\/tags?post=111879"}],"curies":[{"name":"wp","href":"https:\/\/api.w.org\/{rel}","templated":true}]}}