{"id":111873,"date":"2022-10-28T16:51:56","date_gmt":"2022-10-28T19:51:56","guid":{"rendered":"https:\/\/eldiariodesanpedro.com.ar\/sitio\/?p=111873"},"modified":"2022-10-28T16:51:57","modified_gmt":"2022-10-28T19:51:57","slug":"edicto-de-apertura-del-concurso-preventivo-de-marocchi-mariano-alejandro","status":"publish","type":"post","link":"https:\/\/eldiariodesanpedro.com.ar\/sitio\/edicto-de-apertura-del-concurso-preventivo-de-marocchi-mariano-alejandro\/","title":{"rendered":"Edicto de apertura del concurso preventivo de Marocchi Mariano Alejandro"},"content":{"rendered":"<!-- VideographyWP Plugin Message: Automatic video embedding prevented by plugin options. -->\n\n<p>Se comunica por el plazo de 5 d\u00edas que en fecha 13\/10\/2022 se ha ordenado la apertura del concurso preventivo de <strong>Marocchi Mariano Alejandro<\/strong>, argentino, DNI N\u00b0 27.307.623, CUIT: 23-27307623-9, casado, comerciante, domiciliado en calle 25 de Mayo 2620 de San Pedro, Pcia. de Bs. As. Se fija hasta el d\u00eda 27\/12\/2022, a fin de que los acreedores presenten la correspondiente verificaci\u00f3n de cr\u00e9ditos por ante la S\u00edndico Contadora Bianchi Mar\u00eda Julia con domicilio sito en calle Lavalle N\u00b0 366 Planta Alta de la ciudad de San Nicol\u00e1s de los Arroyos Pcia. de Bs.As, de lunes a viernes de 8.00 hs a 12.00 hs; y de 17.00 hs a 20.00 hs. Se fijan fechas: Informes individuales 13\/03\/2023; Informe General 26\/04\/2022. San Nicol\u00e1s, de de 2022.-<\/p>\n\n\n\n<p>BLUHN LEONARDO <br>AUXILIAR LETRADO<\/p>\n\n\n\n<p>(Publicaci\u00f3n V\u00e1lida por tres d\u00edas desde el 28 de octubre al 01 de noviembre de 2022)<br><a href=\"https:\/\/notificaciones.scba.gov.ar\/verificarnotificacion.aspx?codNotif=32FK0R\">https:\/\/notificaciones.scba.gov.ar\/verificarnotificacion.aspx?codNotif=32FK0R<\/a><\/p>\n","protected":false},"excerpt":{"rendered":"<p>Se comunica por el plazo de 5 d\u00edas que en fecha 13\/10\/2022 se ha ordenado la apertura del concurso preventivo de Marocchi Mariano Alejandro, argentino, DNI N\u00b0 27.307.623, CUIT: 23-27307623-9, casado, comerciante, domiciliado en calle 25 de Mayo 2620 de San Pedro, Pcia. de Bs. As. Se fija hasta el d\u00eda 27\/12\/2022, a fin de [&hellip;]<\/p>\n","protected":false},"author":4,"featured_media":102746,"comment_status":"closed","ping_status":"closed","sticky":false,"template":"","format":"standard","meta":{"om_disable_all_campaigns":false,"_jetpack_memberships_contains_paid_content":false,"footnotes":""},"categories":[676,1124],"tags":[197,1121,3122,1355,33,19],"class_list":["post-111873","post","type-post","status-publish","format-standard","has-post-thumbnail","hentry","category-edictos","category-edictos-especiales","tag-buenos-aires","tag-edicto","tag-edicto-de-apertura-del-concurso-preventivo-de-marocchi-mariano-alejandro","tag-judiciales","tag-locales","tag-san-pedro"],"aioseo_notices":[],"gutentor_comment":0,"jetpack_featured_media_url":"https:\/\/eldiariodesanpedro.com.ar\/sitio\/wp-content\/uploads\/2022\/01\/EDICTO.jpg","jetpack_shortlink":"https:\/\/wp.me\/p6RhLt-t6p","jetpack_sharing_enabled":true,"_links":{"self":[{"href":"https:\/\/eldiariodesanpedro.com.ar\/sitio\/wp-json\/wp\/v2\/posts\/111873","targetHints":{"allow":["GET"]}}],"collection":[{"href":"https:\/\/eldiariodesanpedro.com.ar\/sitio\/wp-json\/wp\/v2\/posts"}],"about":[{"href":"https:\/\/eldiariodesanpedro.com.ar\/sitio\/wp-json\/wp\/v2\/types\/post"}],"author":[{"embeddable":true,"href":"https:\/\/eldiariodesanpedro.com.ar\/sitio\/wp-json\/wp\/v2\/users\/4"}],"replies":[{"embeddable":true,"href":"https:\/\/eldiariodesanpedro.com.ar\/sitio\/wp-json\/wp\/v2\/comments?post=111873"}],"version-history":[{"count":1,"href":"https:\/\/eldiariodesanpedro.com.ar\/sitio\/wp-json\/wp\/v2\/posts\/111873\/revisions"}],"predecessor-version":[{"id":111874,"href":"https:\/\/eldiariodesanpedro.com.ar\/sitio\/wp-json\/wp\/v2\/posts\/111873\/revisions\/111874"}],"wp:featuredmedia":[{"embeddable":true,"href":"https:\/\/eldiariodesanpedro.com.ar\/sitio\/wp-json\/wp\/v2\/media\/102746"}],"wp:attachment":[{"href":"https:\/\/eldiariodesanpedro.com.ar\/sitio\/wp-json\/wp\/v2\/media?parent=111873"}],"wp:term":[{"taxonomy":"category","embeddable":true,"href":"https:\/\/eldiariodesanpedro.com.ar\/sitio\/wp-json\/wp\/v2\/categories?post=111873"},{"taxonomy":"post_tag","embeddable":true,"href":"https:\/\/eldiariodesanpedro.com.ar\/sitio\/wp-json\/wp\/v2\/tags?post=111873"}],"curies":[{"name":"wp","href":"https:\/\/api.w.org\/{rel}","templated":true}]}}