{"id":111870,"date":"2022-10-28T16:42:49","date_gmt":"2022-10-28T19:42:49","guid":{"rendered":"https:\/\/eldiariodesanpedro.com.ar\/sitio\/?p=111870"},"modified":"2022-10-28T16:42:51","modified_gmt":"2022-10-28T19:42:51","slug":"nuevo-caso-de-violencia-de-genero-un-joven-golpeo-a-su-ex-pareja","status":"publish","type":"post","link":"https:\/\/eldiariodesanpedro.com.ar\/sitio\/nuevo-caso-de-violencia-de-genero-un-joven-golpeo-a-su-ex-pareja\/","title":{"rendered":"Nuevo caso de violencia de genero, un joven golpeo a su ex pareja"},"content":{"rendered":"<!-- VideographyWP Plugin Message: Automatic video embedding prevented by plugin options. -->\n\n<p>En el d\u00eda de hoy, pasadas la media noche el personal policial, acude ha llamado en calle Cruz Roja N\u00ba 2000, donde aprehende a masculino de 27 a\u00f1os quien momentos previos hab\u00eda agredido f\u00edsicamente y amenazado a su ex pareja de 20 a\u00f1os.<\/p>\n\n\n\n<p>La femenina fue asistida en la Comisaria de la mujer y la familia, la cual presentaba lesiones de car\u00e1cter leves.<\/p>\n\n\n\n<p>El agresor permanece alojado en los calabozos de esta seccional. Interviene UFI 07.-<\/p>\n","protected":false},"excerpt":{"rendered":"<p>En el d\u00eda de hoy, pasadas la media noche el personal policial, acude ha llamado en calle Cruz Roja N\u00ba 2000, donde aprehende a masculino de 27 a\u00f1os quien momentos previos hab\u00eda agredido f\u00edsicamente y amenazado a su ex pareja de 20 a\u00f1os. La femenina fue asistida en la Comisaria de la mujer y la [&hellip;]<\/p>\n","protected":false},"author":4,"featured_media":111871,"comment_status":"closed","ping_status":"closed","sticky":false,"template":"","format":"standard","meta":{"om_disable_all_campaigns":false,"_jetpack_memberships_contains_paid_content":false,"footnotes":""},"categories":[2,103],"tags":[197,696,33,19],"class_list":["post-111870","post","type-post","status-publish","format-standard","has-post-thumbnail","hentry","category-locales","category-policiales-locales","tag-buenos-aires","tag-interes-general","tag-locales","tag-san-pedro"],"aioseo_notices":[],"gutentor_comment":0,"jetpack_featured_media_url":"https:\/\/eldiariodesanpedro.com.ar\/sitio\/wp-content\/uploads\/2022\/10\/medida-17.png","jetpack_shortlink":"https:\/\/wp.me\/p6RhLt-t6m","jetpack_sharing_enabled":true,"_links":{"self":[{"href":"https:\/\/eldiariodesanpedro.com.ar\/sitio\/wp-json\/wp\/v2\/posts\/111870","targetHints":{"allow":["GET"]}}],"collection":[{"href":"https:\/\/eldiariodesanpedro.com.ar\/sitio\/wp-json\/wp\/v2\/posts"}],"about":[{"href":"https:\/\/eldiariodesanpedro.com.ar\/sitio\/wp-json\/wp\/v2\/types\/post"}],"author":[{"embeddable":true,"href":"https:\/\/eldiariodesanpedro.com.ar\/sitio\/wp-json\/wp\/v2\/users\/4"}],"replies":[{"embeddable":true,"href":"https:\/\/eldiariodesanpedro.com.ar\/sitio\/wp-json\/wp\/v2\/comments?post=111870"}],"version-history":[{"count":1,"href":"https:\/\/eldiariodesanpedro.com.ar\/sitio\/wp-json\/wp\/v2\/posts\/111870\/revisions"}],"predecessor-version":[{"id":111872,"href":"https:\/\/eldiariodesanpedro.com.ar\/sitio\/wp-json\/wp\/v2\/posts\/111870\/revisions\/111872"}],"wp:featuredmedia":[{"embeddable":true,"href":"https:\/\/eldiariodesanpedro.com.ar\/sitio\/wp-json\/wp\/v2\/media\/111871"}],"wp:attachment":[{"href":"https:\/\/eldiariodesanpedro.com.ar\/sitio\/wp-json\/wp\/v2\/media?parent=111870"}],"wp:term":[{"taxonomy":"category","embeddable":true,"href":"https:\/\/eldiariodesanpedro.com.ar\/sitio\/wp-json\/wp\/v2\/categories?post=111870"},{"taxonomy":"post_tag","embeddable":true,"href":"https:\/\/eldiariodesanpedro.com.ar\/sitio\/wp-json\/wp\/v2\/tags?post=111870"}],"curies":[{"name":"wp","href":"https:\/\/api.w.org\/{rel}","templated":true}]}}