{"id":111864,"date":"2022-10-28T16:25:28","date_gmt":"2022-10-28T19:25:28","guid":{"rendered":"https:\/\/eldiariodesanpedro.com.ar\/sitio\/?p=111864"},"modified":"2022-10-28T16:25:29","modified_gmt":"2022-10-28T19:25:29","slug":"allanamiento-y-secuestro-de-varios-elementos-que-habian-sido-robado-dias-antes","status":"publish","type":"post","link":"https:\/\/eldiariodesanpedro.com.ar\/sitio\/allanamiento-y-secuestro-de-varios-elementos-que-habian-sido-robado-dias-antes\/","title":{"rendered":"Allanamiento y secuestro de varios elementos que hab\u00edan sido robado d\u00edas antes"},"content":{"rendered":"<!-- VideographyWP Plugin Message: Automatic video embedding prevented by plugin options. -->\n\n<p>En el d\u00eda de ayer, en horas de la tarde el&nbsp;ppersonal del Grupo GTO&nbsp;luego de recabar elementos de prueba, realizo diligencia de allanamiento, &nbsp;en un domicilio ubicado en bajada del puerto, donde reside un masculino de 18 a\u00f1os.&nbsp;<\/p>\n\n\n\n<p>Arrojando resultado \u00abpositivo\u00bb donde se procedi\u00f3 al secuestro de una mesa de madera, con seis sillas de madera, un machete, una pava el\u00e9ctrica, una pala de construcci\u00f3n de hierro, y una bicicleta rodado 26 color naranja.<\/p>\n\n\n\n<p>Elementos que fueron sustra\u00eddos en un hecho de robo d\u00edas atr\u00e1s. Magistrado dispone notificaci\u00f3n del art. 60 del CPP y posteriormente el imputado recupero la libertad. Interviene UFI 7.-<\/p>\n","protected":false},"excerpt":{"rendered":"<p>En el d\u00eda de ayer, en horas de la tarde el&nbsp;ppersonal del Grupo GTO&nbsp;luego de recabar elementos de prueba, realizo diligencia de allanamiento, &nbsp;en un domicilio ubicado en bajada del puerto, donde reside un masculino de 18 a\u00f1os.&nbsp; Arrojando resultado \u00abpositivo\u00bb donde se procedi\u00f3 al secuestro de una mesa de madera, con seis sillas de [&hellip;]<\/p>\n","protected":false},"author":4,"featured_media":111865,"comment_status":"closed","ping_status":"closed","sticky":false,"template":"","format":"standard","meta":{"om_disable_all_campaigns":false,"_jetpack_memberships_contains_paid_content":false,"footnotes":""},"categories":[2,103],"tags":[],"class_list":["post-111864","post","type-post","status-publish","format-standard","has-post-thumbnail","hentry","category-locales","category-policiales-locales"],"aioseo_notices":[],"gutentor_comment":0,"jetpack_featured_media_url":"https:\/\/eldiariodesanpedro.com.ar\/sitio\/wp-content\/uploads\/2022\/10\/medida-16.png","jetpack_shortlink":"https:\/\/wp.me\/p6RhLt-t6g","jetpack_sharing_enabled":true,"_links":{"self":[{"href":"https:\/\/eldiariodesanpedro.com.ar\/sitio\/wp-json\/wp\/v2\/posts\/111864","targetHints":{"allow":["GET"]}}],"collection":[{"href":"https:\/\/eldiariodesanpedro.com.ar\/sitio\/wp-json\/wp\/v2\/posts"}],"about":[{"href":"https:\/\/eldiariodesanpedro.com.ar\/sitio\/wp-json\/wp\/v2\/types\/post"}],"author":[{"embeddable":true,"href":"https:\/\/eldiariodesanpedro.com.ar\/sitio\/wp-json\/wp\/v2\/users\/4"}],"replies":[{"embeddable":true,"href":"https:\/\/eldiariodesanpedro.com.ar\/sitio\/wp-json\/wp\/v2\/comments?post=111864"}],"version-history":[{"count":1,"href":"https:\/\/eldiariodesanpedro.com.ar\/sitio\/wp-json\/wp\/v2\/posts\/111864\/revisions"}],"predecessor-version":[{"id":111866,"href":"https:\/\/eldiariodesanpedro.com.ar\/sitio\/wp-json\/wp\/v2\/posts\/111864\/revisions\/111866"}],"wp:featuredmedia":[{"embeddable":true,"href":"https:\/\/eldiariodesanpedro.com.ar\/sitio\/wp-json\/wp\/v2\/media\/111865"}],"wp:attachment":[{"href":"https:\/\/eldiariodesanpedro.com.ar\/sitio\/wp-json\/wp\/v2\/media?parent=111864"}],"wp:term":[{"taxonomy":"category","embeddable":true,"href":"https:\/\/eldiariodesanpedro.com.ar\/sitio\/wp-json\/wp\/v2\/categories?post=111864"},{"taxonomy":"post_tag","embeddable":true,"href":"https:\/\/eldiariodesanpedro.com.ar\/sitio\/wp-json\/wp\/v2\/tags?post=111864"}],"curies":[{"name":"wp","href":"https:\/\/api.w.org\/{rel}","templated":true}]}}