{"id":111842,"date":"2022-10-28T11:19:42","date_gmt":"2022-10-28T14:19:42","guid":{"rendered":"https:\/\/eldiariodesanpedro.com.ar\/sitio\/?p=111842"},"modified":"2022-10-28T11:19:43","modified_gmt":"2022-10-28T14:19:43","slug":"cronograma-de-pago-del-mes-de-noviembre-de-anses","status":"publish","type":"post","link":"https:\/\/eldiariodesanpedro.com.ar\/sitio\/cronograma-de-pago-del-mes-de-noviembre-de-anses\/","title":{"rendered":"Cronograma de pago del mes de Noviembre de Anses"},"content":{"rendered":"<!-- VideographyWP Plugin Message: Automatic video embedding prevented by plugin options. -->\n\n<p><strong>NSES comunica los calendarios de pagos de&nbsp;<\/strong><strong>noviembre<\/strong><strong>&nbsp;para jubiladas, jubilados, pensionadas y pensionados, Pensiones No Contributivas, titulares de la Asignaci\u00f3n Universal por Hijo y la Asignaci\u00f3n por Embarazo, Asignaciones Familiares y de Pago \u00danico (Matrimonio, Nacimiento y Adopci\u00f3n) y Prestaci\u00f3n por Desempleo.<\/strong><strong><\/strong><\/p>\n\n\n\n<p><strong>Jubilaciones y pensiones que no superen un haber m\u00ednimo<\/strong><\/p>\n\n\n\n<p><strong>\u00b7&nbsp;&nbsp;&nbsp;&nbsp;&nbsp;&nbsp;&nbsp;&nbsp;<\/strong><strong>DNI terminados en 0: 8 de noviembre<\/strong><\/p>\n\n\n\n<p><strong>\u00b7&nbsp;&nbsp;&nbsp;&nbsp;&nbsp;&nbsp;&nbsp;&nbsp;<\/strong><strong>DNI terminados en 1: 9 de noviembre<\/strong><\/p>\n\n\n\n<p><strong>\u00b7&nbsp;&nbsp;&nbsp;&nbsp;&nbsp;&nbsp;&nbsp;&nbsp;<\/strong><strong>DNI terminados en 2: 10 de noviembre<\/strong><\/p>\n\n\n\n<p><strong>\u00b7&nbsp;&nbsp;&nbsp;&nbsp;&nbsp;&nbsp;&nbsp;&nbsp;<\/strong><strong>DNI terminados en 3: 11 de noviembre<\/strong><\/p>\n\n\n\n<p><strong>\u00b7&nbsp;&nbsp;&nbsp;&nbsp;&nbsp;&nbsp;&nbsp;&nbsp;<\/strong><strong>DNI terminados en 4: 14 de noviembre<\/strong><\/p>\n\n\n\n<p><strong>\u00b7&nbsp;&nbsp;&nbsp;&nbsp;&nbsp;&nbsp;&nbsp;&nbsp;<\/strong><strong>DNI terminados en 5: 15 de noviembre<\/strong><\/p>\n\n\n\n<p><strong>\u00b7&nbsp;&nbsp;&nbsp;&nbsp;&nbsp;&nbsp;&nbsp;&nbsp;<\/strong><strong>DNI terminados en 6: 16 de noviembre<\/strong><\/p>\n\n\n\n<p><strong>\u00b7&nbsp;&nbsp;&nbsp;&nbsp;&nbsp;&nbsp;&nbsp;&nbsp;<\/strong><strong>DNI terminados en 7: 17 de noviembre<\/strong><\/p>\n\n\n\n<p><strong>\u00b7&nbsp;&nbsp;&nbsp;&nbsp;&nbsp;&nbsp;&nbsp;&nbsp;<\/strong><strong>DNI terminados en 8: 18 de noviembre<\/strong><\/p>\n\n\n\n<p><strong>\u00b7&nbsp;&nbsp;&nbsp;&nbsp;&nbsp;&nbsp;&nbsp;&nbsp;<\/strong><strong>DNI terminados en 9: 22 de noviembre<\/strong><\/p>\n\n\n\n<p><strong>Jubilaciones y pensiones que superen un haber m\u00ednimo<\/strong><strong><\/strong><\/p>\n\n\n\n<p><strong>\u00b7&nbsp;&nbsp;&nbsp;&nbsp;&nbsp;&nbsp;&nbsp;&nbsp;<\/strong><strong>DNI terminados en 0 y 1: 23 de noviembre<\/strong><\/p>\n\n\n\n<p><strong>\u00b7&nbsp;&nbsp;&nbsp;&nbsp;&nbsp;&nbsp;&nbsp;&nbsp;<\/strong><strong>DNI terminados en 2 y 3: 24 de noviembre<\/strong><\/p>\n\n\n\n<p><strong>\u00b7&nbsp;&nbsp;&nbsp;&nbsp;&nbsp;&nbsp;&nbsp;&nbsp;<\/strong><strong>DNI terminados en 4 y 5: 25 de noviembre<\/strong><\/p>\n\n\n\n<p><strong>\u00b7&nbsp;&nbsp;&nbsp;&nbsp;&nbsp;&nbsp;&nbsp;&nbsp;<\/strong><strong>DNI terminados en 6 y 7: 28 de noviembre<\/strong><\/p>\n\n\n\n<p><strong>\u00b7&nbsp;&nbsp;&nbsp;&nbsp;&nbsp;&nbsp;&nbsp;&nbsp;<\/strong><strong>DNI terminados en 8 y 9: 29 de noviembre<\/strong><\/p>\n\n\n\n<p><strong>Asignaci\u00f3n Universal por Hijo y Asignaci\u00f3n Familiar por Hijo<\/strong><\/p>\n\n\n\n<p><strong>\u00b7&nbsp;&nbsp;&nbsp;&nbsp;&nbsp;&nbsp;&nbsp;&nbsp;<\/strong><strong>DNI terminados en 0: 8 de noviembre<\/strong><\/p>\n\n\n\n<p><strong>\u00b7&nbsp;&nbsp;&nbsp;&nbsp;&nbsp;&nbsp;&nbsp;&nbsp;<\/strong><strong>DNI terminados en 1: 9 de noviembre<\/strong><\/p>\n\n\n\n<p><strong>\u00b7&nbsp;&nbsp;&nbsp;&nbsp;&nbsp;&nbsp;&nbsp;&nbsp;<\/strong><strong>DNI terminados en 2: 10 de noviembre<\/strong><\/p>\n\n\n\n<p><strong>\u00b7&nbsp;&nbsp;&nbsp;&nbsp;&nbsp;&nbsp;&nbsp;&nbsp;<\/strong><strong>DNI terminados en 3: 11 de noviembre<\/strong><\/p>\n\n\n\n<p><strong>\u00b7&nbsp;&nbsp;&nbsp;&nbsp;&nbsp;&nbsp;&nbsp;&nbsp;<\/strong><strong>DNI terminados en 4: 14 de noviembre<\/strong><\/p>\n\n\n\n<p><strong>\u00b7&nbsp;&nbsp;&nbsp;&nbsp;&nbsp;&nbsp;&nbsp;&nbsp;<\/strong><strong>DNI terminados en 5: 15 de noviembre<\/strong><\/p>\n\n\n\n<p><strong>\u00b7&nbsp;&nbsp;&nbsp;&nbsp;&nbsp;&nbsp;&nbsp;&nbsp;<\/strong><strong>DNI terminados en 6: 16 de noviembre<\/strong><\/p>\n\n\n\n<p><strong>\u00b7&nbsp;&nbsp;&nbsp;&nbsp;&nbsp;&nbsp;&nbsp;&nbsp;<\/strong><strong>DNI terminados en 7: 17 de noviembre<\/strong><\/p>\n\n\n\n<p><strong>\u00b7&nbsp;&nbsp;&nbsp;&nbsp;&nbsp;&nbsp;&nbsp;&nbsp;<\/strong><strong>DNI terminados en 8: 18 de noviembre<\/strong><\/p>\n\n\n\n<p><strong>\u00b7&nbsp;&nbsp;&nbsp;&nbsp;&nbsp;&nbsp;&nbsp;&nbsp;<\/strong><strong>DNI terminados en 9: 22 de noviembre<\/strong><\/p>\n\n\n\n<p><strong>Asignaci\u00f3n por Embarazo<\/strong><\/p>\n\n\n\n<p><strong>\u00b7&nbsp;&nbsp;&nbsp;&nbsp;&nbsp;&nbsp;&nbsp;&nbsp;<\/strong><strong>DNI terminados en 0: 10 de noviembre<\/strong><\/p>\n\n\n\n<p><strong>\u00b7&nbsp;&nbsp;&nbsp;&nbsp;&nbsp;&nbsp;&nbsp;&nbsp;<\/strong><strong>DNI terminados en 1: 11 de noviembre<\/strong><\/p>\n\n\n\n<p><strong>\u00b7&nbsp;&nbsp;&nbsp;&nbsp;&nbsp;&nbsp;&nbsp;&nbsp;<\/strong><strong>DNI terminados en 2: 14 de noviembre<\/strong><\/p>\n\n\n\n<p><strong>\u00b7&nbsp;&nbsp;&nbsp;&nbsp;&nbsp;&nbsp;&nbsp;&nbsp;<\/strong><strong>DNI terminados en 3: 15 de noviembre<\/strong><\/p>\n\n\n\n<p><strong>\u00b7&nbsp;&nbsp;&nbsp;&nbsp;&nbsp;&nbsp;&nbsp;&nbsp;<\/strong><strong>DNI terminados en 4: 16 de noviembre<\/strong><\/p>\n\n\n\n<p><strong>\u00b7&nbsp;&nbsp;&nbsp;&nbsp;&nbsp;&nbsp;&nbsp;&nbsp;<\/strong><strong>DNI terminados en 5: 17 de noviembre<\/strong><\/p>\n\n\n\n<p><strong>\u00b7&nbsp;&nbsp;&nbsp;&nbsp;&nbsp;&nbsp;&nbsp;&nbsp;<\/strong><strong>DNI terminados en 6: 18 de noviembre<\/strong><\/p>\n\n\n\n<p><strong>\u00b7&nbsp;&nbsp;&nbsp;&nbsp;&nbsp;&nbsp;&nbsp;&nbsp;<\/strong><strong>DNI terminados en 7: 22 de noviembre<\/strong><\/p>\n\n\n\n<p><strong>\u00b7&nbsp;&nbsp;&nbsp;&nbsp;&nbsp;&nbsp;&nbsp;&nbsp;<\/strong><strong>DNI terminados en 8: 23 de noviembre<\/strong><\/p>\n\n\n\n<p><strong>\u00b7&nbsp;&nbsp;&nbsp;&nbsp;&nbsp;&nbsp;&nbsp;&nbsp;<\/strong><strong>DNI terminados en 9: 24 de noviembre<\/strong><\/p>\n\n\n\n<p><strong>Asignaci\u00f3n por Prenatal y Maternidad<\/strong><\/p>\n\n\n\n<p><strong>\u00b7&nbsp;&nbsp;&nbsp;&nbsp;&nbsp;&nbsp;&nbsp;&nbsp;<\/strong><strong>DNI terminados en 0 y 1: 9 de noviembre<\/strong><\/p>\n\n\n\n<p><strong>\u00b7&nbsp;&nbsp;&nbsp;&nbsp;&nbsp;&nbsp;&nbsp;&nbsp;<\/strong><strong>DNI terminados en 2 y 3: 10 de noviembre<\/strong><\/p>\n\n\n\n<p><strong>\u00b7&nbsp;&nbsp;&nbsp;&nbsp;&nbsp;&nbsp;&nbsp;&nbsp;<\/strong><strong>DNI terminados en 4 y 5: 11 de noviembre<\/strong><\/p>\n\n\n\n<p><strong>\u00b7&nbsp;&nbsp;&nbsp;&nbsp;&nbsp;&nbsp;&nbsp;&nbsp;<\/strong><strong>DNI terminados en 6 y 7: 14 de noviembre<\/strong><\/p>\n\n\n\n<p><strong>\u00b7&nbsp;&nbsp;&nbsp;&nbsp;&nbsp;&nbsp;&nbsp;&nbsp;<\/strong><strong>DNI terminados en 8 y 9: 15 de noviembre<\/strong><\/p>\n\n\n\n<p><strong>Asignaciones Pago \u00danico<\/strong><\/p>\n\n\n\n<p><strong>\u00b7&nbsp;&nbsp;&nbsp;&nbsp;&nbsp;&nbsp;&nbsp;&nbsp;<\/strong><strong>Todas las terminaciones de documentos: 7 de noviembre al 12 de diciembre<\/strong><\/p>\n\n\n\n<p><strong>Pensiones No Contributivas (PNC)<\/strong><strong><\/strong><\/p>\n\n\n\n<p><strong>\u00b7&nbsp;&nbsp;&nbsp;&nbsp;&nbsp;&nbsp;&nbsp;&nbsp;<\/strong><strong>DNI terminados en 0 y 1: 1 de noviembre<\/strong><\/p>\n\n\n\n<p><strong>\u00b7&nbsp;&nbsp;&nbsp;&nbsp;&nbsp;&nbsp;&nbsp;&nbsp;<\/strong><strong>DNI terminados en 2 y 3: 2 de noviembre<\/strong><\/p>\n\n\n\n<p><strong>\u00b7&nbsp;&nbsp;&nbsp;&nbsp;&nbsp;&nbsp;&nbsp;&nbsp;<\/strong><strong>DNI terminados en 4 y 5: 3 de noviembre<\/strong><\/p>\n\n\n\n<p><strong>\u00b7&nbsp;&nbsp;&nbsp;&nbsp;&nbsp;&nbsp;&nbsp;&nbsp;<\/strong><strong>DNI terminados en 6 y 7: 4 de noviembre<\/strong><\/p>\n\n\n\n<p><strong>\u00b7&nbsp;&nbsp;&nbsp;&nbsp;&nbsp;&nbsp;&nbsp;&nbsp;<\/strong><strong>DNI terminados en 8 y 9: 7 de noviembre<\/strong><\/p>\n\n\n\n<p><strong>Asignaciones Familiares de Pensiones No Contributivas (PNC)<\/strong><\/p>\n\n\n\n<p><strong>\u00b7&nbsp;&nbsp;&nbsp;&nbsp;&nbsp;&nbsp;&nbsp;&nbsp;<\/strong><strong>Todas las terminaciones de documentos: 8 de noviembre al 12 de diciembre<\/strong><\/p>\n\n\n\n<p><strong>Desempleo<\/strong><\/p>\n\n\n\n<p><strong>\u00b7&nbsp;&nbsp;&nbsp;&nbsp;&nbsp;&nbsp;&nbsp;&nbsp;<\/strong><strong>DNI terminados en 0 y 1: 23 de noviembre<\/strong><\/p>\n\n\n\n<p><strong>\u00b7&nbsp;&nbsp;&nbsp;&nbsp;&nbsp;&nbsp;&nbsp;&nbsp;<\/strong><strong>DNI terminados en 2 y 3: 24 de noviembre<\/strong><\/p>\n\n\n\n<p><strong>\u00b7&nbsp;&nbsp;&nbsp;&nbsp;&nbsp;&nbsp;&nbsp;&nbsp;<\/strong><strong>DNI terminados en 4 y 5: 25 de noviembre<\/strong><\/p>\n\n\n\n<p><strong>\u00b7&nbsp;&nbsp;&nbsp;&nbsp;&nbsp;&nbsp;&nbsp;&nbsp;<\/strong><strong>DNI terminados en 6 y 7: 28 de noviembre<\/strong><\/p>\n\n\n\n<p><strong>\u00b7&nbsp;&nbsp;&nbsp;&nbsp;&nbsp;&nbsp;&nbsp;&nbsp;<\/strong><strong>DNI terminados en 8 y 9: 29 de noviembre<\/strong><\/p>\n","protected":false},"excerpt":{"rendered":"<p>NSES comunica los calendarios de pagos de&nbsp;noviembre&nbsp;para jubiladas, jubilados, pensionadas y pensionados, Pensiones No Contributivas, titulares de la Asignaci\u00f3n Universal por Hijo y la Asignaci\u00f3n por Embarazo, Asignaciones Familiares y de Pago \u00danico (Matrimonio, Nacimiento y Adopci\u00f3n) y Prestaci\u00f3n por Desempleo. Jubilaciones y pensiones que no superen un haber m\u00ednimo \u00b7&nbsp;&nbsp;&nbsp;&nbsp;&nbsp;&nbsp;&nbsp;&nbsp;DNI terminados en 0: 8 [&hellip;]<\/p>\n","protected":false},"author":4,"featured_media":97782,"comment_status":"closed","ping_status":"closed","sticky":false,"template":"","format":"standard","meta":{"om_disable_all_campaigns":false,"_jetpack_memberships_contains_paid_content":false,"footnotes":""},"categories":[101,2],"tags":[197,696,33,19],"class_list":["post-111842","post","type-post","status-publish","format-standard","has-post-thumbnail","hentry","category-interes-general-locales","category-locales","tag-buenos-aires","tag-interes-general","tag-locales","tag-san-pedro"],"aioseo_notices":[],"gutentor_comment":0,"jetpack_featured_media_url":"https:\/\/eldiariodesanpedro.com.ar\/sitio\/wp-content\/uploads\/2021\/08\/anses-nuevo-640x480-1.png","jetpack_shortlink":"https:\/\/wp.me\/p6RhLt-t5U","jetpack_sharing_enabled":true,"_links":{"self":[{"href":"https:\/\/eldiariodesanpedro.com.ar\/sitio\/wp-json\/wp\/v2\/posts\/111842","targetHints":{"allow":["GET"]}}],"collection":[{"href":"https:\/\/eldiariodesanpedro.com.ar\/sitio\/wp-json\/wp\/v2\/posts"}],"about":[{"href":"https:\/\/eldiariodesanpedro.com.ar\/sitio\/wp-json\/wp\/v2\/types\/post"}],"author":[{"embeddable":true,"href":"https:\/\/eldiariodesanpedro.com.ar\/sitio\/wp-json\/wp\/v2\/users\/4"}],"replies":[{"embeddable":true,"href":"https:\/\/eldiariodesanpedro.com.ar\/sitio\/wp-json\/wp\/v2\/comments?post=111842"}],"version-history":[{"count":1,"href":"https:\/\/eldiariodesanpedro.com.ar\/sitio\/wp-json\/wp\/v2\/posts\/111842\/revisions"}],"predecessor-version":[{"id":111843,"href":"https:\/\/eldiariodesanpedro.com.ar\/sitio\/wp-json\/wp\/v2\/posts\/111842\/revisions\/111843"}],"wp:featuredmedia":[{"embeddable":true,"href":"https:\/\/eldiariodesanpedro.com.ar\/sitio\/wp-json\/wp\/v2\/media\/97782"}],"wp:attachment":[{"href":"https:\/\/eldiariodesanpedro.com.ar\/sitio\/wp-json\/wp\/v2\/media?parent=111842"}],"wp:term":[{"taxonomy":"category","embeddable":true,"href":"https:\/\/eldiariodesanpedro.com.ar\/sitio\/wp-json\/wp\/v2\/categories?post=111842"},{"taxonomy":"post_tag","embeddable":true,"href":"https:\/\/eldiariodesanpedro.com.ar\/sitio\/wp-json\/wp\/v2\/tags?post=111842"}],"curies":[{"name":"wp","href":"https:\/\/api.w.org\/{rel}","templated":true}]}}