{"id":111839,"date":"2022-10-28T10:42:48","date_gmt":"2022-10-28T13:42:48","guid":{"rendered":"https:\/\/eldiariodesanpedro.com.ar\/sitio\/?p=111839"},"modified":"2022-10-28T10:42:49","modified_gmt":"2022-10-28T13:42:49","slug":"continua-la-campana-nacional-de-vacunacion-este-viernes-28-de-octubre-de-10-a-14-hs-en-plaza-constitucion","status":"publish","type":"post","link":"https:\/\/eldiariodesanpedro.com.ar\/sitio\/continua-la-campana-nacional-de-vacunacion-este-viernes-28-de-octubre-de-10-a-14-hs-en-plaza-constitucion\/","title":{"rendered":"Continua la Campa\u00f1a Nacional de Vacunaci\u00f3n: Este viernes 28 de octubre de 10 a 14 hs. en Plaza Constituci\u00f3n"},"content":{"rendered":"<!-- VideographyWP Plugin Message: Automatic video embedding prevented by plugin options. -->\n\n<p>La Secretar\u00eda de Salud de la Municipalidad de San Pedro recuerda que hoy viernes 28 de octubre en el horario de 10 a 14 se desarrollar\u00e1 una nueva jornada de vacunaci\u00f3n en Plaza Constituci\u00f3n.<\/p>\n\n\n\n<p>La actividad est\u00e1 dirigida a todas las ni\u00f1as y todos los ni\u00f1os de 13 meses a 4 a\u00f1os inclusive, quienes deben recibir una dosis adicional, gratuita y obligatoria de las vacunas Triple Viral (contra sarampi\u00f3n, rub\u00e9ola y paperas) e IPV (contra poliomielitis), m\u00e1s all\u00e1 de las dosis recibidas previamente.<\/p>\n\n\n\n<p>Adem\u00e1s, podes acercarte con tus hijos e hijas para que reciban estas dosis gratis y obligatorias al Hospital Municipal Emilio Ruffa, Hospitales de las localidades, los Centros de Salud y en la posta sanitaria de Salta y 9 de julio.<\/p>\n","protected":false},"excerpt":{"rendered":"<p>La Secretar\u00eda de Salud de la Municipalidad de San Pedro recuerda que hoy viernes 28 de octubre en el horario de 10 a 14 se desarrollar\u00e1 una nueva jornada de vacunaci\u00f3n en Plaza Constituci\u00f3n. La actividad est\u00e1 dirigida a todas las ni\u00f1as y todos los ni\u00f1os de 13 meses a 4 a\u00f1os inclusive, quienes deben [&hellip;]<\/p>\n","protected":false},"author":4,"featured_media":100191,"comment_status":"closed","ping_status":"closed","sticky":false,"template":"","format":"standard","meta":{"om_disable_all_campaigns":false,"_jetpack_memberships_contains_paid_content":false,"footnotes":""},"categories":[101,2],"tags":[197,696,33,19],"class_list":["post-111839","post","type-post","status-publish","format-standard","has-post-thumbnail","hentry","category-interes-general-locales","category-locales","tag-buenos-aires","tag-interes-general","tag-locales","tag-san-pedro"],"aioseo_notices":[],"gutentor_comment":0,"jetpack_featured_media_url":"https:\/\/eldiariodesanpedro.com.ar\/sitio\/wp-content\/uploads\/2021\/10\/la-vacunacion-contra-la-covid-19-de-los-menores-de-12-anos-se-acerca-foto-freepik.jpeg","jetpack_shortlink":"https:\/\/wp.me\/p6RhLt-t5R","jetpack_sharing_enabled":true,"_links":{"self":[{"href":"https:\/\/eldiariodesanpedro.com.ar\/sitio\/wp-json\/wp\/v2\/posts\/111839","targetHints":{"allow":["GET"]}}],"collection":[{"href":"https:\/\/eldiariodesanpedro.com.ar\/sitio\/wp-json\/wp\/v2\/posts"}],"about":[{"href":"https:\/\/eldiariodesanpedro.com.ar\/sitio\/wp-json\/wp\/v2\/types\/post"}],"author":[{"embeddable":true,"href":"https:\/\/eldiariodesanpedro.com.ar\/sitio\/wp-json\/wp\/v2\/users\/4"}],"replies":[{"embeddable":true,"href":"https:\/\/eldiariodesanpedro.com.ar\/sitio\/wp-json\/wp\/v2\/comments?post=111839"}],"version-history":[{"count":1,"href":"https:\/\/eldiariodesanpedro.com.ar\/sitio\/wp-json\/wp\/v2\/posts\/111839\/revisions"}],"predecessor-version":[{"id":111840,"href":"https:\/\/eldiariodesanpedro.com.ar\/sitio\/wp-json\/wp\/v2\/posts\/111839\/revisions\/111840"}],"wp:featuredmedia":[{"embeddable":true,"href":"https:\/\/eldiariodesanpedro.com.ar\/sitio\/wp-json\/wp\/v2\/media\/100191"}],"wp:attachment":[{"href":"https:\/\/eldiariodesanpedro.com.ar\/sitio\/wp-json\/wp\/v2\/media?parent=111839"}],"wp:term":[{"taxonomy":"category","embeddable":true,"href":"https:\/\/eldiariodesanpedro.com.ar\/sitio\/wp-json\/wp\/v2\/categories?post=111839"},{"taxonomy":"post_tag","embeddable":true,"href":"https:\/\/eldiariodesanpedro.com.ar\/sitio\/wp-json\/wp\/v2\/tags?post=111839"}],"curies":[{"name":"wp","href":"https:\/\/api.w.org\/{rel}","templated":true}]}}