{"id":111821,"date":"2022-10-27T14:20:47","date_gmt":"2022-10-27T17:20:47","guid":{"rendered":"https:\/\/eldiariodesanpedro.com.ar\/sitio\/?p=111821"},"modified":"2022-10-27T14:20:48","modified_gmt":"2022-10-27T17:20:48","slug":"un-ciudadano-de-51-anos-aprehendido-por-amenazar-y-golpear-a-su-pareja","status":"publish","type":"post","link":"https:\/\/eldiariodesanpedro.com.ar\/sitio\/un-ciudadano-de-51-anos-aprehendido-por-amenazar-y-golpear-a-su-pareja\/","title":{"rendered":"Un ciudadano de 51 a\u00f1os aprehendido por amenazar y golpear a su pareja"},"content":{"rendered":"<!-- VideographyWP Plugin Message: Automatic video embedding prevented by plugin options. -->\n\n<p>En el d\u00eda de ayer promediando las 23 hs a ra\u00edz de un llamado a la comisaria \u00a0el personal en calle Litoral 500 procedi\u00f3 a la aprehensi\u00f3n de un ciudadano de 51 a\u00f1os de edad, quien amenaza verbalmente y agrede f\u00edsicamente a su pareja de 49 a\u00f1os de edad. <\/p>\n\n\n\n<p>Siendo trasladada\u00a0hacia el nosocomio local y luego a comisaria\u00a0de la Mujer y La familia San Pedro donde es asistida. <\/p>\n\n\n\n<p>Interviniendo la UFI N\u00b007 disponiendo que el agresor sea notificado de la formaci\u00f3n de la causa y alojado en zona de calabozos.<\/p>\n","protected":false},"excerpt":{"rendered":"<p>En el d\u00eda de ayer promediando las 23 hs a ra\u00edz de un llamado a la comisaria \u00a0el personal en calle Litoral 500 procedi\u00f3 a la aprehensi\u00f3n de un ciudadano de 51 a\u00f1os de edad, quien amenaza verbalmente y agrede f\u00edsicamente a su pareja de 49 a\u00f1os de edad. Siendo trasladada\u00a0hacia el nosocomio local y [&hellip;]<\/p>\n","protected":false},"author":4,"featured_media":111822,"comment_status":"closed","ping_status":"closed","sticky":false,"template":"","format":"standard","meta":{"om_disable_all_campaigns":false,"_jetpack_memberships_contains_paid_content":false,"footnotes":""},"categories":[2,103],"tags":[197,33,95,19],"class_list":["post-111821","post","type-post","status-publish","format-standard","has-post-thumbnail","hentry","category-locales","category-policiales-locales","tag-buenos-aires","tag-locales","tag-policiales","tag-san-pedro"],"aioseo_notices":[],"gutentor_comment":0,"jetpack_featured_media_url":"https:\/\/eldiariodesanpedro.com.ar\/sitio\/wp-content\/uploads\/2022\/10\/medida.jpg","jetpack_shortlink":"https:\/\/wp.me\/p6RhLt-t5z","jetpack_sharing_enabled":true,"_links":{"self":[{"href":"https:\/\/eldiariodesanpedro.com.ar\/sitio\/wp-json\/wp\/v2\/posts\/111821","targetHints":{"allow":["GET"]}}],"collection":[{"href":"https:\/\/eldiariodesanpedro.com.ar\/sitio\/wp-json\/wp\/v2\/posts"}],"about":[{"href":"https:\/\/eldiariodesanpedro.com.ar\/sitio\/wp-json\/wp\/v2\/types\/post"}],"author":[{"embeddable":true,"href":"https:\/\/eldiariodesanpedro.com.ar\/sitio\/wp-json\/wp\/v2\/users\/4"}],"replies":[{"embeddable":true,"href":"https:\/\/eldiariodesanpedro.com.ar\/sitio\/wp-json\/wp\/v2\/comments?post=111821"}],"version-history":[{"count":1,"href":"https:\/\/eldiariodesanpedro.com.ar\/sitio\/wp-json\/wp\/v2\/posts\/111821\/revisions"}],"predecessor-version":[{"id":111823,"href":"https:\/\/eldiariodesanpedro.com.ar\/sitio\/wp-json\/wp\/v2\/posts\/111821\/revisions\/111823"}],"wp:featuredmedia":[{"embeddable":true,"href":"https:\/\/eldiariodesanpedro.com.ar\/sitio\/wp-json\/wp\/v2\/media\/111822"}],"wp:attachment":[{"href":"https:\/\/eldiariodesanpedro.com.ar\/sitio\/wp-json\/wp\/v2\/media?parent=111821"}],"wp:term":[{"taxonomy":"category","embeddable":true,"href":"https:\/\/eldiariodesanpedro.com.ar\/sitio\/wp-json\/wp\/v2\/categories?post=111821"},{"taxonomy":"post_tag","embeddable":true,"href":"https:\/\/eldiariodesanpedro.com.ar\/sitio\/wp-json\/wp\/v2\/tags?post=111821"}],"curies":[{"name":"wp","href":"https:\/\/api.w.org\/{rel}","templated":true}]}}