{"id":111813,"date":"2022-10-27T12:34:34","date_gmt":"2022-10-27T15:34:34","guid":{"rendered":"https:\/\/eldiariodesanpedro.com.ar\/sitio\/?p=111813"},"modified":"2022-10-27T12:34:35","modified_gmt":"2022-10-27T15:34:35","slug":"tres-personas-detenidas-por-la-venta-de-estupefacientes-al-menudeo","status":"publish","type":"post","link":"https:\/\/eldiariodesanpedro.com.ar\/sitio\/tres-personas-detenidas-por-la-venta-de-estupefacientes-al-menudeo\/","title":{"rendered":"Tres personas detenidas por la venta de estupefacientes al menudeo"},"content":{"rendered":"<!-- VideographyWP Plugin Message: Automatic video embedding prevented by plugin options. -->\n\n<p>La Delegaci\u00f3n de Investigaciones del Tr\u00e1fico de Drogas Il\u00edcitas de San Nicol\u00e1s realiz\u00f3 allanamientos debido a la comercializaci\u00f3n propiamente dicha (art. 5 inc \u201cc\u201d- ley 23.737), de tr\u00e1mite por ante la UFI nro. 11 subrogada por el Dr. Marcelo Manso titular de la UFI nro 5 de la Fiscal\u00eda Descentralizada San Pedro del Departamento Judicial San Nicol\u00e1s, procedieron a efectivizar tres \u00f3rdenes de allanamiento en la localidad de San Pedro.<\/p>\n\n\n\n<p>La presente investigaci\u00f3n se inici\u00f3 en el mes de marzo del corriente a\u00f1o, a ra\u00edz de una denuncia an\u00f3nima donde daban cuenta que una persona de sexo masculino comercializar\u00eda estupefacientes en la localidad de San Pedro. Ante esto los investigadores\u00a0 pudieron determinar que la persona de sexo masculino de 52 a\u00f1os, no s\u00f3lo comercializaba sustancias de estupefacientes al menudeo en su domicilio ubicado en Rafael Obligado al 1700 si no que tambi\u00e9n otro domicilio ubicados en Manuel Iglesias al 1800 donde se encontraba la hija del primer detenido una mujer mayor de edad y otro masculino de 29. Durante los meses de investigaci\u00f3n los detectives pudieron captar la actividad il\u00edcita mediante filmaciones y fotograf\u00edas captando los momentos que en los distintos domicilios se acercaban los potenciales compradores de sustancias estupefacientes.\u00a0<\/p>\n\n\n\n<p>Elevados los elementos probatorios a S.S Dra Maiztegui Maria, titular del Juzgado de Garant\u00edas N\u00ba 3, del departamento de Judicial de San Nicol\u00e1s otorg\u00f3 3 \u00f3rdenes de allanamiento, para con los domicilios indicados. Realizadas las medidas tanto por el Personal de Drogas Il\u00edcitas San Nicol\u00e1s conjuntamente con personal de la Estaci\u00f3n Comunal San Pedro, los uniformados, luego del trabajo de registrar los inmuebles en que se produc\u00edan la comercializaci\u00f3n lograron incautar gran cantidad de sustancias estupefacientes que se encontraba tanto en forma compacta como ya fraccionada en peque\u00f1as dosis, lista para su comercio, balanzas de precisi\u00f3n, dinero en efectivo y celulares, luego de las pericias de rigor se estableci\u00f3 que se trataba de marihuana y coca\u00edna.&nbsp;<\/p>\n\n\n\n<p>Cabe destacar que las tres personas investigadas de acuerdo a los resultados obtenidos quedaron inmediatamente aprehendidos y puestas a disposici\u00f3n de la justicia.<\/p>\n\n\n\n<figure class=\"wp-block-image size-full\"><img decoding=\"async\" width=\"840\" height=\"630\" data-attachment-id=\"111816\" data-permalink=\"https:\/\/eldiariodesanpedro.com.ar\/sitio\/tres-personas-detenidas-por-la-venta-de-estupefacientes-al-menudeo\/whatsapp-image-2022-10-27-at-09-08-18\/\" data-orig-file=\"https:\/\/eldiariodesanpedro.com.ar\/sitio\/wp-content\/uploads\/2022\/10\/WhatsApp-Image-2022-10-27-at-09.08.18.jpeg\" data-orig-size=\"840,630\" data-comments-opened=\"0\" data-image-meta=\"{&quot;aperture&quot;:&quot;0&quot;,&quot;credit&quot;:&quot;&quot;,&quot;camera&quot;:&quot;&quot;,&quot;caption&quot;:&quot;&quot;,&quot;created_timestamp&quot;:&quot;0&quot;,&quot;copyright&quot;:&quot;&quot;,&quot;focal_length&quot;:&quot;0&quot;,&quot;iso&quot;:&quot;0&quot;,&quot;shutter_speed&quot;:&quot;0&quot;,&quot;title&quot;:&quot;&quot;,&quot;orientation&quot;:&quot;0&quot;}\" data-image-title=\"WhatsApp Image 2022-10-27 at 09.08.18\" data-image-description=\"\" data-image-caption=\"\" data-large-file=\"https:\/\/eldiariodesanpedro.com.ar\/sitio\/wp-content\/uploads\/2022\/10\/WhatsApp-Image-2022-10-27-at-09.08.18.jpeg\" data-src=\"https:\/\/eldiariodesanpedro.com.ar\/sitio\/wp-content\/uploads\/2022\/10\/WhatsApp-Image-2022-10-27-at-09.08.18.jpeg\" alt=\"\" class=\"wp-image-111816 lazyload\" data-srcset=\"https:\/\/eldiariodesanpedro.com.ar\/sitio\/wp-content\/uploads\/2022\/10\/WhatsApp-Image-2022-10-27-at-09.08.18.jpeg 840w, https:\/\/eldiariodesanpedro.com.ar\/sitio\/wp-content\/uploads\/2022\/10\/WhatsApp-Image-2022-10-27-at-09.08.18-300x225.jpeg 300w, https:\/\/eldiariodesanpedro.com.ar\/sitio\/wp-content\/uploads\/2022\/10\/WhatsApp-Image-2022-10-27-at-09.08.18-768x576.jpeg 768w, https:\/\/eldiariodesanpedro.com.ar\/sitio\/wp-content\/uploads\/2022\/10\/WhatsApp-Image-2022-10-27-at-09.08.18-272x204.jpeg 272w\" data-sizes=\"(max-width: 840px) 100vw, 840px\" src=\"data:image\/svg+xml;base64,PHN2ZyB3aWR0aD0iMSIgaGVpZ2h0PSIxIiB4bWxucz0iaHR0cDovL3d3dy53My5vcmcvMjAwMC9zdmciPjwvc3ZnPg==\" style=\"--smush-placeholder-width: 840px; --smush-placeholder-aspect-ratio: 840\/630;\" \/><\/figure>\n\n\n\n<figure class=\"wp-block-image size-full\"><img decoding=\"async\" width=\"840\" height=\"630\" data-attachment-id=\"111814\" data-permalink=\"https:\/\/eldiariodesanpedro.com.ar\/sitio\/tres-personas-detenidas-por-la-venta-de-estupefacientes-al-menudeo\/whatsapp-image-2022-10-27-at-09-08-17-1\/\" data-orig-file=\"https:\/\/eldiariodesanpedro.com.ar\/sitio\/wp-content\/uploads\/2022\/10\/WhatsApp-Image-2022-10-27-at-09.08.17-1.jpeg\" data-orig-size=\"840,630\" data-comments-opened=\"0\" data-image-meta=\"{&quot;aperture&quot;:&quot;0&quot;,&quot;credit&quot;:&quot;&quot;,&quot;camera&quot;:&quot;&quot;,&quot;caption&quot;:&quot;&quot;,&quot;created_timestamp&quot;:&quot;0&quot;,&quot;copyright&quot;:&quot;&quot;,&quot;focal_length&quot;:&quot;0&quot;,&quot;iso&quot;:&quot;0&quot;,&quot;shutter_speed&quot;:&quot;0&quot;,&quot;title&quot;:&quot;&quot;,&quot;orientation&quot;:&quot;0&quot;}\" data-image-title=\"WhatsApp Image 2022-10-27 at 09.08.17 (1)\" data-image-description=\"\" data-image-caption=\"\" data-large-file=\"https:\/\/eldiariodesanpedro.com.ar\/sitio\/wp-content\/uploads\/2022\/10\/WhatsApp-Image-2022-10-27-at-09.08.17-1.jpeg\" data-src=\"https:\/\/eldiariodesanpedro.com.ar\/sitio\/wp-content\/uploads\/2022\/10\/WhatsApp-Image-2022-10-27-at-09.08.17-1.jpeg\" alt=\"\" class=\"wp-image-111814 lazyload\" data-srcset=\"https:\/\/eldiariodesanpedro.com.ar\/sitio\/wp-content\/uploads\/2022\/10\/WhatsApp-Image-2022-10-27-at-09.08.17-1.jpeg 840w, https:\/\/eldiariodesanpedro.com.ar\/sitio\/wp-content\/uploads\/2022\/10\/WhatsApp-Image-2022-10-27-at-09.08.17-1-300x225.jpeg 300w, https:\/\/eldiariodesanpedro.com.ar\/sitio\/wp-content\/uploads\/2022\/10\/WhatsApp-Image-2022-10-27-at-09.08.17-1-768x576.jpeg 768w, https:\/\/eldiariodesanpedro.com.ar\/sitio\/wp-content\/uploads\/2022\/10\/WhatsApp-Image-2022-10-27-at-09.08.17-1-272x204.jpeg 272w\" data-sizes=\"(max-width: 840px) 100vw, 840px\" src=\"data:image\/svg+xml;base64,PHN2ZyB3aWR0aD0iMSIgaGVpZ2h0PSIxIiB4bWxucz0iaHR0cDovL3d3dy53My5vcmcvMjAwMC9zdmciPjwvc3ZnPg==\" style=\"--smush-placeholder-width: 840px; --smush-placeholder-aspect-ratio: 840\/630;\" \/><\/figure>\n","protected":false},"excerpt":{"rendered":"<p>La Delegaci\u00f3n de Investigaciones del Tr\u00e1fico de Drogas Il\u00edcitas de San Nicol\u00e1s realiz\u00f3 allanamientos debido a la comercializaci\u00f3n propiamente dicha (art. 5 inc \u201cc\u201d- ley 23.737), de tr\u00e1mite por ante la UFI nro. 11 subrogada por el Dr. Marcelo Manso titular de la UFI nro 5 de la Fiscal\u00eda Descentralizada San Pedro del Departamento Judicial [&hellip;]<\/p>\n","protected":false},"author":4,"featured_media":111815,"comment_status":"closed","ping_status":"closed","sticky":false,"template":"","format":"standard","meta":{"om_disable_all_campaigns":false,"_jetpack_memberships_contains_paid_content":false,"footnotes":""},"categories":[50,2,103],"tags":[197,696,33,19,3113],"class_list":["post-111813","post","type-post","status-publish","format-standard","has-post-thumbnail","hentry","category-destacadas","category-locales","category-policiales-locales","tag-buenos-aires","tag-interes-general","tag-locales","tag-san-pedro","tag-tres-personas-detenidas-por-la-venta-de-estupefacientes-al-menudeo"],"aioseo_notices":[],"gutentor_comment":0,"jetpack_featured_media_url":"https:\/\/eldiariodesanpedro.com.ar\/sitio\/wp-content\/uploads\/2022\/10\/WhatsApp-Image-2022-10-27-at-09.08.17.jpeg","jetpack_shortlink":"https:\/\/wp.me\/p6RhLt-t5r","jetpack_sharing_enabled":true,"_links":{"self":[{"href":"https:\/\/eldiariodesanpedro.com.ar\/sitio\/wp-json\/wp\/v2\/posts\/111813","targetHints":{"allow":["GET"]}}],"collection":[{"href":"https:\/\/eldiariodesanpedro.com.ar\/sitio\/wp-json\/wp\/v2\/posts"}],"about":[{"href":"https:\/\/eldiariodesanpedro.com.ar\/sitio\/wp-json\/wp\/v2\/types\/post"}],"author":[{"embeddable":true,"href":"https:\/\/eldiariodesanpedro.com.ar\/sitio\/wp-json\/wp\/v2\/users\/4"}],"replies":[{"embeddable":true,"href":"https:\/\/eldiariodesanpedro.com.ar\/sitio\/wp-json\/wp\/v2\/comments?post=111813"}],"version-history":[{"count":1,"href":"https:\/\/eldiariodesanpedro.com.ar\/sitio\/wp-json\/wp\/v2\/posts\/111813\/revisions"}],"predecessor-version":[{"id":111817,"href":"https:\/\/eldiariodesanpedro.com.ar\/sitio\/wp-json\/wp\/v2\/posts\/111813\/revisions\/111817"}],"wp:featuredmedia":[{"embeddable":true,"href":"https:\/\/eldiariodesanpedro.com.ar\/sitio\/wp-json\/wp\/v2\/media\/111815"}],"wp:attachment":[{"href":"https:\/\/eldiariodesanpedro.com.ar\/sitio\/wp-json\/wp\/v2\/media?parent=111813"}],"wp:term":[{"taxonomy":"category","embeddable":true,"href":"https:\/\/eldiariodesanpedro.com.ar\/sitio\/wp-json\/wp\/v2\/categories?post=111813"},{"taxonomy":"post_tag","embeddable":true,"href":"https:\/\/eldiariodesanpedro.com.ar\/sitio\/wp-json\/wp\/v2\/tags?post=111813"}],"curies":[{"name":"wp","href":"https:\/\/api.w.org\/{rel}","templated":true}]}}