{"id":111809,"date":"2022-10-27T12:03:33","date_gmt":"2022-10-27T15:03:33","guid":{"rendered":"https:\/\/eldiariodesanpedro.com.ar\/sitio\/?p=111809"},"modified":"2022-10-27T12:03:34","modified_gmt":"2022-10-27T15:03:34","slug":"jornada-de-sensibilizacion-en-el-marco-de-la-ley-micaela","status":"publish","type":"post","link":"https:\/\/eldiariodesanpedro.com.ar\/sitio\/jornada-de-sensibilizacion-en-el-marco-de-la-ley-micaela\/","title":{"rendered":"Jornada de Sensibilizaci\u00f3n en el marco de la Ley Micaela"},"content":{"rendered":"<!-- VideographyWP Plugin Message: Automatic video embedding prevented by plugin options. -->\n\n<p>La Municipalidad de San Pedro, a trav\u00e9s de la secretar\u00eda de Salud y la secretar\u00eda de Pol\u00edticas de G\u00e9nero, Mujeres y Diversidad, recuerdan que este viernes 28, en el marco del programa de Atenci\u00f3n Primaria de la Salud, se concretar\u00e1 una jornada de sensibilizaci\u00f3n en el marco de la Ley Micaela, a cargo de N\u00e9stor \u00abYuyo\u00bb Garc\u00eda, presidente de la Fundaci\u00f3n Micaela Garc\u00eda.<\/p>\n\n\n\n<p>La misma se concretar\u00e1 en el Club Paran\u00e1, desde las 18.00, y contar\u00e1 con una primera aproximaci\u00f3n a la tem\u00e1tica a cargo de la Lic. Gabriela Leder Kremer.<\/p>\n\n\n\n<p>La actividad, abierta a la comunidad, requiere inscripci\u00f3n previa, completando el siguiente formulario: <a href=\"https:\/\/bit.ly\/3SGS3hA\">https:\/\/bit.ly\/3SGS3hA<\/a>. Tambi\u00e9n ser\u00e1 posible inscribirse en el lugar, al momento de la actividad.<\/p>\n\n\n\n<p>La Ley 27499, m\u00e1s conocida como Ley Micaela, fue sancionada el 10 de enero de 2019. Establece la capacitaci\u00f3n obligatoria en g\u00e9nero y violencia de g\u00e9nero para todas las personas que se desempe\u00f1an en la funci\u00f3n p\u00fablica, en los poderes Ejecutivo, Legislativo y Judicial.<\/p>\n\n\n\n<p>La normativa fue impulsada tras el femicidio de Micaela Garc\u00eda, ocurrido en la localidad de Gualeguay, provincia de Entre R\u00edos, en abril de 2017. El asesino, Sebasti\u00e1n Jos\u00e9 Luis Wagner, era un exconvicto por delitos de violaci\u00f3n que hab\u00eda sido condenado a 9 a\u00f1os de prisi\u00f3n, pero gozaba de beneficio de libertad condicional.<\/p>\n\n\n\n<figure class=\"wp-block-image size-full\"><img decoding=\"async\" width=\"445\" height=\"630\" data-attachment-id=\"111810\" data-permalink=\"https:\/\/eldiariodesanpedro.com.ar\/sitio\/jornada-de-sensibilizacion-en-el-marco-de-la-ley-micaela\/whatsapp-image-2022-10-27-at-10-42-15\/\" data-orig-file=\"https:\/\/eldiariodesanpedro.com.ar\/sitio\/wp-content\/uploads\/2022\/10\/WhatsApp-Image-2022-10-27-at-10.42.15.jpeg\" data-orig-size=\"445,630\" data-comments-opened=\"0\" data-image-meta=\"{&quot;aperture&quot;:&quot;0&quot;,&quot;credit&quot;:&quot;&quot;,&quot;camera&quot;:&quot;&quot;,&quot;caption&quot;:&quot;&quot;,&quot;created_timestamp&quot;:&quot;0&quot;,&quot;copyright&quot;:&quot;&quot;,&quot;focal_length&quot;:&quot;0&quot;,&quot;iso&quot;:&quot;0&quot;,&quot;shutter_speed&quot;:&quot;0&quot;,&quot;title&quot;:&quot;&quot;,&quot;orientation&quot;:&quot;0&quot;}\" data-image-title=\"WhatsApp-Image-2022-10-27-at-10.42.15\" data-image-description=\"\" data-image-caption=\"\" data-large-file=\"https:\/\/eldiariodesanpedro.com.ar\/sitio\/wp-content\/uploads\/2022\/10\/WhatsApp-Image-2022-10-27-at-10.42.15.jpeg\" data-src=\"https:\/\/eldiariodesanpedro.com.ar\/sitio\/wp-content\/uploads\/2022\/10\/WhatsApp-Image-2022-10-27-at-10.42.15.jpeg\" alt=\"\" class=\"wp-image-111810 lazyload\" data-srcset=\"https:\/\/eldiariodesanpedro.com.ar\/sitio\/wp-content\/uploads\/2022\/10\/WhatsApp-Image-2022-10-27-at-10.42.15.jpeg 445w, https:\/\/eldiariodesanpedro.com.ar\/sitio\/wp-content\/uploads\/2022\/10\/WhatsApp-Image-2022-10-27-at-10.42.15-212x300.jpeg 212w\" data-sizes=\"(max-width: 445px) 100vw, 445px\" src=\"data:image\/svg+xml;base64,PHN2ZyB3aWR0aD0iMSIgaGVpZ2h0PSIxIiB4bWxucz0iaHR0cDovL3d3dy53My5vcmcvMjAwMC9zdmciPjwvc3ZnPg==\" style=\"--smush-placeholder-width: 445px; --smush-placeholder-aspect-ratio: 445\/630;\" \/><\/figure>\n","protected":false},"excerpt":{"rendered":"<p>La Municipalidad de San Pedro, a trav\u00e9s de la secretar\u00eda de Salud y la secretar\u00eda de Pol\u00edticas de G\u00e9nero, Mujeres y Diversidad, recuerdan que este viernes 28, en el marco del programa de Atenci\u00f3n Primaria de la Salud, se concretar\u00e1 una jornada de sensibilizaci\u00f3n en el marco de la Ley Micaela, a cargo de N\u00e9stor [&hellip;]<\/p>\n","protected":false},"author":4,"featured_media":111811,"comment_status":"closed","ping_status":"closed","sticky":false,"template":"","format":"standard","meta":{"om_disable_all_campaigns":false,"_jetpack_memberships_contains_paid_content":false,"footnotes":""},"categories":[50,101,2],"tags":[197,696,3112,33,19],"class_list":["post-111809","post","type-post","status-publish","format-standard","has-post-thumbnail","hentry","category-destacadas","category-interes-general-locales","category-locales","tag-buenos-aires","tag-interes-general","tag-jornada-de-sensibilizacion-en-el-marco-de-la-ley-micaela","tag-locales","tag-san-pedro"],"aioseo_notices":[],"gutentor_comment":0,"jetpack_featured_media_url":"https:\/\/eldiariodesanpedro.com.ar\/sitio\/wp-content\/uploads\/2022\/10\/leymicaela.jpg","jetpack_shortlink":"https:\/\/wp.me\/p6RhLt-t5n","jetpack_sharing_enabled":true,"_links":{"self":[{"href":"https:\/\/eldiariodesanpedro.com.ar\/sitio\/wp-json\/wp\/v2\/posts\/111809","targetHints":{"allow":["GET"]}}],"collection":[{"href":"https:\/\/eldiariodesanpedro.com.ar\/sitio\/wp-json\/wp\/v2\/posts"}],"about":[{"href":"https:\/\/eldiariodesanpedro.com.ar\/sitio\/wp-json\/wp\/v2\/types\/post"}],"author":[{"embeddable":true,"href":"https:\/\/eldiariodesanpedro.com.ar\/sitio\/wp-json\/wp\/v2\/users\/4"}],"replies":[{"embeddable":true,"href":"https:\/\/eldiariodesanpedro.com.ar\/sitio\/wp-json\/wp\/v2\/comments?post=111809"}],"version-history":[{"count":1,"href":"https:\/\/eldiariodesanpedro.com.ar\/sitio\/wp-json\/wp\/v2\/posts\/111809\/revisions"}],"predecessor-version":[{"id":111812,"href":"https:\/\/eldiariodesanpedro.com.ar\/sitio\/wp-json\/wp\/v2\/posts\/111809\/revisions\/111812"}],"wp:featuredmedia":[{"embeddable":true,"href":"https:\/\/eldiariodesanpedro.com.ar\/sitio\/wp-json\/wp\/v2\/media\/111811"}],"wp:attachment":[{"href":"https:\/\/eldiariodesanpedro.com.ar\/sitio\/wp-json\/wp\/v2\/media?parent=111809"}],"wp:term":[{"taxonomy":"category","embeddable":true,"href":"https:\/\/eldiariodesanpedro.com.ar\/sitio\/wp-json\/wp\/v2\/categories?post=111809"},{"taxonomy":"post_tag","embeddable":true,"href":"https:\/\/eldiariodesanpedro.com.ar\/sitio\/wp-json\/wp\/v2\/tags?post=111809"}],"curies":[{"name":"wp","href":"https:\/\/api.w.org\/{rel}","templated":true}]}}