{"id":111806,"date":"2022-10-27T11:57:11","date_gmt":"2022-10-27T14:57:11","guid":{"rendered":"https:\/\/eldiariodesanpedro.com.ar\/sitio\/?p=111806"},"modified":"2022-10-27T11:57:13","modified_gmt":"2022-10-27T14:57:13","slug":"campana-nacional-de-vacunacion-este-jueves-27-y-viernes-28-de-octubre-de-10-a-14-hs-en-plaza-constitucion","status":"publish","type":"post","link":"https:\/\/eldiariodesanpedro.com.ar\/sitio\/campana-nacional-de-vacunacion-este-jueves-27-y-viernes-28-de-octubre-de-10-a-14-hs-en-plaza-constitucion\/","title":{"rendered":"Campa\u00f1a Nacional de Vacunaci\u00f3n: Este jueves 27 y viernes 28 de octubre de 10 a 14 hs. en Plaza Constituci\u00f3n"},"content":{"rendered":"<!-- VideographyWP Plugin Message: Automatic video embedding prevented by plugin options. -->\n\n<p>La Secretar\u00eda de Salud de la Municipalidad de San Pedro recuerda que este jueves 27 y el viernes 28 de octubre en el horario de 10 a 14 se desarrollar\u00e1n jornadas de vacunaci\u00f3n en Plaza Constituci\u00f3n.<\/p>\n\n\n\n<p>La actividad est\u00e1 sujeta a suspensi\u00f3n dependiendo de las condiciones climatol\u00f3gicas y est\u00e1 dirigida a todas las ni\u00f1as y todos los ni\u00f1os de 13 meses a 4 a\u00f1os inclusive, quienes deben recibir una dosis adicional, gratuita y obligatoria de las vacunas Triple Viral (contra sarampi\u00f3n, rub\u00e9ola y paperas) e IPV (contra poliomielitis), m\u00e1s all\u00e1 de las dosis recibidas previamente.<\/p>\n\n\n\n<p>Adem\u00e1s, podes acercarte con tus hijos e hijas para que reciban estas dosis gratis y obligatorias al Hospital Municipal Emilio Ruffa, Hospitales de las localidades, los Centros de Salud y en la posta sanitaria de Salta y 9 de julio.<\/p>\n\n\n\n<figure class=\"wp-block-image size-full\"><img decoding=\"async\" width=\"630\" height=\"630\" data-attachment-id=\"111807\" data-permalink=\"https:\/\/eldiariodesanpedro.com.ar\/sitio\/campana-nacional-de-vacunacion-este-jueves-27-y-viernes-28-de-octubre-de-10-a-14-hs-en-plaza-constitucion\/whatsapp-image-2022-10-27-at-09-27-37\/\" data-orig-file=\"https:\/\/eldiariodesanpedro.com.ar\/sitio\/wp-content\/uploads\/2022\/10\/WhatsApp-Image-2022-10-27-at-09.27.37.jpeg\" data-orig-size=\"630,630\" data-comments-opened=\"0\" data-image-meta=\"{&quot;aperture&quot;:&quot;0&quot;,&quot;credit&quot;:&quot;&quot;,&quot;camera&quot;:&quot;&quot;,&quot;caption&quot;:&quot;&quot;,&quot;created_timestamp&quot;:&quot;0&quot;,&quot;copyright&quot;:&quot;&quot;,&quot;focal_length&quot;:&quot;0&quot;,&quot;iso&quot;:&quot;0&quot;,&quot;shutter_speed&quot;:&quot;0&quot;,&quot;title&quot;:&quot;&quot;,&quot;orientation&quot;:&quot;0&quot;}\" data-image-title=\"WhatsApp Image 2022-10-27 at 09.27.37\" data-image-description=\"\" data-image-caption=\"\" data-large-file=\"https:\/\/eldiariodesanpedro.com.ar\/sitio\/wp-content\/uploads\/2022\/10\/WhatsApp-Image-2022-10-27-at-09.27.37.jpeg\" data-src=\"https:\/\/eldiariodesanpedro.com.ar\/sitio\/wp-content\/uploads\/2022\/10\/WhatsApp-Image-2022-10-27-at-09.27.37.jpeg\" alt=\"\" class=\"wp-image-111807 lazyload\" data-srcset=\"https:\/\/eldiariodesanpedro.com.ar\/sitio\/wp-content\/uploads\/2022\/10\/WhatsApp-Image-2022-10-27-at-09.27.37.jpeg 630w, https:\/\/eldiariodesanpedro.com.ar\/sitio\/wp-content\/uploads\/2022\/10\/WhatsApp-Image-2022-10-27-at-09.27.37-300x300.jpeg 300w, https:\/\/eldiariodesanpedro.com.ar\/sitio\/wp-content\/uploads\/2022\/10\/WhatsApp-Image-2022-10-27-at-09.27.37-150x150.jpeg 150w\" data-sizes=\"(max-width: 630px) 100vw, 630px\" src=\"data:image\/svg+xml;base64,PHN2ZyB3aWR0aD0iMSIgaGVpZ2h0PSIxIiB4bWxucz0iaHR0cDovL3d3dy53My5vcmcvMjAwMC9zdmciPjwvc3ZnPg==\" style=\"--smush-placeholder-width: 630px; --smush-placeholder-aspect-ratio: 630\/630;\" \/><\/figure>\n","protected":false},"excerpt":{"rendered":"<p>La Secretar\u00eda de Salud de la Municipalidad de San Pedro recuerda que este jueves 27 y el viernes 28 de octubre en el horario de 10 a 14 se desarrollar\u00e1n jornadas de vacunaci\u00f3n en Plaza Constituci\u00f3n. La actividad est\u00e1 sujeta a suspensi\u00f3n dependiendo de las condiciones climatol\u00f3gicas y est\u00e1 dirigida a todas las ni\u00f1as y [&hellip;]<\/p>\n","protected":false},"author":4,"featured_media":94375,"comment_status":"closed","ping_status":"closed","sticky":false,"template":"","format":"standard","meta":{"om_disable_all_campaigns":false,"_jetpack_memberships_contains_paid_content":false,"footnotes":""},"categories":[101,2],"tags":[197,696,33,19],"class_list":["post-111806","post","type-post","status-publish","format-standard","has-post-thumbnail","hentry","category-interes-general-locales","category-locales","tag-buenos-aires","tag-interes-general","tag-locales","tag-san-pedro"],"aioseo_notices":[],"gutentor_comment":0,"jetpack_featured_media_url":"https:\/\/eldiariodesanpedro.com.ar\/sitio\/wp-content\/uploads\/2021\/06\/vacunacionjpg.jpg","jetpack_shortlink":"https:\/\/wp.me\/p6RhLt-t5k","jetpack_sharing_enabled":true,"_links":{"self":[{"href":"https:\/\/eldiariodesanpedro.com.ar\/sitio\/wp-json\/wp\/v2\/posts\/111806","targetHints":{"allow":["GET"]}}],"collection":[{"href":"https:\/\/eldiariodesanpedro.com.ar\/sitio\/wp-json\/wp\/v2\/posts"}],"about":[{"href":"https:\/\/eldiariodesanpedro.com.ar\/sitio\/wp-json\/wp\/v2\/types\/post"}],"author":[{"embeddable":true,"href":"https:\/\/eldiariodesanpedro.com.ar\/sitio\/wp-json\/wp\/v2\/users\/4"}],"replies":[{"embeddable":true,"href":"https:\/\/eldiariodesanpedro.com.ar\/sitio\/wp-json\/wp\/v2\/comments?post=111806"}],"version-history":[{"count":1,"href":"https:\/\/eldiariodesanpedro.com.ar\/sitio\/wp-json\/wp\/v2\/posts\/111806\/revisions"}],"predecessor-version":[{"id":111808,"href":"https:\/\/eldiariodesanpedro.com.ar\/sitio\/wp-json\/wp\/v2\/posts\/111806\/revisions\/111808"}],"wp:featuredmedia":[{"embeddable":true,"href":"https:\/\/eldiariodesanpedro.com.ar\/sitio\/wp-json\/wp\/v2\/media\/94375"}],"wp:attachment":[{"href":"https:\/\/eldiariodesanpedro.com.ar\/sitio\/wp-json\/wp\/v2\/media?parent=111806"}],"wp:term":[{"taxonomy":"category","embeddable":true,"href":"https:\/\/eldiariodesanpedro.com.ar\/sitio\/wp-json\/wp\/v2\/categories?post=111806"},{"taxonomy":"post_tag","embeddable":true,"href":"https:\/\/eldiariodesanpedro.com.ar\/sitio\/wp-json\/wp\/v2\/tags?post=111806"}],"curies":[{"name":"wp","href":"https:\/\/api.w.org\/{rel}","templated":true}]}}