{"id":111796,"date":"2022-10-26T16:19:37","date_gmt":"2022-10-26T19:19:37","guid":{"rendered":"https:\/\/eldiariodesanpedro.com.ar\/sitio\/?p=111796"},"modified":"2022-10-26T16:19:39","modified_gmt":"2022-10-26T19:19:39","slug":"el-hogar-gomendio-realiza-una-rifa-solidaria","status":"publish","type":"post","link":"https:\/\/eldiariodesanpedro.com.ar\/sitio\/el-hogar-gomendio-realiza-una-rifa-solidaria\/","title":{"rendered":"El Hogar Gomendio realiza una rifa solidaria"},"content":{"rendered":"<!-- VideographyWP Plugin Message: Automatic video embedding prevented by plugin options. -->\n\n<p>El Hogar Gomendio se encentra realizando una rifa para poder juntar fondos para poder remplazar los techos de chapa que se encuentran da\u00f1ados.<\/p>\n\n\n\n<p>Seg\u00fan pudimos hablar con una de las representantes de la instituci\u00f3n el edificio tiene grave problemas con los techos y se necesita hacer una inversi\u00f3n que supera los 5 millones de pesos, y la \u00fanica manera de solucionarlo es hacer un pedido de solidaridad a trav\u00e9s de un sorteo y de un evento que se realizara en noviembre.<\/p>\n\n\n\n<p>La rifa tiene un costo de 500 pesos por numero y se sorteara como primer premio un baucher por una estad\u00eda para dos personas en el Hotel de Turismo San Pedro, segundo premio cinco ordenes de compras (solo chorizos) beneficio de la Carnicer\u00eda Corti y en tercer premio una Gorra de A+, cuarto premio un baucher de por el valor de dos mil pesos en Todo Limp y entre otros premios que han sido donados para colaborar con la instituci\u00f3n.<\/p>\n\n\n\n<p>El sortero se realizara el d\u00eda 6 de noviembre durante el \u00abFestival del Hogar Gomendio\u00bb donde habr\u00e1 bandas en vivo, ferias, gastronom\u00eda entre otras cosas, adem\u00e1s de poder conocer el interior del edificio.<\/p>\n\n\n\n<p>Para solicitar la rifa comunicarse con Luz: 3329665051.<\/p>\n\n\n\n<figure class=\"wp-block-image size-full\"><img decoding=\"async\" width=\"354\" height=\"630\" data-attachment-id=\"111798\" data-permalink=\"https:\/\/eldiariodesanpedro.com.ar\/sitio\/el-hogar-gomendio-realiza-una-rifa-solidaria\/whatsapp-image-2022-10-26-at-12-29-50\/\" data-orig-file=\"https:\/\/eldiariodesanpedro.com.ar\/sitio\/wp-content\/uploads\/2022\/10\/WhatsApp-Image-2022-10-26-at-12.29.50.jpeg\" data-orig-size=\"354,630\" data-comments-opened=\"0\" data-image-meta=\"{&quot;aperture&quot;:&quot;0&quot;,&quot;credit&quot;:&quot;&quot;,&quot;camera&quot;:&quot;&quot;,&quot;caption&quot;:&quot;&quot;,&quot;created_timestamp&quot;:&quot;0&quot;,&quot;copyright&quot;:&quot;&quot;,&quot;focal_length&quot;:&quot;0&quot;,&quot;iso&quot;:&quot;0&quot;,&quot;shutter_speed&quot;:&quot;0&quot;,&quot;title&quot;:&quot;&quot;,&quot;orientation&quot;:&quot;0&quot;}\" data-image-title=\"WhatsApp Image 2022-10-26 at 12.29.50\" data-image-description=\"\" data-image-caption=\"\" data-large-file=\"https:\/\/eldiariodesanpedro.com.ar\/sitio\/wp-content\/uploads\/2022\/10\/WhatsApp-Image-2022-10-26-at-12.29.50.jpeg\" data-src=\"https:\/\/eldiariodesanpedro.com.ar\/sitio\/wp-content\/uploads\/2022\/10\/WhatsApp-Image-2022-10-26-at-12.29.50.jpeg\" alt=\"\" class=\"wp-image-111798 lazyload\" data-srcset=\"https:\/\/eldiariodesanpedro.com.ar\/sitio\/wp-content\/uploads\/2022\/10\/WhatsApp-Image-2022-10-26-at-12.29.50.jpeg 354w, https:\/\/eldiariodesanpedro.com.ar\/sitio\/wp-content\/uploads\/2022\/10\/WhatsApp-Image-2022-10-26-at-12.29.50-169x300.jpeg 169w\" data-sizes=\"(max-width: 354px) 100vw, 354px\" src=\"data:image\/svg+xml;base64,PHN2ZyB3aWR0aD0iMSIgaGVpZ2h0PSIxIiB4bWxucz0iaHR0cDovL3d3dy53My5vcmcvMjAwMC9zdmciPjwvc3ZnPg==\" style=\"--smush-placeholder-width: 354px; --smush-placeholder-aspect-ratio: 354\/630;\" \/><\/figure>\n\n\n\n<figure class=\"wp-block-image size-full\"><img decoding=\"async\" width=\"491\" height=\"630\" data-attachment-id=\"111799\" data-permalink=\"https:\/\/eldiariodesanpedro.com.ar\/sitio\/el-hogar-gomendio-realiza-una-rifa-solidaria\/whatsapp-image-2022-10-26-at-12-45-10\/\" data-orig-file=\"https:\/\/eldiariodesanpedro.com.ar\/sitio\/wp-content\/uploads\/2022\/10\/WhatsApp-Image-2022-10-26-at-12.45.10.jpeg\" data-orig-size=\"491,630\" data-comments-opened=\"0\" data-image-meta=\"{&quot;aperture&quot;:&quot;0&quot;,&quot;credit&quot;:&quot;&quot;,&quot;camera&quot;:&quot;&quot;,&quot;caption&quot;:&quot;&quot;,&quot;created_timestamp&quot;:&quot;0&quot;,&quot;copyright&quot;:&quot;&quot;,&quot;focal_length&quot;:&quot;0&quot;,&quot;iso&quot;:&quot;0&quot;,&quot;shutter_speed&quot;:&quot;0&quot;,&quot;title&quot;:&quot;&quot;,&quot;orientation&quot;:&quot;0&quot;}\" data-image-title=\"WhatsApp Image 2022-10-26 at 12.45.10\" data-image-description=\"\" data-image-caption=\"\" data-large-file=\"https:\/\/eldiariodesanpedro.com.ar\/sitio\/wp-content\/uploads\/2022\/10\/WhatsApp-Image-2022-10-26-at-12.45.10.jpeg\" data-src=\"https:\/\/eldiariodesanpedro.com.ar\/sitio\/wp-content\/uploads\/2022\/10\/WhatsApp-Image-2022-10-26-at-12.45.10.jpeg\" alt=\"\" class=\"wp-image-111799 lazyload\" data-srcset=\"https:\/\/eldiariodesanpedro.com.ar\/sitio\/wp-content\/uploads\/2022\/10\/WhatsApp-Image-2022-10-26-at-12.45.10.jpeg 491w, https:\/\/eldiariodesanpedro.com.ar\/sitio\/wp-content\/uploads\/2022\/10\/WhatsApp-Image-2022-10-26-at-12.45.10-234x300.jpeg 234w\" data-sizes=\"(max-width: 491px) 100vw, 491px\" src=\"data:image\/svg+xml;base64,PHN2ZyB3aWR0aD0iMSIgaGVpZ2h0PSIxIiB4bWxucz0iaHR0cDovL3d3dy53My5vcmcvMjAwMC9zdmciPjwvc3ZnPg==\" style=\"--smush-placeholder-width: 491px; --smush-placeholder-aspect-ratio: 491\/630;\" \/><\/figure>\n","protected":false},"excerpt":{"rendered":"<p>El Hogar Gomendio se encentra realizando una rifa para poder juntar fondos para poder remplazar los techos de chapa que se encuentran da\u00f1ados. Seg\u00fan pudimos hablar con una de las representantes de la instituci\u00f3n el edificio tiene grave problemas con los techos y se necesita hacer una inversi\u00f3n que supera los 5 millones de pesos, [&hellip;]<\/p>\n","protected":false},"author":4,"featured_media":111797,"comment_status":"closed","ping_status":"closed","sticky":false,"template":"","format":"standard","meta":{"om_disable_all_campaigns":false,"_jetpack_memberships_contains_paid_content":false,"footnotes":""},"categories":[50,101,2],"tags":[],"class_list":["post-111796","post","type-post","status-publish","format-standard","has-post-thumbnail","hentry","category-destacadas","category-interes-general-locales","category-locales"],"aioseo_notices":[],"gutentor_comment":0,"jetpack_featured_media_url":"https:\/\/eldiariodesanpedro.com.ar\/sitio\/wp-content\/uploads\/2022\/10\/medida-14.png","jetpack_shortlink":"https:\/\/wp.me\/p6RhLt-t5a","jetpack_sharing_enabled":true,"_links":{"self":[{"href":"https:\/\/eldiariodesanpedro.com.ar\/sitio\/wp-json\/wp\/v2\/posts\/111796","targetHints":{"allow":["GET"]}}],"collection":[{"href":"https:\/\/eldiariodesanpedro.com.ar\/sitio\/wp-json\/wp\/v2\/posts"}],"about":[{"href":"https:\/\/eldiariodesanpedro.com.ar\/sitio\/wp-json\/wp\/v2\/types\/post"}],"author":[{"embeddable":true,"href":"https:\/\/eldiariodesanpedro.com.ar\/sitio\/wp-json\/wp\/v2\/users\/4"}],"replies":[{"embeddable":true,"href":"https:\/\/eldiariodesanpedro.com.ar\/sitio\/wp-json\/wp\/v2\/comments?post=111796"}],"version-history":[{"count":1,"href":"https:\/\/eldiariodesanpedro.com.ar\/sitio\/wp-json\/wp\/v2\/posts\/111796\/revisions"}],"predecessor-version":[{"id":111800,"href":"https:\/\/eldiariodesanpedro.com.ar\/sitio\/wp-json\/wp\/v2\/posts\/111796\/revisions\/111800"}],"wp:featuredmedia":[{"embeddable":true,"href":"https:\/\/eldiariodesanpedro.com.ar\/sitio\/wp-json\/wp\/v2\/media\/111797"}],"wp:attachment":[{"href":"https:\/\/eldiariodesanpedro.com.ar\/sitio\/wp-json\/wp\/v2\/media?parent=111796"}],"wp:term":[{"taxonomy":"category","embeddable":true,"href":"https:\/\/eldiariodesanpedro.com.ar\/sitio\/wp-json\/wp\/v2\/categories?post=111796"},{"taxonomy":"post_tag","embeddable":true,"href":"https:\/\/eldiariodesanpedro.com.ar\/sitio\/wp-json\/wp\/v2\/tags?post=111796"}],"curies":[{"name":"wp","href":"https:\/\/api.w.org\/{rel}","templated":true}]}}