{"id":111794,"date":"2022-10-26T15:31:33","date_gmt":"2022-10-26T18:31:33","guid":{"rendered":"https:\/\/eldiariodesanpedro.com.ar\/sitio\/?p=111794"},"modified":"2022-10-26T15:31:36","modified_gmt":"2022-10-26T18:31:36","slug":"denuncian-el-envenenamiento-de-mas-de-8-animales-en-un-barrio","status":"publish","type":"post","link":"https:\/\/eldiariodesanpedro.com.ar\/sitio\/denuncian-el-envenenamiento-de-mas-de-8-animales-en-un-barrio\/","title":{"rendered":"Denuncian el envenenamiento de mas de 8 animales en un barrio"},"content":{"rendered":"<!-- VideographyWP Plugin Message: Automatic video embedding prevented by plugin options. -->\n\n<p>En el d\u00eda de ayer un ciudadano de 42 a\u00f1os se hizo presente en la comisaria de la ciudad &nbsp;para denunciar que autores ignorados estar\u00edan envenenando a perros y gatos de su vecindario, que alguien estar\u00eda tirando comida con veneno, debido a que en la fecha en horas de la madrugada encontr\u00f3 a dos gatos de su propiedad envenenados que finalmente murieron por la ingesta de chorizos secos y carne envenenada.<br>Que radica denuncia ya que son m\u00e1s de 5 o 6 animales muertos en los \u00faltimos d\u00edas en su vecindario.<\/p>\n","protected":false},"excerpt":{"rendered":"<p>En el d\u00eda de ayer un ciudadano de 42 a\u00f1os se hizo presente en la comisaria de la ciudad &nbsp;para denunciar que autores ignorados estar\u00edan envenenando a perros y gatos de su vecindario, que alguien estar\u00eda tirando comida con veneno, debido a que en la fecha en horas de la madrugada encontr\u00f3 a dos gatos [&hellip;]<\/p>\n","protected":false},"author":4,"featured_media":57215,"comment_status":"closed","ping_status":"closed","sticky":false,"template":"","format":"standard","meta":{"om_disable_all_campaigns":false,"_jetpack_memberships_contains_paid_content":false,"footnotes":""},"categories":[50,2,103],"tags":[197,33,95,19],"class_list":["post-111794","post","type-post","status-publish","format-standard","has-post-thumbnail","hentry","category-destacadas","category-locales","category-policiales-locales","tag-buenos-aires","tag-locales","tag-policiales","tag-san-pedro"],"aioseo_notices":[],"gutentor_comment":0,"jetpack_featured_media_url":"https:\/\/eldiariodesanpedro.com.ar\/sitio\/wp-content\/uploads\/2019\/07\/comisaria_1.jpg","jetpack_shortlink":"https:\/\/wp.me\/p6RhLt-t58","jetpack_sharing_enabled":true,"_links":{"self":[{"href":"https:\/\/eldiariodesanpedro.com.ar\/sitio\/wp-json\/wp\/v2\/posts\/111794","targetHints":{"allow":["GET"]}}],"collection":[{"href":"https:\/\/eldiariodesanpedro.com.ar\/sitio\/wp-json\/wp\/v2\/posts"}],"about":[{"href":"https:\/\/eldiariodesanpedro.com.ar\/sitio\/wp-json\/wp\/v2\/types\/post"}],"author":[{"embeddable":true,"href":"https:\/\/eldiariodesanpedro.com.ar\/sitio\/wp-json\/wp\/v2\/users\/4"}],"replies":[{"embeddable":true,"href":"https:\/\/eldiariodesanpedro.com.ar\/sitio\/wp-json\/wp\/v2\/comments?post=111794"}],"version-history":[{"count":1,"href":"https:\/\/eldiariodesanpedro.com.ar\/sitio\/wp-json\/wp\/v2\/posts\/111794\/revisions"}],"predecessor-version":[{"id":111795,"href":"https:\/\/eldiariodesanpedro.com.ar\/sitio\/wp-json\/wp\/v2\/posts\/111794\/revisions\/111795"}],"wp:featuredmedia":[{"embeddable":true,"href":"https:\/\/eldiariodesanpedro.com.ar\/sitio\/wp-json\/wp\/v2\/media\/57215"}],"wp:attachment":[{"href":"https:\/\/eldiariodesanpedro.com.ar\/sitio\/wp-json\/wp\/v2\/media?parent=111794"}],"wp:term":[{"taxonomy":"category","embeddable":true,"href":"https:\/\/eldiariodesanpedro.com.ar\/sitio\/wp-json\/wp\/v2\/categories?post=111794"},{"taxonomy":"post_tag","embeddable":true,"href":"https:\/\/eldiariodesanpedro.com.ar\/sitio\/wp-json\/wp\/v2\/tags?post=111794"}],"curies":[{"name":"wp","href":"https:\/\/api.w.org\/{rel}","templated":true}]}}