{"id":111790,"date":"2022-10-26T14:07:37","date_gmt":"2022-10-26T17:07:37","guid":{"rendered":"https:\/\/eldiariodesanpedro.com.ar\/sitio\/?p=111790"},"modified":"2022-10-26T14:09:28","modified_gmt":"2022-10-26T17:09:28","slug":"aprehende-a-un-menor-con-un-arma-blanca-en-la-via-publica","status":"publish","type":"post","link":"https:\/\/eldiariodesanpedro.com.ar\/sitio\/aprehende-a-un-menor-con-un-arma-blanca-en-la-via-publica\/","title":{"rendered":"Aprehenden a un menor con un arma blanca en la v\u00eda publica"},"content":{"rendered":"<!-- VideographyWP Plugin Message: Automatic video embedding prevented by plugin options. -->\n\n<p>En el d\u00eda de ayer el personal policial en Bozzano y Las Provincias se aprehendi\u00f3 a&nbsp;un ciudadano, secuestr\u00e1ndole en su poder arma blanca.<\/p>\n\n\n\n<p>Posteriormente se le otorga la libertad siendo retirado por progenitora.- Interviene Juzgado de Paz Letrado de San Pedro.-<\/p>\n","protected":false},"excerpt":{"rendered":"<p>En el d\u00eda de ayer el personal policial en Bozzano y Las Provincias se aprehendi\u00f3 a&nbsp;un ciudadano, secuestr\u00e1ndole en su poder arma blanca. Posteriormente se le otorga la libertad siendo retirado por progenitora.- Interviene Juzgado de Paz Letrado de San Pedro.-<\/p>\n","protected":false},"author":4,"featured_media":111791,"comment_status":"closed","ping_status":"closed","sticky":false,"template":"","format":"standard","meta":{"om_disable_all_campaigns":false,"_jetpack_memberships_contains_paid_content":false,"footnotes":""},"categories":[2,103],"tags":[197,33,95,19],"class_list":["post-111790","post","type-post","status-publish","format-standard","has-post-thumbnail","hentry","category-locales","category-policiales-locales","tag-buenos-aires","tag-locales","tag-policiales","tag-san-pedro"],"aioseo_notices":[],"gutentor_comment":0,"jetpack_featured_media_url":"https:\/\/eldiariodesanpedro.com.ar\/sitio\/wp-content\/uploads\/2022\/10\/4-2.jpg","jetpack_shortlink":"https:\/\/wp.me\/p6RhLt-t54","jetpack_sharing_enabled":true,"_links":{"self":[{"href":"https:\/\/eldiariodesanpedro.com.ar\/sitio\/wp-json\/wp\/v2\/posts\/111790","targetHints":{"allow":["GET"]}}],"collection":[{"href":"https:\/\/eldiariodesanpedro.com.ar\/sitio\/wp-json\/wp\/v2\/posts"}],"about":[{"href":"https:\/\/eldiariodesanpedro.com.ar\/sitio\/wp-json\/wp\/v2\/types\/post"}],"author":[{"embeddable":true,"href":"https:\/\/eldiariodesanpedro.com.ar\/sitio\/wp-json\/wp\/v2\/users\/4"}],"replies":[{"embeddable":true,"href":"https:\/\/eldiariodesanpedro.com.ar\/sitio\/wp-json\/wp\/v2\/comments?post=111790"}],"version-history":[{"count":2,"href":"https:\/\/eldiariodesanpedro.com.ar\/sitio\/wp-json\/wp\/v2\/posts\/111790\/revisions"}],"predecessor-version":[{"id":111793,"href":"https:\/\/eldiariodesanpedro.com.ar\/sitio\/wp-json\/wp\/v2\/posts\/111790\/revisions\/111793"}],"wp:featuredmedia":[{"embeddable":true,"href":"https:\/\/eldiariodesanpedro.com.ar\/sitio\/wp-json\/wp\/v2\/media\/111791"}],"wp:attachment":[{"href":"https:\/\/eldiariodesanpedro.com.ar\/sitio\/wp-json\/wp\/v2\/media?parent=111790"}],"wp:term":[{"taxonomy":"category","embeddable":true,"href":"https:\/\/eldiariodesanpedro.com.ar\/sitio\/wp-json\/wp\/v2\/categories?post=111790"},{"taxonomy":"post_tag","embeddable":true,"href":"https:\/\/eldiariodesanpedro.com.ar\/sitio\/wp-json\/wp\/v2\/tags?post=111790"}],"curies":[{"name":"wp","href":"https:\/\/api.w.org\/{rel}","templated":true}]}}