{"id":111785,"date":"2022-10-26T13:25:13","date_gmt":"2022-10-26T16:25:13","guid":{"rendered":"https:\/\/eldiariodesanpedro.com.ar\/sitio\/?p=111785"},"modified":"2022-10-26T13:25:14","modified_gmt":"2022-10-26T16:25:14","slug":"secuestran-motocicleta-por-alterar-el-orden-publico","status":"publish","type":"post","link":"https:\/\/eldiariodesanpedro.com.ar\/sitio\/secuestran-motocicleta-por-alterar-el-orden-publico\/","title":{"rendered":"Secuestran motocicleta por alterar el orden publico"},"content":{"rendered":"<!-- VideographyWP Plugin Message: Automatic video embedding prevented by plugin options. -->\n\n<p>En el d\u00eda de ayer el personal policial en horas de la tarde del destacamento de Santa Lucia, en casco urbano calle Mariano Moreno intercesi\u00f3n 25 de Mayo, secuestra motocicleta marca \u00a0Brava 150 cc, \u00a0la cual es guiada por masculino de 26 a\u00f1os quien alteraba orden p\u00fablico con escape deficiente, armas de carecer de todo tipo de documentaci\u00f3n habilitante para circular, quedando a disposici\u00f3n de juzgado de Faltas San Pedro, quien labra actas de infracci\u00f3n e incautaci\u00f3n correspondiente.<\/p>\n","protected":false},"excerpt":{"rendered":"<p>En el d\u00eda de ayer el personal policial en horas de la tarde del destacamento de Santa Lucia, en casco urbano calle Mariano Moreno intercesi\u00f3n 25 de Mayo, secuestra motocicleta marca \u00a0Brava 150 cc, \u00a0la cual es guiada por masculino de 26 a\u00f1os quien alteraba orden p\u00fablico con escape deficiente, armas de carecer de todo [&hellip;]<\/p>\n","protected":false},"author":4,"featured_media":111786,"comment_status":"closed","ping_status":"closed","sticky":false,"template":"","format":"standard","meta":{"om_disable_all_campaigns":false,"_jetpack_memberships_contains_paid_content":false,"footnotes":""},"categories":[2,103],"tags":[197,33,95,19],"class_list":["post-111785","post","type-post","status-publish","format-standard","has-post-thumbnail","hentry","category-locales","category-policiales-locales","tag-buenos-aires","tag-locales","tag-policiales","tag-san-pedro"],"aioseo_notices":[],"gutentor_comment":0,"jetpack_featured_media_url":"https:\/\/eldiariodesanpedro.com.ar\/sitio\/wp-content\/uploads\/2022\/10\/medida-13.png","jetpack_shortlink":"https:\/\/wp.me\/p6RhLt-t4Z","jetpack_sharing_enabled":true,"_links":{"self":[{"href":"https:\/\/eldiariodesanpedro.com.ar\/sitio\/wp-json\/wp\/v2\/posts\/111785","targetHints":{"allow":["GET"]}}],"collection":[{"href":"https:\/\/eldiariodesanpedro.com.ar\/sitio\/wp-json\/wp\/v2\/posts"}],"about":[{"href":"https:\/\/eldiariodesanpedro.com.ar\/sitio\/wp-json\/wp\/v2\/types\/post"}],"author":[{"embeddable":true,"href":"https:\/\/eldiariodesanpedro.com.ar\/sitio\/wp-json\/wp\/v2\/users\/4"}],"replies":[{"embeddable":true,"href":"https:\/\/eldiariodesanpedro.com.ar\/sitio\/wp-json\/wp\/v2\/comments?post=111785"}],"version-history":[{"count":1,"href":"https:\/\/eldiariodesanpedro.com.ar\/sitio\/wp-json\/wp\/v2\/posts\/111785\/revisions"}],"predecessor-version":[{"id":111787,"href":"https:\/\/eldiariodesanpedro.com.ar\/sitio\/wp-json\/wp\/v2\/posts\/111785\/revisions\/111787"}],"wp:featuredmedia":[{"embeddable":true,"href":"https:\/\/eldiariodesanpedro.com.ar\/sitio\/wp-json\/wp\/v2\/media\/111786"}],"wp:attachment":[{"href":"https:\/\/eldiariodesanpedro.com.ar\/sitio\/wp-json\/wp\/v2\/media?parent=111785"}],"wp:term":[{"taxonomy":"category","embeddable":true,"href":"https:\/\/eldiariodesanpedro.com.ar\/sitio\/wp-json\/wp\/v2\/categories?post=111785"},{"taxonomy":"post_tag","embeddable":true,"href":"https:\/\/eldiariodesanpedro.com.ar\/sitio\/wp-json\/wp\/v2\/tags?post=111785"}],"curies":[{"name":"wp","href":"https:\/\/api.w.org\/{rel}","templated":true}]}}