{"id":111781,"date":"2022-10-26T12:29:34","date_gmt":"2022-10-26T15:29:34","guid":{"rendered":"https:\/\/eldiariodesanpedro.com.ar\/sitio\/?p=111781"},"modified":"2022-10-26T12:29:35","modified_gmt":"2022-10-26T15:29:35","slug":"el-grupo-conservacionista-de-fosiles-participo-de-la-vii-semana-de-la-arqueologia-y-la-paleontologia","status":"publish","type":"post","link":"https:\/\/eldiariodesanpedro.com.ar\/sitio\/el-grupo-conservacionista-de-fosiles-participo-de-la-vii-semana-de-la-arqueologia-y-la-paleontologia\/","title":{"rendered":"El Grupo Conservacionista de f\u00f3siles particip\u00f3 de la VII Semana de la Arqueolog\u00eda y la Paleontolog\u00eda"},"content":{"rendered":"<!-- VideographyWP Plugin Message: Automatic video embedding prevented by plugin options. -->\n\n<p>Buenos Aires es una de las capitales del mundo con mayores ofertas culturales y entre ellas, la arqueolog\u00eda y la paleontolog\u00eda son disciplinas que atraen a ni\u00f1os y adultos.&nbsp;<\/p>\n\n\n\n<p>Entre el&nbsp;24 de octubre y el 1\u00b0 de noviembre de 2022, se lleva a cabo, organizada por&nbsp;<strong>Patrimonio de la Ciudad de Buenos Aires<\/strong>,&nbsp;la octava edici\u00f3n de la&nbsp;Semana de la Arqueolog\u00eda y la Paleontolog\u00eda de Buenos Aires.<br>Se desarrollan diferentes actividades vinculadas con estas ciencias: ponencias sobre trabajos arqueol\u00f3gicos y paleontol\u00f3gicos en diferentes sitios del pa\u00eds y en el exterior, visitas guiadas a sitios destacados dentro del \u00e1mbito hist\u00f3rico de la ciudad y una serie de conversatorios que abordan cuestiones vinculadas a intervenciones arqueol\u00f3gicas y paleontol\u00f3gicas, restauraci\u00f3n, conservaci\u00f3n y legislaci\u00f3n.<\/p>\n\n\n\n<p>En este marco, el&nbsp;<strong>Grupo Conservacionista de F\u00f3siles<\/strong>, equipo del Museo Paleontol\u00f3gico de San Pedro, fue invitado a exponer en la primera jornada.&nbsp;<strong>Jos\u00e9 Luis Aguilar, Javier Saucedo y Walter Parra<\/strong>&nbsp;viajaron para contar la experiencia local, los principales hallazgos realizados en nuestro partido y los detalles diarios de trabajos en campo y museo.<\/p>\n\n\n\n<p>Desde el grupo de San Pedro se expusieron descubrimientos como el ciervo f\u00f3sil m\u00e1s completo de Argentina, el descubrimiento de Arqueomylodon sampedrinensis, la \u00abfamilia\u00bb de armadillos gigantes, el descubrimiento de Theriodictis platensis (un c\u00e1nido f\u00f3sil) y la localizaci\u00f3n del hist\u00f3rico buque \u00abRepublicano\u00bb, entre otros temas.<\/p>\n\n\n\n<p>Se respondieron consultas realizadas por el p\u00fablico presente y se aprovech\u00f3 la oportunidad&nbsp;para difundir San Pedro y el cuidado de su patrimonio cultural.El cierre del evento estar\u00e1 a cargo del&nbsp;Dr. Eduardo Pedro Tonni, profesor em\u00e9rito de la Universidad de La Plata, paleont\u00f3logo de reconocid\u00edsima trayectoria y asesor permanente del Museo Paleontol\u00f3gico de nuestra ciudad.<\/p>\n\n\n\n<p>Desde el equipo sampedrino se agradece\u00a0p\u00fablicamente a los organizadores, la invitaci\u00f3n a participar de este prestigioso evento.<\/p>\n\n\n\n<figure class=\"wp-block-image size-full\"><img decoding=\"async\" width=\"504\" height=\"630\" data-attachment-id=\"111782\" data-permalink=\"https:\/\/eldiariodesanpedro.com.ar\/sitio\/el-grupo-conservacionista-de-fosiles-participo-de-la-vii-semana-de-la-arqueologia-y-la-paleontologia\/fb_img_1666749582363\/\" data-orig-file=\"https:\/\/eldiariodesanpedro.com.ar\/sitio\/wp-content\/uploads\/2022\/10\/FB_IMG_1666749582363.jpg\" data-orig-size=\"504,630\" data-comments-opened=\"0\" data-image-meta=\"{&quot;aperture&quot;:&quot;0&quot;,&quot;credit&quot;:&quot;&quot;,&quot;camera&quot;:&quot;&quot;,&quot;caption&quot;:&quot;&quot;,&quot;created_timestamp&quot;:&quot;0&quot;,&quot;copyright&quot;:&quot;&quot;,&quot;focal_length&quot;:&quot;0&quot;,&quot;iso&quot;:&quot;0&quot;,&quot;shutter_speed&quot;:&quot;0&quot;,&quot;title&quot;:&quot;&quot;,&quot;orientation&quot;:&quot;0&quot;}\" data-image-title=\"FB_IMG_1666749582363\" data-image-description=\"\" data-image-caption=\"\" data-large-file=\"https:\/\/eldiariodesanpedro.com.ar\/sitio\/wp-content\/uploads\/2022\/10\/FB_IMG_1666749582363.jpg\" data-src=\"https:\/\/eldiariodesanpedro.com.ar\/sitio\/wp-content\/uploads\/2022\/10\/FB_IMG_1666749582363.jpg\" alt=\"\" class=\"wp-image-111782 lazyload\" data-srcset=\"https:\/\/eldiariodesanpedro.com.ar\/sitio\/wp-content\/uploads\/2022\/10\/FB_IMG_1666749582363.jpg 504w, https:\/\/eldiariodesanpedro.com.ar\/sitio\/wp-content\/uploads\/2022\/10\/FB_IMG_1666749582363-240x300.jpg 240w\" data-sizes=\"(max-width: 504px) 100vw, 504px\" src=\"data:image\/svg+xml;base64,PHN2ZyB3aWR0aD0iMSIgaGVpZ2h0PSIxIiB4bWxucz0iaHR0cDovL3d3dy53My5vcmcvMjAwMC9zdmciPjwvc3ZnPg==\" style=\"--smush-placeholder-width: 504px; --smush-placeholder-aspect-ratio: 504\/630;\" \/><\/figure>\n","protected":false},"excerpt":{"rendered":"<p>Buenos Aires es una de las capitales del mundo con mayores ofertas culturales y entre ellas, la arqueolog\u00eda y la paleontolog\u00eda son disciplinas que atraen a ni\u00f1os y adultos.&nbsp; Entre el&nbsp;24 de octubre y el 1\u00b0 de noviembre de 2022, se lleva a cabo, organizada por&nbsp;Patrimonio de la Ciudad de Buenos Aires,&nbsp;la octava edici\u00f3n de [&hellip;]<\/p>\n","protected":false},"author":4,"featured_media":111783,"comment_status":"closed","ping_status":"closed","sticky":false,"template":"","format":"standard","meta":{"om_disable_all_campaigns":false,"_jetpack_memberships_contains_paid_content":false,"footnotes":""},"categories":[50,101,2],"tags":[197,696,33,19],"class_list":["post-111781","post","type-post","status-publish","format-standard","has-post-thumbnail","hentry","category-destacadas","category-interes-general-locales","category-locales","tag-buenos-aires","tag-interes-general","tag-locales","tag-san-pedro"],"aioseo_notices":[],"gutentor_comment":0,"jetpack_featured_media_url":"https:\/\/eldiariodesanpedro.com.ar\/sitio\/wp-content\/uploads\/2022\/10\/IMG-20221024-WA0056_2.jpg","jetpack_shortlink":"https:\/\/wp.me\/p6RhLt-t4V","jetpack_sharing_enabled":true,"_links":{"self":[{"href":"https:\/\/eldiariodesanpedro.com.ar\/sitio\/wp-json\/wp\/v2\/posts\/111781","targetHints":{"allow":["GET"]}}],"collection":[{"href":"https:\/\/eldiariodesanpedro.com.ar\/sitio\/wp-json\/wp\/v2\/posts"}],"about":[{"href":"https:\/\/eldiariodesanpedro.com.ar\/sitio\/wp-json\/wp\/v2\/types\/post"}],"author":[{"embeddable":true,"href":"https:\/\/eldiariodesanpedro.com.ar\/sitio\/wp-json\/wp\/v2\/users\/4"}],"replies":[{"embeddable":true,"href":"https:\/\/eldiariodesanpedro.com.ar\/sitio\/wp-json\/wp\/v2\/comments?post=111781"}],"version-history":[{"count":1,"href":"https:\/\/eldiariodesanpedro.com.ar\/sitio\/wp-json\/wp\/v2\/posts\/111781\/revisions"}],"predecessor-version":[{"id":111784,"href":"https:\/\/eldiariodesanpedro.com.ar\/sitio\/wp-json\/wp\/v2\/posts\/111781\/revisions\/111784"}],"wp:featuredmedia":[{"embeddable":true,"href":"https:\/\/eldiariodesanpedro.com.ar\/sitio\/wp-json\/wp\/v2\/media\/111783"}],"wp:attachment":[{"href":"https:\/\/eldiariodesanpedro.com.ar\/sitio\/wp-json\/wp\/v2\/media?parent=111781"}],"wp:term":[{"taxonomy":"category","embeddable":true,"href":"https:\/\/eldiariodesanpedro.com.ar\/sitio\/wp-json\/wp\/v2\/categories?post=111781"},{"taxonomy":"post_tag","embeddable":true,"href":"https:\/\/eldiariodesanpedro.com.ar\/sitio\/wp-json\/wp\/v2\/tags?post=111781"}],"curies":[{"name":"wp","href":"https:\/\/api.w.org\/{rel}","templated":true}]}}