{"id":111767,"date":"2022-10-26T11:59:46","date_gmt":"2022-10-26T14:59:46","guid":{"rendered":"https:\/\/eldiariodesanpedro.com.ar\/sitio\/?p=111767"},"modified":"2022-10-26T11:59:47","modified_gmt":"2022-10-26T14:59:47","slug":"inscripcion-abierta-para-la-2o-fiesta-del-pati-en-vuelta-de-obligado","status":"publish","type":"post","link":"https:\/\/eldiariodesanpedro.com.ar\/sitio\/inscripcion-abierta-para-la-2o-fiesta-del-pati-en-vuelta-de-obligado\/","title":{"rendered":"Inscripci\u00f3n abierta para la 2\u00ba Fiesta del Pat\u00ed en Vuelta de Obligado"},"content":{"rendered":"<!-- VideographyWP Plugin Message: Automatic video embedding prevented by plugin options. -->\n\n<p>El grupo Amigos de Vuelta de Obligado con el apoyo de la subcomisi\u00f3n de Agricultores Club de Gobernador Castro y la Municipalidad de San pedro tiene abierta la inscripci\u00f3n de participantes para la segunda edici\u00f3n de la Fiesta del Pat\u00ed que se concretar\u00e1 el pr\u00f3ximo 12 de noviembre.<\/p>\n\n\n\n<p>Despu\u00e9s del primer encuentro realizado meses atr\u00e1s el grupo viene trabajando intensamente para volver a celebrar esta competencia de pesca con devoluci\u00f3n abriendo la Semana de la Soberan\u00eda que contar\u00e1 con actos y eventos en el sitio hist\u00f3rico y en la localidad.<\/p>\n\n\n\n<p>Los interesados en inscribirse pueden comunicarse al 3329-338871 (Samuel) y 3329-543754 (Franco). Pueden participar 3 pescadores por embarcaci\u00f3n y habr\u00e1 premios en efectivo, art\u00edculos de pesca y una cena y fiesta de cierre.<\/p>\n\n\n\n<figure class=\"wp-block-image size-full\"><img decoding=\"async\" width=\"630\" height=\"630\" data-attachment-id=\"111768\" data-permalink=\"https:\/\/eldiariodesanpedro.com.ar\/sitio\/inscripcion-abierta-para-la-2o-fiesta-del-pati-en-vuelta-de-obligado\/whatsapp-image-2022-10-26-at-08-26-43\/\" data-orig-file=\"https:\/\/eldiariodesanpedro.com.ar\/sitio\/wp-content\/uploads\/2022\/10\/WhatsApp-Image-2022-10-26-at-08.26.43.jpeg\" data-orig-size=\"630,630\" data-comments-opened=\"0\" data-image-meta=\"{&quot;aperture&quot;:&quot;0&quot;,&quot;credit&quot;:&quot;&quot;,&quot;camera&quot;:&quot;&quot;,&quot;caption&quot;:&quot;&quot;,&quot;created_timestamp&quot;:&quot;0&quot;,&quot;copyright&quot;:&quot;&quot;,&quot;focal_length&quot;:&quot;0&quot;,&quot;iso&quot;:&quot;0&quot;,&quot;shutter_speed&quot;:&quot;0&quot;,&quot;title&quot;:&quot;&quot;,&quot;orientation&quot;:&quot;0&quot;}\" data-image-title=\"WhatsApp Image 2022-10-26 at 08.26.43\" data-image-description=\"\" data-image-caption=\"\" data-large-file=\"https:\/\/eldiariodesanpedro.com.ar\/sitio\/wp-content\/uploads\/2022\/10\/WhatsApp-Image-2022-10-26-at-08.26.43.jpeg\" data-src=\"https:\/\/eldiariodesanpedro.com.ar\/sitio\/wp-content\/uploads\/2022\/10\/WhatsApp-Image-2022-10-26-at-08.26.43.jpeg\" alt=\"\" class=\"wp-image-111768 lazyload\" data-srcset=\"https:\/\/eldiariodesanpedro.com.ar\/sitio\/wp-content\/uploads\/2022\/10\/WhatsApp-Image-2022-10-26-at-08.26.43.jpeg 630w, https:\/\/eldiariodesanpedro.com.ar\/sitio\/wp-content\/uploads\/2022\/10\/WhatsApp-Image-2022-10-26-at-08.26.43-300x300.jpeg 300w, https:\/\/eldiariodesanpedro.com.ar\/sitio\/wp-content\/uploads\/2022\/10\/WhatsApp-Image-2022-10-26-at-08.26.43-150x150.jpeg 150w\" data-sizes=\"(max-width: 630px) 100vw, 630px\" src=\"data:image\/svg+xml;base64,PHN2ZyB3aWR0aD0iMSIgaGVpZ2h0PSIxIiB4bWxucz0iaHR0cDovL3d3dy53My5vcmcvMjAwMC9zdmciPjwvc3ZnPg==\" style=\"--smush-placeholder-width: 630px; --smush-placeholder-aspect-ratio: 630\/630;\" \/><\/figure>\n","protected":false},"excerpt":{"rendered":"<p>El grupo Amigos de Vuelta de Obligado con el apoyo de la subcomisi\u00f3n de Agricultores Club de Gobernador Castro y la Municipalidad de San pedro tiene abierta la inscripci\u00f3n de participantes para la segunda edici\u00f3n de la Fiesta del Pat\u00ed que se concretar\u00e1 el pr\u00f3ximo 12 de noviembre. Despu\u00e9s del primer encuentro realizado meses atr\u00e1s [&hellip;]<\/p>\n","protected":false},"author":4,"featured_media":111769,"comment_status":"closed","ping_status":"closed","sticky":false,"template":"","format":"standard","meta":{"om_disable_all_campaigns":false,"_jetpack_memberships_contains_paid_content":false,"footnotes":""},"categories":[50,101,2],"tags":[197,696,33,19],"class_list":["post-111767","post","type-post","status-publish","format-standard","has-post-thumbnail","hentry","category-destacadas","category-interes-general-locales","category-locales","tag-buenos-aires","tag-interes-general","tag-locales","tag-san-pedro"],"aioseo_notices":[],"gutentor_comment":0,"jetpack_featured_media_url":"https:\/\/eldiariodesanpedro.com.ar\/sitio\/wp-content\/uploads\/2022\/10\/WhatsApp-Image-2022-06-26-at-12.53.52-PM.webp","jetpack_shortlink":"https:\/\/wp.me\/p6RhLt-t4H","jetpack_sharing_enabled":true,"_links":{"self":[{"href":"https:\/\/eldiariodesanpedro.com.ar\/sitio\/wp-json\/wp\/v2\/posts\/111767","targetHints":{"allow":["GET"]}}],"collection":[{"href":"https:\/\/eldiariodesanpedro.com.ar\/sitio\/wp-json\/wp\/v2\/posts"}],"about":[{"href":"https:\/\/eldiariodesanpedro.com.ar\/sitio\/wp-json\/wp\/v2\/types\/post"}],"author":[{"embeddable":true,"href":"https:\/\/eldiariodesanpedro.com.ar\/sitio\/wp-json\/wp\/v2\/users\/4"}],"replies":[{"embeddable":true,"href":"https:\/\/eldiariodesanpedro.com.ar\/sitio\/wp-json\/wp\/v2\/comments?post=111767"}],"version-history":[{"count":1,"href":"https:\/\/eldiariodesanpedro.com.ar\/sitio\/wp-json\/wp\/v2\/posts\/111767\/revisions"}],"predecessor-version":[{"id":111770,"href":"https:\/\/eldiariodesanpedro.com.ar\/sitio\/wp-json\/wp\/v2\/posts\/111767\/revisions\/111770"}],"wp:featuredmedia":[{"embeddable":true,"href":"https:\/\/eldiariodesanpedro.com.ar\/sitio\/wp-json\/wp\/v2\/media\/111769"}],"wp:attachment":[{"href":"https:\/\/eldiariodesanpedro.com.ar\/sitio\/wp-json\/wp\/v2\/media?parent=111767"}],"wp:term":[{"taxonomy":"category","embeddable":true,"href":"https:\/\/eldiariodesanpedro.com.ar\/sitio\/wp-json\/wp\/v2\/categories?post=111767"},{"taxonomy":"post_tag","embeddable":true,"href":"https:\/\/eldiariodesanpedro.com.ar\/sitio\/wp-json\/wp\/v2\/tags?post=111767"}],"curies":[{"name":"wp","href":"https:\/\/api.w.org\/{rel}","templated":true}]}}