{"id":111744,"date":"2022-10-25T12:04:10","date_gmt":"2022-10-25T15:04:10","guid":{"rendered":"https:\/\/eldiariodesanpedro.com.ar\/sitio\/?p=111744"},"modified":"2022-10-25T12:04:11","modified_gmt":"2022-10-25T15:04:11","slug":"con-datos-contundentes-sobre-la-sequia-la-comision-local-de-emergencia-eleva-el-pedido-ante-el-gobierno-provincial","status":"publish","type":"post","link":"https:\/\/eldiariodesanpedro.com.ar\/sitio\/con-datos-contundentes-sobre-la-sequia-la-comision-local-de-emergencia-eleva-el-pedido-ante-el-gobierno-provincial\/","title":{"rendered":"Con datos contundentes sobre la sequ\u00eda, la comisi\u00f3n local de emergencia eleva el pedido ante el gobierno provincial"},"content":{"rendered":"<!-- VideographyWP Plugin Message: Automatic video embedding prevented by plugin options. -->\n\n<p>La Municipalidad de San Pedro a trav\u00e9s de sus secretar\u00edas involucradas en el tema convoc\u00f3 a la reuni\u00f3n de la Comisi\u00f3n de Emergencia Agropecuaria para analizar la situaci\u00f3n general y disponer las medidas de pr\u00e1ctica ante este tipo de situaciones.<\/p>\n\n\n\n<p>La reuni\u00f3n se desarroll\u00f3 en la Liga Deportiva Sampedrina con la participaci\u00f3n de representantes de los ministerios de Desarrollo Agrario, Trabajo, la Sociedad Rural, CAPROEM, C\u00e1mara de viveristas, SENASA, INASE, INTA, bancos con sede local y concejales.<\/p>\n\n\n\n<p>El encuentro se centr\u00f3 en el informe elaborado por el INTA San Pedro y presentado por su Directora, Ing. Agr. Laura Hansen con un panorama clim\u00e1tico regional, pron\u00f3sticos, registros de datos meteorol\u00f3gicos, estado de los cultivos y situaci\u00f3n ganadera.<\/p>\n\n\n\n<p>Con esta informaci\u00f3n se eleva ante el gobierno provincial la solicitud para la declaraci\u00f3n de esta emergencia y al mismo tiempo se analizan otras medidas que puedan acompa\u00f1ar a los sectores m\u00e1s perjudicados en el corto y mediano plazo.<\/p>\n\n\n\n<p>Dentro de los datos analizados en la reuni\u00f3n y que fueron parte del informe se apunta un d\u00e9ficit de 160,2 mm en relaci\u00f3n al promedio de lluvias acumulado, que es notoriamente m\u00e1s importante cuando se visualizan las precipitaciones que deber\u00edan nutrir a los cultivos de oto\u00f1o-invierno, y especialmente las sucedidas desde junio que no alcanzaron los 10 mil\u00edmetros para un promedio acumulado estimado de 190,8, es decir menos del 5% de lo esperado. Esta situaci\u00f3n, reafirma la caracterizaci\u00f3n de sequ\u00eda severa que marca la Direcci\u00f3n Nacional de Riesgo y Emergencia Agropecuaria, y preocupa en un escenario que para el \u00faltimo trimestre del a\u00f1o marca precipitaciones entre el 50y 55% menos seg\u00fan los datos del SMN.<\/p>\n\n\n\n<p>El trabajo de INTA describe detalladamente la situaci\u00f3n de los viveros, de la batata, de los frutales y de los cultivos agr\u00edcolas, que se vio profundizada por las heladas tard\u00edas del 9 de octubre.<\/p>\n\n\n\n<p>En relaci\u00f3n a los cultivos agr\u00edcolas, se realiz\u00f3 un an\u00e1lisis mediante im\u00e1genes satelitales que se compararon para la misma \u00e9poca en 2021, dando cuenta de una situaci\u00f3n muy preocupante para trigo y arveja. En el caso del trigo, puntualmente se\u00f1ala que los da\u00f1os son mayores a 70% y algunos hasta el 100%.<\/p>\n","protected":false},"excerpt":{"rendered":"<p>La Municipalidad de San Pedro a trav\u00e9s de sus secretar\u00edas involucradas en el tema convoc\u00f3 a la reuni\u00f3n de la Comisi\u00f3n de Emergencia Agropecuaria para analizar la situaci\u00f3n general y disponer las medidas de pr\u00e1ctica ante este tipo de situaciones. La reuni\u00f3n se desarroll\u00f3 en la Liga Deportiva Sampedrina con la participaci\u00f3n de representantes de [&hellip;]<\/p>\n","protected":false},"author":4,"featured_media":111745,"comment_status":"closed","ping_status":"closed","sticky":false,"template":"","format":"standard","meta":{"om_disable_all_campaigns":false,"_jetpack_memberships_contains_paid_content":false,"footnotes":""},"categories":[50,101,2],"tags":[197,696,33,95,19],"class_list":["post-111744","post","type-post","status-publish","format-standard","has-post-thumbnail","hentry","category-destacadas","category-interes-general-locales","category-locales","tag-buenos-aires","tag-interes-general","tag-locales","tag-policiales","tag-san-pedro"],"aioseo_notices":[],"gutentor_comment":0,"jetpack_featured_media_url":"https:\/\/eldiariodesanpedro.com.ar\/sitio\/wp-content\/uploads\/2022\/10\/WhatsApp-Image-2022-10-25-at-11.19.00.jpeg","jetpack_shortlink":"https:\/\/wp.me\/p6RhLt-t4k","jetpack_sharing_enabled":true,"_links":{"self":[{"href":"https:\/\/eldiariodesanpedro.com.ar\/sitio\/wp-json\/wp\/v2\/posts\/111744","targetHints":{"allow":["GET"]}}],"collection":[{"href":"https:\/\/eldiariodesanpedro.com.ar\/sitio\/wp-json\/wp\/v2\/posts"}],"about":[{"href":"https:\/\/eldiariodesanpedro.com.ar\/sitio\/wp-json\/wp\/v2\/types\/post"}],"author":[{"embeddable":true,"href":"https:\/\/eldiariodesanpedro.com.ar\/sitio\/wp-json\/wp\/v2\/users\/4"}],"replies":[{"embeddable":true,"href":"https:\/\/eldiariodesanpedro.com.ar\/sitio\/wp-json\/wp\/v2\/comments?post=111744"}],"version-history":[{"count":1,"href":"https:\/\/eldiariodesanpedro.com.ar\/sitio\/wp-json\/wp\/v2\/posts\/111744\/revisions"}],"predecessor-version":[{"id":111746,"href":"https:\/\/eldiariodesanpedro.com.ar\/sitio\/wp-json\/wp\/v2\/posts\/111744\/revisions\/111746"}],"wp:featuredmedia":[{"embeddable":true,"href":"https:\/\/eldiariodesanpedro.com.ar\/sitio\/wp-json\/wp\/v2\/media\/111745"}],"wp:attachment":[{"href":"https:\/\/eldiariodesanpedro.com.ar\/sitio\/wp-json\/wp\/v2\/media?parent=111744"}],"wp:term":[{"taxonomy":"category","embeddable":true,"href":"https:\/\/eldiariodesanpedro.com.ar\/sitio\/wp-json\/wp\/v2\/categories?post=111744"},{"taxonomy":"post_tag","embeddable":true,"href":"https:\/\/eldiariodesanpedro.com.ar\/sitio\/wp-json\/wp\/v2\/tags?post=111744"}],"curies":[{"name":"wp","href":"https:\/\/api.w.org\/{rel}","templated":true}]}}