{"id":111718,"date":"2022-10-24T21:53:57","date_gmt":"2022-10-25T00:53:57","guid":{"rendered":"https:\/\/eldiariodesanpedro.com.ar\/sitio\/?p=111718"},"modified":"2022-10-24T21:53:58","modified_gmt":"2022-10-25T00:53:58","slug":"pliego-para-la-provision-de-materiales-deportivos","status":"publish","type":"post","link":"https:\/\/eldiariodesanpedro.com.ar\/sitio\/pliego-para-la-provision-de-materiales-deportivos\/","title":{"rendered":"Pliego para la provisi\u00f3n de materiales deportivos"},"content":{"rendered":"<!-- VideographyWP Plugin Message: Automatic video embedding prevented by plugin options. -->\n\n<p>Consejo Escolar informa que desde&nbsp;el 24 al 28 de octubre de 2022 estar\u00e1 a disposici\u00f3n el pliego para la provisi\u00f3n de materiales deportivos.&nbsp;<\/p>\n\n\n\n<p>Apertura de ofertas&nbsp;el 31 de octubre de 2022 a las 10,00 hs. Las consultas se har\u00e1n en la Sede del Consejo Escolar (Ayacucho e Ituzaing\u00f3) de 8 a 12 hs.<\/p>\n","protected":false},"excerpt":{"rendered":"<p>Consejo Escolar informa que desde&nbsp;el 24 al 28 de octubre de 2022 estar\u00e1 a disposici\u00f3n el pliego para la provisi\u00f3n de materiales deportivos.&nbsp; Apertura de ofertas&nbsp;el 31 de octubre de 2022 a las 10,00 hs. Las consultas se har\u00e1n en la Sede del Consejo Escolar (Ayacucho e Ituzaing\u00f3) de 8 a 12 hs.<\/p>\n","protected":false},"author":4,"featured_media":111719,"comment_status":"closed","ping_status":"closed","sticky":false,"template":"","format":"standard","meta":{"om_disable_all_campaigns":false,"_jetpack_memberships_contains_paid_content":false,"footnotes":""},"categories":[815,676],"tags":[197,33,19],"class_list":["post-111718","post","type-post","status-publish","format-standard","has-post-thumbnail","hentry","category-consejo-escolar","category-edictos","tag-buenos-aires","tag-locales","tag-san-pedro"],"aioseo_notices":[],"gutentor_comment":0,"jetpack_featured_media_url":"https:\/\/eldiariodesanpedro.com.ar\/sitio\/wp-content\/uploads\/2022\/10\/Consejo-Escolar-24-10-2022.png","jetpack_shortlink":"https:\/\/wp.me\/p6RhLt-t3U","jetpack_sharing_enabled":true,"_links":{"self":[{"href":"https:\/\/eldiariodesanpedro.com.ar\/sitio\/wp-json\/wp\/v2\/posts\/111718","targetHints":{"allow":["GET"]}}],"collection":[{"href":"https:\/\/eldiariodesanpedro.com.ar\/sitio\/wp-json\/wp\/v2\/posts"}],"about":[{"href":"https:\/\/eldiariodesanpedro.com.ar\/sitio\/wp-json\/wp\/v2\/types\/post"}],"author":[{"embeddable":true,"href":"https:\/\/eldiariodesanpedro.com.ar\/sitio\/wp-json\/wp\/v2\/users\/4"}],"replies":[{"embeddable":true,"href":"https:\/\/eldiariodesanpedro.com.ar\/sitio\/wp-json\/wp\/v2\/comments?post=111718"}],"version-history":[{"count":1,"href":"https:\/\/eldiariodesanpedro.com.ar\/sitio\/wp-json\/wp\/v2\/posts\/111718\/revisions"}],"predecessor-version":[{"id":111720,"href":"https:\/\/eldiariodesanpedro.com.ar\/sitio\/wp-json\/wp\/v2\/posts\/111718\/revisions\/111720"}],"wp:featuredmedia":[{"embeddable":true,"href":"https:\/\/eldiariodesanpedro.com.ar\/sitio\/wp-json\/wp\/v2\/media\/111719"}],"wp:attachment":[{"href":"https:\/\/eldiariodesanpedro.com.ar\/sitio\/wp-json\/wp\/v2\/media?parent=111718"}],"wp:term":[{"taxonomy":"category","embeddable":true,"href":"https:\/\/eldiariodesanpedro.com.ar\/sitio\/wp-json\/wp\/v2\/categories?post=111718"},{"taxonomy":"post_tag","embeddable":true,"href":"https:\/\/eldiariodesanpedro.com.ar\/sitio\/wp-json\/wp\/v2\/tags?post=111718"}],"curies":[{"name":"wp","href":"https:\/\/api.w.org\/{rel}","templated":true}]}}