{"id":111685,"date":"2022-10-24T17:16:32","date_gmt":"2022-10-24T20:16:32","guid":{"rendered":"https:\/\/eldiariodesanpedro.com.ar\/sitio\/?p=111685"},"modified":"2022-10-24T17:16:32","modified_gmt":"2022-10-24T20:16:32","slug":"tres-personas-aprehendidas-en-una-rina-callejera","status":"publish","type":"post","link":"https:\/\/eldiariodesanpedro.com.ar\/sitio\/tres-personas-aprehendidas-en-una-rina-callejera\/","title":{"rendered":"Tres personas aprehendidas en una ri\u00f1a callejera"},"content":{"rendered":"<!-- VideographyWP Plugin Message: Automatic video embedding prevented by plugin options. -->\n\n<p>En el d\u00eda de la fecha promediando horas de la medianoche a ra\u00edz de llamado al servicio de 911 emergencias personal policial en calle Basavilbaso al 500 proceden a la aprehensi\u00f3n de tres ciudadanos mayores de edad, quienes se encontraban agrediendo f\u00edsicamente entre si ocasion\u00e1ndose lesiones car\u00e1cter leves, por conflicto \u00edndole familiar.<\/p>\n\n\n\n<p>Interviniendo la UFI N\u00b007, disponiendo que sean notificados de la formaci\u00f3n de la causa a intervinientes caratula ep\u00edgrafe, y que recuperen la libertad.-<\/p>\n","protected":false},"excerpt":{"rendered":"<p>En el d\u00eda de la fecha promediando horas de la medianoche a ra\u00edz de llamado al servicio de 911 emergencias personal policial en calle Basavilbaso al 500 proceden a la aprehensi\u00f3n de tres ciudadanos mayores de edad, quienes se encontraban agrediendo f\u00edsicamente entre si ocasion\u00e1ndose lesiones car\u00e1cter leves, por conflicto \u00edndole familiar. Interviniendo la UFI [&hellip;]<\/p>\n","protected":false},"author":4,"featured_media":111686,"comment_status":"closed","ping_status":"closed","sticky":false,"template":"","format":"standard","meta":{"om_disable_all_campaigns":false,"_jetpack_memberships_contains_paid_content":false,"footnotes":""},"categories":[2,103],"tags":[197,33,95,19],"class_list":["post-111685","post","type-post","status-publish","format-standard","has-post-thumbnail","hentry","category-locales","category-policiales-locales","tag-buenos-aires","tag-locales","tag-policiales","tag-san-pedro"],"aioseo_notices":[],"gutentor_comment":0,"jetpack_featured_media_url":"https:\/\/eldiariodesanpedro.com.ar\/sitio\/wp-content\/uploads\/2022\/10\/medida-8.png","jetpack_shortlink":"https:\/\/wp.me\/p6RhLt-t3n","jetpack_sharing_enabled":true,"_links":{"self":[{"href":"https:\/\/eldiariodesanpedro.com.ar\/sitio\/wp-json\/wp\/v2\/posts\/111685","targetHints":{"allow":["GET"]}}],"collection":[{"href":"https:\/\/eldiariodesanpedro.com.ar\/sitio\/wp-json\/wp\/v2\/posts"}],"about":[{"href":"https:\/\/eldiariodesanpedro.com.ar\/sitio\/wp-json\/wp\/v2\/types\/post"}],"author":[{"embeddable":true,"href":"https:\/\/eldiariodesanpedro.com.ar\/sitio\/wp-json\/wp\/v2\/users\/4"}],"replies":[{"embeddable":true,"href":"https:\/\/eldiariodesanpedro.com.ar\/sitio\/wp-json\/wp\/v2\/comments?post=111685"}],"version-history":[{"count":1,"href":"https:\/\/eldiariodesanpedro.com.ar\/sitio\/wp-json\/wp\/v2\/posts\/111685\/revisions"}],"predecessor-version":[{"id":111687,"href":"https:\/\/eldiariodesanpedro.com.ar\/sitio\/wp-json\/wp\/v2\/posts\/111685\/revisions\/111687"}],"wp:featuredmedia":[{"embeddable":true,"href":"https:\/\/eldiariodesanpedro.com.ar\/sitio\/wp-json\/wp\/v2\/media\/111686"}],"wp:attachment":[{"href":"https:\/\/eldiariodesanpedro.com.ar\/sitio\/wp-json\/wp\/v2\/media?parent=111685"}],"wp:term":[{"taxonomy":"category","embeddable":true,"href":"https:\/\/eldiariodesanpedro.com.ar\/sitio\/wp-json\/wp\/v2\/categories?post=111685"},{"taxonomy":"post_tag","embeddable":true,"href":"https:\/\/eldiariodesanpedro.com.ar\/sitio\/wp-json\/wp\/v2\/tags?post=111685"}],"curies":[{"name":"wp","href":"https:\/\/api.w.org\/{rel}","templated":true}]}}