{"id":111375,"date":"2022-10-14T10:35:51","date_gmt":"2022-10-14T13:35:51","guid":{"rendered":"https:\/\/eldiariodesanpedro.com.ar\/sitio\/?p=111375"},"modified":"2022-10-14T10:35:52","modified_gmt":"2022-10-14T13:35:52","slug":"denuncio-que-desconocidos-le-usurparon-la-casa-hace-unos-meses-atras","status":"publish","type":"post","link":"https:\/\/eldiariodesanpedro.com.ar\/sitio\/denuncio-que-desconocidos-le-usurparon-la-casa-hace-unos-meses-atras\/","title":{"rendered":"Denuncio que desconocidos le usurparon la casa hace unos meses atr\u00e1s"},"content":{"rendered":"<!-- VideographyWP Plugin Message: Automatic video embedding prevented by plugin options. -->\n\n<p>En la tarde de ayer jueves, denunci\u00f3 una mujer de 57 a\u00f1os de edad, que posee una casa en calle Honorio Pueyrred\u00f3n al 1100 de San Pedro la cual no se encuentra habitada, de la que toma conocimiento con el pasado 04 de julio de 2022 a trav\u00e9s de grabaciones f\u00edlmicas y un llamado telef\u00f3nico, que la misma fue usurpada.<br>La denunciante manifiesta que reside actualmente en San Fernando por lo que no ha podido hacer la denuncia con anterioridad, desconociendo con exactitud quienes se encuentran ocup\u00e1ndola. &nbsp;<\/p>\n","protected":false},"excerpt":{"rendered":"<p>En la tarde de ayer jueves, denunci\u00f3 una mujer de 57 a\u00f1os de edad, que posee una casa en calle Honorio Pueyrred\u00f3n al 1100 de San Pedro la cual no se encuentra habitada, de la que toma conocimiento con el pasado 04 de julio de 2022 a trav\u00e9s de grabaciones f\u00edlmicas y un llamado telef\u00f3nico, [&hellip;]<\/p>\n","protected":false},"author":4,"featured_media":45394,"comment_status":"closed","ping_status":"closed","sticky":false,"template":"","format":"standard","meta":{"om_disable_all_campaigns":false,"_jetpack_memberships_contains_paid_content":false,"footnotes":""},"categories":[50,2,103],"tags":[197,33,95,19],"class_list":["post-111375","post","type-post","status-publish","format-standard","has-post-thumbnail","hentry","category-destacadas","category-locales","category-policiales-locales","tag-buenos-aires","tag-locales","tag-policiales","tag-san-pedro"],"aioseo_notices":[],"gutentor_comment":0,"jetpack_featured_media_url":"https:\/\/eldiariodesanpedro.com.ar\/sitio\/wp-content\/uploads\/2019\/01\/comisaria.jpg","jetpack_shortlink":"https:\/\/wp.me\/p6RhLt-sYn","jetpack_sharing_enabled":true,"_links":{"self":[{"href":"https:\/\/eldiariodesanpedro.com.ar\/sitio\/wp-json\/wp\/v2\/posts\/111375","targetHints":{"allow":["GET"]}}],"collection":[{"href":"https:\/\/eldiariodesanpedro.com.ar\/sitio\/wp-json\/wp\/v2\/posts"}],"about":[{"href":"https:\/\/eldiariodesanpedro.com.ar\/sitio\/wp-json\/wp\/v2\/types\/post"}],"author":[{"embeddable":true,"href":"https:\/\/eldiariodesanpedro.com.ar\/sitio\/wp-json\/wp\/v2\/users\/4"}],"replies":[{"embeddable":true,"href":"https:\/\/eldiariodesanpedro.com.ar\/sitio\/wp-json\/wp\/v2\/comments?post=111375"}],"version-history":[{"count":1,"href":"https:\/\/eldiariodesanpedro.com.ar\/sitio\/wp-json\/wp\/v2\/posts\/111375\/revisions"}],"predecessor-version":[{"id":111376,"href":"https:\/\/eldiariodesanpedro.com.ar\/sitio\/wp-json\/wp\/v2\/posts\/111375\/revisions\/111376"}],"wp:featuredmedia":[{"embeddable":true,"href":"https:\/\/eldiariodesanpedro.com.ar\/sitio\/wp-json\/wp\/v2\/media\/45394"}],"wp:attachment":[{"href":"https:\/\/eldiariodesanpedro.com.ar\/sitio\/wp-json\/wp\/v2\/media?parent=111375"}],"wp:term":[{"taxonomy":"category","embeddable":true,"href":"https:\/\/eldiariodesanpedro.com.ar\/sitio\/wp-json\/wp\/v2\/categories?post=111375"},{"taxonomy":"post_tag","embeddable":true,"href":"https:\/\/eldiariodesanpedro.com.ar\/sitio\/wp-json\/wp\/v2\/tags?post=111375"}],"curies":[{"name":"wp","href":"https:\/\/api.w.org\/{rel}","templated":true}]}}