{"id":111373,"date":"2022-10-14T10:27:53","date_gmt":"2022-10-14T13:27:53","guid":{"rendered":"https:\/\/eldiariodesanpedro.com.ar\/sitio\/?p=111373"},"modified":"2022-10-14T10:27:54","modified_gmt":"2022-10-14T13:27:54","slug":"una-mujer-fue-sorprendida-por-un-joven-cuando-ingresaba-a-su-domicilio","status":"publish","type":"post","link":"https:\/\/eldiariodesanpedro.com.ar\/sitio\/una-mujer-fue-sorprendida-por-un-joven-cuando-ingresaba-a-su-domicilio\/","title":{"rendered":"Una mujer fue sorprendida por un joven cuando ingresaba a su domicilio"},"content":{"rendered":"<!-- VideographyWP Plugin Message: Automatic video embedding prevented by plugin options. -->\n\n<p>El d\u00eda de ayer pasado el mediod\u00eda en la comisar\u00eda local denuncio una mujer de 30 a\u00f1os de edad, que siendo aproximadamente las 12 horas, cuando arriba a su domicilio, da cuenta que por detr\u00e1s suyo en el sector del garaje ingresa una persona de sexo masculino a quien con ayuda de transe\u00fantes logra que se retire.<br>Tras ser consultada manifiesta que se trata de una persona mayor quien aparenta tener alg\u00fan tipo de inconveniente mental.<\/p>\n","protected":false},"excerpt":{"rendered":"<p>El d\u00eda de ayer pasado el mediod\u00eda en la comisar\u00eda local denuncio una mujer de 30 a\u00f1os de edad, que siendo aproximadamente las 12 horas, cuando arriba a su domicilio, da cuenta que por detr\u00e1s suyo en el sector del garaje ingresa una persona de sexo masculino a quien con ayuda de transe\u00fantes logra que [&hellip;]<\/p>\n","protected":false},"author":4,"featured_media":103679,"comment_status":"closed","ping_status":"closed","sticky":false,"template":"","format":"standard","meta":{"om_disable_all_campaigns":false,"_jetpack_memberships_contains_paid_content":false,"footnotes":""},"categories":[2,103],"tags":[197,33,95,19],"class_list":["post-111373","post","type-post","status-publish","format-standard","has-post-thumbnail","hentry","category-locales","category-policiales-locales","tag-buenos-aires","tag-locales","tag-policiales","tag-san-pedro"],"aioseo_notices":[],"gutentor_comment":0,"jetpack_featured_media_url":"https:\/\/eldiariodesanpedro.com.ar\/sitio\/wp-content\/uploads\/2022\/02\/comisaria_san_pedro.jpg","jetpack_shortlink":"https:\/\/wp.me\/p6RhLt-sYl","jetpack_sharing_enabled":true,"_links":{"self":[{"href":"https:\/\/eldiariodesanpedro.com.ar\/sitio\/wp-json\/wp\/v2\/posts\/111373","targetHints":{"allow":["GET"]}}],"collection":[{"href":"https:\/\/eldiariodesanpedro.com.ar\/sitio\/wp-json\/wp\/v2\/posts"}],"about":[{"href":"https:\/\/eldiariodesanpedro.com.ar\/sitio\/wp-json\/wp\/v2\/types\/post"}],"author":[{"embeddable":true,"href":"https:\/\/eldiariodesanpedro.com.ar\/sitio\/wp-json\/wp\/v2\/users\/4"}],"replies":[{"embeddable":true,"href":"https:\/\/eldiariodesanpedro.com.ar\/sitio\/wp-json\/wp\/v2\/comments?post=111373"}],"version-history":[{"count":1,"href":"https:\/\/eldiariodesanpedro.com.ar\/sitio\/wp-json\/wp\/v2\/posts\/111373\/revisions"}],"predecessor-version":[{"id":111374,"href":"https:\/\/eldiariodesanpedro.com.ar\/sitio\/wp-json\/wp\/v2\/posts\/111373\/revisions\/111374"}],"wp:featuredmedia":[{"embeddable":true,"href":"https:\/\/eldiariodesanpedro.com.ar\/sitio\/wp-json\/wp\/v2\/media\/103679"}],"wp:attachment":[{"href":"https:\/\/eldiariodesanpedro.com.ar\/sitio\/wp-json\/wp\/v2\/media?parent=111373"}],"wp:term":[{"taxonomy":"category","embeddable":true,"href":"https:\/\/eldiariodesanpedro.com.ar\/sitio\/wp-json\/wp\/v2\/categories?post=111373"},{"taxonomy":"post_tag","embeddable":true,"href":"https:\/\/eldiariodesanpedro.com.ar\/sitio\/wp-json\/wp\/v2\/tags?post=111373"}],"curies":[{"name":"wp","href":"https:\/\/api.w.org\/{rel}","templated":true}]}}