{"id":111370,"date":"2022-10-14T10:16:36","date_gmt":"2022-10-14T13:16:36","guid":{"rendered":"https:\/\/eldiariodesanpedro.com.ar\/sitio\/?p=111370"},"modified":"2022-10-14T10:16:37","modified_gmt":"2022-10-14T13:16:37","slug":"dr-casini-lo-que-ha-pasado-en-el-puerto-es-muy-grave","status":"publish","type":"post","link":"https:\/\/eldiariodesanpedro.com.ar\/sitio\/dr-casini-lo-que-ha-pasado-en-el-puerto-es-muy-grave\/","title":{"rendered":"Dr. Casini: \u201cLo que ha pasado en el puerto es muy grave\u201d"},"content":{"rendered":"<!-- VideographyWP Plugin Message: Automatic video embedding prevented by plugin options. -->\n\n<p>El reconocido abogado acompa\u00f1a al Consorcio del Puerto en la presentaci\u00f3n judicial realizada por el presidente Eliseo Almada y que est\u00e1 relacionada al accionar irregular de ciertas personas dentro de la entidad.<\/p>\n\n\n\n<p>Una secuencia de irregularidades detectadas dentro de la misma entidad oblig\u00f3 a las autoridades del Consorcio de Gesti\u00f3n del Puerto de San Pedro efectuar la denuncia correspondiente ante la fiscal\u00eda de turno.<\/p>\n\n\n\n<p>Lo advertido es sumamente grave y nadie se anima a descartar que la investigaci\u00f3n abra otras instancias que terminen involucrando a otras personas que forman parte del cuerpo.<\/p>\n\n\n\n<p>Si bien el Dr. Carlos Casini en el aire de FM G\u00e9nesis habl\u00f3 de que todo est\u00e1 en an\u00e1lisis y que recurrir\u00e1n a la justicia, hay quienes dan por hecho la presentaci\u00f3n que involucra al menos a un profesional del propio Consorcio y que adem\u00e1s provoc\u00f3 la renuncia de al menos dos directores de la entidad.<\/p>\n\n\n\n<p>\u201cSe han hecho auditorias en cuanto a lo contable, n\u00fameros y fondos, y se han detectado irregularidades que llevan a las autoridades a realizar la denuncia\u201d, manifest\u00f3 Casini. &nbsp;&nbsp;<\/p>\n\n\n\n<p>\u201cHay una investigaci\u00f3n interna que ha determinado cuestiones serias\u201d, agreg\u00f3.<\/p>\n\n\n\n<p>\u201cEsto termina en manos de la justicia como debe ser y si hay un delito lo decidir\u00e1 la justicia\u201d.<\/p>\n\n\n\n<p>\u201cEs grave lo sucedido y no amerita otro camino que no sea la justicia\u201d, expres\u00f3 el abogado del Consorcio.<\/p>\n\n\n\n<p>\u201cLo que puedo decir es que se hizo una investigaci\u00f3n, que es grave y sin dudarlo lo llevamos a la justicia\u201d, concluy\u00f3 el profesional.<\/p>\n","protected":false},"excerpt":{"rendered":"<p>El reconocido abogado acompa\u00f1a al Consorcio del Puerto en la presentaci\u00f3n judicial realizada por el presidente Eliseo Almada y que est\u00e1 relacionada al accionar irregular de ciertas personas dentro de la entidad. Una secuencia de irregularidades detectadas dentro de la misma entidad oblig\u00f3 a las autoridades del Consorcio de Gesti\u00f3n del Puerto de San Pedro [&hellip;]<\/p>\n","protected":false},"author":4,"featured_media":111371,"comment_status":"closed","ping_status":"closed","sticky":false,"template":"","format":"standard","meta":{"om_disable_all_campaigns":false,"_jetpack_memberships_contains_paid_content":false,"footnotes":""},"categories":[50,101,2],"tags":[197,696,33,19],"class_list":["post-111370","post","type-post","status-publish","format-standard","has-post-thumbnail","hentry","category-destacadas","category-interes-general-locales","category-locales","tag-buenos-aires","tag-interes-general","tag-locales","tag-san-pedro"],"aioseo_notices":[],"gutentor_comment":0,"jetpack_featured_media_url":"https:\/\/eldiariodesanpedro.com.ar\/sitio\/wp-content\/uploads\/2022\/10\/0000021320-resized-1920x1080-1.jpg","jetpack_shortlink":"https:\/\/wp.me\/p6RhLt-sYi","jetpack_sharing_enabled":true,"_links":{"self":[{"href":"https:\/\/eldiariodesanpedro.com.ar\/sitio\/wp-json\/wp\/v2\/posts\/111370","targetHints":{"allow":["GET"]}}],"collection":[{"href":"https:\/\/eldiariodesanpedro.com.ar\/sitio\/wp-json\/wp\/v2\/posts"}],"about":[{"href":"https:\/\/eldiariodesanpedro.com.ar\/sitio\/wp-json\/wp\/v2\/types\/post"}],"author":[{"embeddable":true,"href":"https:\/\/eldiariodesanpedro.com.ar\/sitio\/wp-json\/wp\/v2\/users\/4"}],"replies":[{"embeddable":true,"href":"https:\/\/eldiariodesanpedro.com.ar\/sitio\/wp-json\/wp\/v2\/comments?post=111370"}],"version-history":[{"count":1,"href":"https:\/\/eldiariodesanpedro.com.ar\/sitio\/wp-json\/wp\/v2\/posts\/111370\/revisions"}],"predecessor-version":[{"id":111372,"href":"https:\/\/eldiariodesanpedro.com.ar\/sitio\/wp-json\/wp\/v2\/posts\/111370\/revisions\/111372"}],"wp:featuredmedia":[{"embeddable":true,"href":"https:\/\/eldiariodesanpedro.com.ar\/sitio\/wp-json\/wp\/v2\/media\/111371"}],"wp:attachment":[{"href":"https:\/\/eldiariodesanpedro.com.ar\/sitio\/wp-json\/wp\/v2\/media?parent=111370"}],"wp:term":[{"taxonomy":"category","embeddable":true,"href":"https:\/\/eldiariodesanpedro.com.ar\/sitio\/wp-json\/wp\/v2\/categories?post=111370"},{"taxonomy":"post_tag","embeddable":true,"href":"https:\/\/eldiariodesanpedro.com.ar\/sitio\/wp-json\/wp\/v2\/tags?post=111370"}],"curies":[{"name":"wp","href":"https:\/\/api.w.org\/{rel}","templated":true}]}}