{"id":111364,"date":"2022-10-13T20:25:29","date_gmt":"2022-10-13T23:25:29","guid":{"rendered":"https:\/\/eldiariodesanpedro.com.ar\/sitio\/?p=111364"},"modified":"2022-10-13T20:25:29","modified_gmt":"2022-10-13T23:25:29","slug":"el-intendente-recibio-a-los-equipos-que-continuan-trabajando-ante-los-focos-de-incendios-en-islas","status":"publish","type":"post","link":"https:\/\/eldiariodesanpedro.com.ar\/sitio\/el-intendente-recibio-a-los-equipos-que-continuan-trabajando-ante-los-focos-de-incendios-en-islas\/","title":{"rendered":"El Intendente recibi\u00f3 a los equipos que contin\u00faan trabajando ante los focos de incendios en islas"},"content":{"rendered":"<!-- VideographyWP Plugin Message: Automatic video embedding prevented by plugin options. -->\n\n<p>En la Municipalidad de San Pedro se concret\u00f3 esta ma\u00f1ana una nueva reuni\u00f3n de trabajo de las organizaciones involucradas en el operativo de control de los focos de incendios en la zona de islas.<\/p>\n\n\n\n<p>El Intendente recibi\u00f3 a los representantes de los equipos que instalados en San Pedro vienen desplegando acciones en toda la regi\u00f3n, ratificando el apoyo total desde la Direcci\u00f3n de Defensa Civil y desde cada una de las \u00e1reas del municipio que puedan brindar colaboraci\u00f3n.<\/p>\n\n\n\n<p>El Secretario de Gobierno, Mart\u00edn Baraybar y el Director de Defensa Civil, Fabio Giovanettoni participaron del encuentro en el que se definieron los pasos a seguir durante los\u00a0pr\u00f3ximos\u00a0d\u00edas.<\/p>\n\n\n\n<figure class=\"wp-block-image size-full\"><img decoding=\"async\" width=\"931\" height=\"630\" data-attachment-id=\"111367\" data-permalink=\"https:\/\/eldiariodesanpedro.com.ar\/sitio\/el-intendente-recibio-a-los-equipos-que-continuan-trabajando-ante-los-focos-de-incendios-en-islas\/imagen-de-whatsapp-2022-10-13-a-las-19-06-44-3\/\" data-orig-file=\"https:\/\/eldiariodesanpedro.com.ar\/sitio\/wp-content\/uploads\/2022\/10\/Imagen-de-WhatsApp-2022-10-13-a-las-19.06.44-3.jpg\" data-orig-size=\"931,630\" data-comments-opened=\"0\" data-image-meta=\"{&quot;aperture&quot;:&quot;0&quot;,&quot;credit&quot;:&quot;&quot;,&quot;camera&quot;:&quot;&quot;,&quot;caption&quot;:&quot;&quot;,&quot;created_timestamp&quot;:&quot;0&quot;,&quot;copyright&quot;:&quot;&quot;,&quot;focal_length&quot;:&quot;0&quot;,&quot;iso&quot;:&quot;0&quot;,&quot;shutter_speed&quot;:&quot;0&quot;,&quot;title&quot;:&quot;&quot;,&quot;orientation&quot;:&quot;0&quot;}\" data-image-title=\"Imagen de WhatsApp 2022-10-13 a las 19.06.44 3\" data-image-description=\"\" data-image-caption=\"\" data-large-file=\"https:\/\/eldiariodesanpedro.com.ar\/sitio\/wp-content\/uploads\/2022\/10\/Imagen-de-WhatsApp-2022-10-13-a-las-19.06.44-3.jpg\" data-src=\"https:\/\/eldiariodesanpedro.com.ar\/sitio\/wp-content\/uploads\/2022\/10\/Imagen-de-WhatsApp-2022-10-13-a-las-19.06.44-3.jpg\" alt=\"\" class=\"wp-image-111367 lazyload\" data-srcset=\"https:\/\/eldiariodesanpedro.com.ar\/sitio\/wp-content\/uploads\/2022\/10\/Imagen-de-WhatsApp-2022-10-13-a-las-19.06.44-3.jpg 931w, https:\/\/eldiariodesanpedro.com.ar\/sitio\/wp-content\/uploads\/2022\/10\/Imagen-de-WhatsApp-2022-10-13-a-las-19.06.44-3-300x203.jpg 300w, https:\/\/eldiariodesanpedro.com.ar\/sitio\/wp-content\/uploads\/2022\/10\/Imagen-de-WhatsApp-2022-10-13-a-las-19.06.44-3-768x520.jpg 768w, https:\/\/eldiariodesanpedro.com.ar\/sitio\/wp-content\/uploads\/2022\/10\/Imagen-de-WhatsApp-2022-10-13-a-las-19.06.44-3-305x207.jpg 305w\" data-sizes=\"(max-width: 931px) 100vw, 931px\" src=\"data:image\/svg+xml;base64,PHN2ZyB3aWR0aD0iMSIgaGVpZ2h0PSIxIiB4bWxucz0iaHR0cDovL3d3dy53My5vcmcvMjAwMC9zdmciPjwvc3ZnPg==\" style=\"--smush-placeholder-width: 931px; --smush-placeholder-aspect-ratio: 931\/630;\" \/><\/figure>\n\n\n\n<figure class=\"wp-block-image size-full\"><img decoding=\"async\" width=\"945\" height=\"630\" data-attachment-id=\"111365\" data-permalink=\"https:\/\/eldiariodesanpedro.com.ar\/sitio\/el-intendente-recibio-a-los-equipos-que-continuan-trabajando-ante-los-focos-de-incendios-en-islas\/imagen-de-whatsapp-2022-10-13-a-las-19-06-43\/\" data-orig-file=\"https:\/\/eldiariodesanpedro.com.ar\/sitio\/wp-content\/uploads\/2022\/10\/Imagen-de-WhatsApp-2022-10-13-a-las-19.06.43.jpg\" data-orig-size=\"945,630\" data-comments-opened=\"0\" data-image-meta=\"{&quot;aperture&quot;:&quot;0&quot;,&quot;credit&quot;:&quot;&quot;,&quot;camera&quot;:&quot;&quot;,&quot;caption&quot;:&quot;&quot;,&quot;created_timestamp&quot;:&quot;0&quot;,&quot;copyright&quot;:&quot;&quot;,&quot;focal_length&quot;:&quot;0&quot;,&quot;iso&quot;:&quot;0&quot;,&quot;shutter_speed&quot;:&quot;0&quot;,&quot;title&quot;:&quot;&quot;,&quot;orientation&quot;:&quot;0&quot;}\" data-image-title=\"Imagen de WhatsApp 2022-10-13 a las 19.06.43\" data-image-description=\"\" data-image-caption=\"\" data-large-file=\"https:\/\/eldiariodesanpedro.com.ar\/sitio\/wp-content\/uploads\/2022\/10\/Imagen-de-WhatsApp-2022-10-13-a-las-19.06.43.jpg\" data-src=\"https:\/\/eldiariodesanpedro.com.ar\/sitio\/wp-content\/uploads\/2022\/10\/Imagen-de-WhatsApp-2022-10-13-a-las-19.06.43.jpg\" alt=\"\" class=\"wp-image-111365 lazyload\" data-srcset=\"https:\/\/eldiariodesanpedro.com.ar\/sitio\/wp-content\/uploads\/2022\/10\/Imagen-de-WhatsApp-2022-10-13-a-las-19.06.43.jpg 945w, https:\/\/eldiariodesanpedro.com.ar\/sitio\/wp-content\/uploads\/2022\/10\/Imagen-de-WhatsApp-2022-10-13-a-las-19.06.43-300x200.jpg 300w, https:\/\/eldiariodesanpedro.com.ar\/sitio\/wp-content\/uploads\/2022\/10\/Imagen-de-WhatsApp-2022-10-13-a-las-19.06.43-768x512.jpg 768w\" data-sizes=\"(max-width: 945px) 100vw, 945px\" src=\"data:image\/svg+xml;base64,PHN2ZyB3aWR0aD0iMSIgaGVpZ2h0PSIxIiB4bWxucz0iaHR0cDovL3d3dy53My5vcmcvMjAwMC9zdmciPjwvc3ZnPg==\" style=\"--smush-placeholder-width: 945px; --smush-placeholder-aspect-ratio: 945\/630;\" \/><\/figure>\n","protected":false},"excerpt":{"rendered":"<p>En la Municipalidad de San Pedro se concret\u00f3 esta ma\u00f1ana una nueva reuni\u00f3n de trabajo de las organizaciones involucradas en el operativo de control de los focos de incendios en la zona de islas. El Intendente recibi\u00f3 a los representantes de los equipos que instalados en San Pedro vienen desplegando acciones en toda la regi\u00f3n, [&hellip;]<\/p>\n","protected":false},"author":4,"featured_media":111366,"comment_status":"closed","ping_status":"closed","sticky":false,"template":"","format":"standard","meta":{"om_disable_all_campaigns":false,"_jetpack_memberships_contains_paid_content":false,"footnotes":""},"categories":[50,101,2],"tags":[197,3085,696,33,19],"class_list":["post-111364","post","type-post","status-publish","format-standard","has-post-thumbnail","hentry","category-destacadas","category-interes-general-locales","category-locales","tag-buenos-aires","tag-el-intendente-recibio-a-los-equipos-que-continuan-trabajando-ante-los-focos-de-incendios-en-islas","tag-interes-general","tag-locales","tag-san-pedro"],"aioseo_notices":[],"gutentor_comment":0,"jetpack_featured_media_url":"https:\/\/eldiariodesanpedro.com.ar\/sitio\/wp-content\/uploads\/2022\/10\/Imagen-de-WhatsApp-2022-10-13-a-las-19.06.44-2.jpg","jetpack_shortlink":"https:\/\/wp.me\/p6RhLt-sYc","jetpack_sharing_enabled":true,"_links":{"self":[{"href":"https:\/\/eldiariodesanpedro.com.ar\/sitio\/wp-json\/wp\/v2\/posts\/111364","targetHints":{"allow":["GET"]}}],"collection":[{"href":"https:\/\/eldiariodesanpedro.com.ar\/sitio\/wp-json\/wp\/v2\/posts"}],"about":[{"href":"https:\/\/eldiariodesanpedro.com.ar\/sitio\/wp-json\/wp\/v2\/types\/post"}],"author":[{"embeddable":true,"href":"https:\/\/eldiariodesanpedro.com.ar\/sitio\/wp-json\/wp\/v2\/users\/4"}],"replies":[{"embeddable":true,"href":"https:\/\/eldiariodesanpedro.com.ar\/sitio\/wp-json\/wp\/v2\/comments?post=111364"}],"version-history":[{"count":1,"href":"https:\/\/eldiariodesanpedro.com.ar\/sitio\/wp-json\/wp\/v2\/posts\/111364\/revisions"}],"predecessor-version":[{"id":111368,"href":"https:\/\/eldiariodesanpedro.com.ar\/sitio\/wp-json\/wp\/v2\/posts\/111364\/revisions\/111368"}],"wp:featuredmedia":[{"embeddable":true,"href":"https:\/\/eldiariodesanpedro.com.ar\/sitio\/wp-json\/wp\/v2\/media\/111366"}],"wp:attachment":[{"href":"https:\/\/eldiariodesanpedro.com.ar\/sitio\/wp-json\/wp\/v2\/media?parent=111364"}],"wp:term":[{"taxonomy":"category","embeddable":true,"href":"https:\/\/eldiariodesanpedro.com.ar\/sitio\/wp-json\/wp\/v2\/categories?post=111364"},{"taxonomy":"post_tag","embeddable":true,"href":"https:\/\/eldiariodesanpedro.com.ar\/sitio\/wp-json\/wp\/v2\/tags?post=111364"}],"curies":[{"name":"wp","href":"https:\/\/api.w.org\/{rel}","templated":true}]}}