{"id":111359,"date":"2022-10-13T20:15:51","date_gmt":"2022-10-13T23:15:51","guid":{"rendered":"https:\/\/eldiariodesanpedro.com.ar\/sitio\/?p=111359"},"modified":"2022-10-13T20:15:53","modified_gmt":"2022-10-13T23:15:53","slug":"jornada-de-reflexion-y-debate-sobre-noviazgo-sin-violencia-2","status":"publish","type":"post","link":"https:\/\/eldiariodesanpedro.com.ar\/sitio\/jornada-de-reflexion-y-debate-sobre-noviazgo-sin-violencia-2\/","title":{"rendered":"Jornada de reflexi\u00f3n y debate sobre noviazgo sin violencia"},"content":{"rendered":"<!-- VideographyWP Plugin Message: Automatic video embedding prevented by plugin options. -->\n\n<p>En el marco del Programa Municipal \u201cNi\u00f1eces y Adolescencias Protagonistas\u201d profesionales del Servicio Local de Promoci\u00f3n y Protecci\u00f3n de los Derechos de Ni\u00f1os, Ni\u00f1as y Adolescentes dependiente de la Secretar\u00eda de Desarrollo Humano contin\u00faan llevando a cabo jornadas de reflexi\u00f3n y debate sobre noviazgo sin violencia y otras problem\u00e1ticas como Grooming, Sexting y Cyberbullyng.<\/p>\n\n\n\n<p>En esta ocasi\u00f3n la jornada se desarroll\u00f3 en la Escuela Agraria de la localidad de R\u00edo Tala, junto a personal de la Comisar\u00eda de la Mujer y la Secretar\u00eda de Pol\u00edticas de G\u00e9nero, Mujeres y Diversidad.<\/p>\n\n\n\n<p>Estas jornadas continuar\u00e1n realiz\u00e1ndose durante todo el a\u00f1o en distintos puntos de nuestro Partido y con diferentes problem\u00e1ticas para el desarrollo de este programa que tiene como objetivo la promoci\u00f3n de derechos, la prevenci\u00f3n de conflictos y vulneraci\u00f3n\u00a0de\u00a0derechos.<\/p>\n\n\n\n<figure class=\"wp-block-image size-full\"><img decoding=\"async\" width=\"837\" height=\"630\" data-attachment-id=\"111361\" data-permalink=\"https:\/\/eldiariodesanpedro.com.ar\/sitio\/jornada-de-reflexion-y-debate-sobre-noviazgo-sin-violencia-2\/imagen-de-whatsapp-2022-10-13-a-las-13-43-16-2\/\" data-orig-file=\"https:\/\/eldiariodesanpedro.com.ar\/sitio\/wp-content\/uploads\/2022\/10\/Imagen-de-WhatsApp-2022-10-13-a-las-13.43.16-2.jpg\" data-orig-size=\"837,630\" data-comments-opened=\"0\" data-image-meta=\"{&quot;aperture&quot;:&quot;0&quot;,&quot;credit&quot;:&quot;&quot;,&quot;camera&quot;:&quot;&quot;,&quot;caption&quot;:&quot;&quot;,&quot;created_timestamp&quot;:&quot;0&quot;,&quot;copyright&quot;:&quot;&quot;,&quot;focal_length&quot;:&quot;0&quot;,&quot;iso&quot;:&quot;0&quot;,&quot;shutter_speed&quot;:&quot;0&quot;,&quot;title&quot;:&quot;&quot;,&quot;orientation&quot;:&quot;0&quot;}\" data-image-title=\"Imagen de WhatsApp 2022-10-13 a las 13.43.16 2\" data-image-description=\"\" data-image-caption=\"\" data-large-file=\"https:\/\/eldiariodesanpedro.com.ar\/sitio\/wp-content\/uploads\/2022\/10\/Imagen-de-WhatsApp-2022-10-13-a-las-13.43.16-2.jpg\" data-src=\"https:\/\/eldiariodesanpedro.com.ar\/sitio\/wp-content\/uploads\/2022\/10\/Imagen-de-WhatsApp-2022-10-13-a-las-13.43.16-2.jpg\" alt=\"\" class=\"wp-image-111361 lazyload\" data-srcset=\"https:\/\/eldiariodesanpedro.com.ar\/sitio\/wp-content\/uploads\/2022\/10\/Imagen-de-WhatsApp-2022-10-13-a-las-13.43.16-2.jpg 837w, https:\/\/eldiariodesanpedro.com.ar\/sitio\/wp-content\/uploads\/2022\/10\/Imagen-de-WhatsApp-2022-10-13-a-las-13.43.16-2-300x226.jpg 300w, https:\/\/eldiariodesanpedro.com.ar\/sitio\/wp-content\/uploads\/2022\/10\/Imagen-de-WhatsApp-2022-10-13-a-las-13.43.16-2-768x578.jpg 768w, https:\/\/eldiariodesanpedro.com.ar\/sitio\/wp-content\/uploads\/2022\/10\/Imagen-de-WhatsApp-2022-10-13-a-las-13.43.16-2-272x204.jpg 272w\" data-sizes=\"(max-width: 837px) 100vw, 837px\" src=\"data:image\/svg+xml;base64,PHN2ZyB3aWR0aD0iMSIgaGVpZ2h0PSIxIiB4bWxucz0iaHR0cDovL3d3dy53My5vcmcvMjAwMC9zdmciPjwvc3ZnPg==\" style=\"--smush-placeholder-width: 837px; --smush-placeholder-aspect-ratio: 837\/630;\" \/><\/figure>\n\n\n\n<figure class=\"wp-block-image size-large\"><img decoding=\"async\" width=\"1024\" height=\"575\" data-attachment-id=\"111360\" data-permalink=\"https:\/\/eldiariodesanpedro.com.ar\/sitio\/jornada-de-reflexion-y-debate-sobre-noviazgo-sin-violencia-2\/imagen-de-whatsapp-2022-10-13-a-las-13-43-15\/\" data-orig-file=\"https:\/\/eldiariodesanpedro.com.ar\/sitio\/wp-content\/uploads\/2022\/10\/Imagen-de-WhatsApp-2022-10-13-a-las-13.43.15.jpg\" data-orig-size=\"1121,630\" data-comments-opened=\"0\" data-image-meta=\"{&quot;aperture&quot;:&quot;0&quot;,&quot;credit&quot;:&quot;&quot;,&quot;camera&quot;:&quot;&quot;,&quot;caption&quot;:&quot;&quot;,&quot;created_timestamp&quot;:&quot;0&quot;,&quot;copyright&quot;:&quot;&quot;,&quot;focal_length&quot;:&quot;0&quot;,&quot;iso&quot;:&quot;0&quot;,&quot;shutter_speed&quot;:&quot;0&quot;,&quot;title&quot;:&quot;&quot;,&quot;orientation&quot;:&quot;0&quot;}\" data-image-title=\"Imagen de WhatsApp 2022-10-13 a las 13.43.15\" data-image-description=\"\" data-image-caption=\"\" data-large-file=\"https:\/\/eldiariodesanpedro.com.ar\/sitio\/wp-content\/uploads\/2022\/10\/Imagen-de-WhatsApp-2022-10-13-a-las-13.43.15-1024x575.jpg\" data-src=\"https:\/\/eldiariodesanpedro.com.ar\/sitio\/wp-content\/uploads\/2022\/10\/Imagen-de-WhatsApp-2022-10-13-a-las-13.43.15-1024x575.jpg\" alt=\"\" class=\"wp-image-111360 lazyload\" data-srcset=\"https:\/\/eldiariodesanpedro.com.ar\/sitio\/wp-content\/uploads\/2022\/10\/Imagen-de-WhatsApp-2022-10-13-a-las-13.43.15-1024x575.jpg 1024w, https:\/\/eldiariodesanpedro.com.ar\/sitio\/wp-content\/uploads\/2022\/10\/Imagen-de-WhatsApp-2022-10-13-a-las-13.43.15-300x169.jpg 300w, https:\/\/eldiariodesanpedro.com.ar\/sitio\/wp-content\/uploads\/2022\/10\/Imagen-de-WhatsApp-2022-10-13-a-las-13.43.15-768x432.jpg 768w, https:\/\/eldiariodesanpedro.com.ar\/sitio\/wp-content\/uploads\/2022\/10\/Imagen-de-WhatsApp-2022-10-13-a-las-13.43.15.jpg 1121w\" data-sizes=\"(max-width: 1024px) 100vw, 1024px\" src=\"data:image\/svg+xml;base64,PHN2ZyB3aWR0aD0iMSIgaGVpZ2h0PSIxIiB4bWxucz0iaHR0cDovL3d3dy53My5vcmcvMjAwMC9zdmciPjwvc3ZnPg==\" style=\"--smush-placeholder-width: 1024px; --smush-placeholder-aspect-ratio: 1024\/575;\" \/><\/figure>\n","protected":false},"excerpt":{"rendered":"<p>En el marco del Programa Municipal \u201cNi\u00f1eces y Adolescencias Protagonistas\u201d profesionales del Servicio Local de Promoci\u00f3n y Protecci\u00f3n de los Derechos de Ni\u00f1os, Ni\u00f1as y Adolescentes dependiente de la Secretar\u00eda de Desarrollo Humano contin\u00faan llevando a cabo jornadas de reflexi\u00f3n y debate sobre noviazgo sin violencia y otras problem\u00e1ticas como Grooming, Sexting y Cyberbullyng. En [&hellip;]<\/p>\n","protected":false},"author":4,"featured_media":111362,"comment_status":"closed","ping_status":"closed","sticky":false,"template":"","format":"standard","meta":{"om_disable_all_campaigns":false,"_jetpack_memberships_contains_paid_content":false,"footnotes":""},"categories":[101,2],"tags":[197,696,33,19],"class_list":["post-111359","post","type-post","status-publish","format-standard","has-post-thumbnail","hentry","category-interes-general-locales","category-locales","tag-buenos-aires","tag-interes-general","tag-locales","tag-san-pedro"],"aioseo_notices":[],"gutentor_comment":0,"jetpack_featured_media_url":"https:\/\/eldiariodesanpedro.com.ar\/sitio\/wp-content\/uploads\/2022\/10\/Imagen-de-WhatsApp-2022-10-13-a-las-13.43.16.jpg","jetpack_shortlink":"https:\/\/wp.me\/p6RhLt-sY7","jetpack_sharing_enabled":true,"_links":{"self":[{"href":"https:\/\/eldiariodesanpedro.com.ar\/sitio\/wp-json\/wp\/v2\/posts\/111359","targetHints":{"allow":["GET"]}}],"collection":[{"href":"https:\/\/eldiariodesanpedro.com.ar\/sitio\/wp-json\/wp\/v2\/posts"}],"about":[{"href":"https:\/\/eldiariodesanpedro.com.ar\/sitio\/wp-json\/wp\/v2\/types\/post"}],"author":[{"embeddable":true,"href":"https:\/\/eldiariodesanpedro.com.ar\/sitio\/wp-json\/wp\/v2\/users\/4"}],"replies":[{"embeddable":true,"href":"https:\/\/eldiariodesanpedro.com.ar\/sitio\/wp-json\/wp\/v2\/comments?post=111359"}],"version-history":[{"count":1,"href":"https:\/\/eldiariodesanpedro.com.ar\/sitio\/wp-json\/wp\/v2\/posts\/111359\/revisions"}],"predecessor-version":[{"id":111363,"href":"https:\/\/eldiariodesanpedro.com.ar\/sitio\/wp-json\/wp\/v2\/posts\/111359\/revisions\/111363"}],"wp:featuredmedia":[{"embeddable":true,"href":"https:\/\/eldiariodesanpedro.com.ar\/sitio\/wp-json\/wp\/v2\/media\/111362"}],"wp:attachment":[{"href":"https:\/\/eldiariodesanpedro.com.ar\/sitio\/wp-json\/wp\/v2\/media?parent=111359"}],"wp:term":[{"taxonomy":"category","embeddable":true,"href":"https:\/\/eldiariodesanpedro.com.ar\/sitio\/wp-json\/wp\/v2\/categories?post=111359"},{"taxonomy":"post_tag","embeddable":true,"href":"https:\/\/eldiariodesanpedro.com.ar\/sitio\/wp-json\/wp\/v2\/tags?post=111359"}],"curies":[{"name":"wp","href":"https:\/\/api.w.org\/{rel}","templated":true}]}}