{"id":111349,"date":"2022-10-13T19:59:58","date_gmt":"2022-10-13T22:59:58","guid":{"rendered":"https:\/\/eldiariodesanpedro.com.ar\/sitio\/?p=111349"},"modified":"2022-10-13T19:59:58","modified_gmt":"2022-10-13T22:59:58","slug":"campana-nacional-de-vacunacion-2022-horarios-y-puntos-de-vacunacion","status":"publish","type":"post","link":"https:\/\/eldiariodesanpedro.com.ar\/sitio\/campana-nacional-de-vacunacion-2022-horarios-y-puntos-de-vacunacion\/","title":{"rendered":"Campa\u00f1a Nacional de Vacunaci\u00f3n 2022: Horarios y puntos de vacunaci\u00f3n"},"content":{"rendered":"<!-- VideographyWP Plugin Message: Automatic video embedding prevented by plugin options. -->\n\n<p>La Secretar\u00eda de Salud de la Municipalidad de San Pedro recuerda los horarios y puntos de vacunaci\u00f3n establecidos para la Campa\u00f1a Nacional de Vacunaci\u00f3n contra Sarampi\u00f3n, Rub\u00e9ola, Paperas y Poliomielitis que se desarrollar\u00e1 hasta el 13 de noviembre en la ciudad y localidades.<\/p>\n\n\n\n<p>En el Hospital Municipal Emilio Ruffa se podr\u00e1n vacunar de lunes a viernes en el horario de 8 a 14, extendiendo el horario de atenci\u00f3n hasta las 18 hs. desde el 20 al 26 de octubre y desde el 3 al 9 de noviembre.<\/p>\n\n\n\n<p>El Hospital de Santa Luc\u00eda vacunar\u00e1 de lunes a viernes de 8.00 a 17.00 hs. S\u00e1bados y domingos de 10 a 16 hs.<\/p>\n\n\n\n<p>El Hospital \u00ab26 de Julio\u00bb de Gobernador Castro har\u00e1 lo propio de lunes a viernes de 8.00 a 16.00 hs. S\u00e1bados y domingos de 8 a 12 hs.<\/p>\n\n\n\n<p>Los Centros de Salud en la ciudad aplicar\u00e1n vacunas de lunes a viernes de 8 a 12.30 hs.<\/p>\n\n\n\n<p>En la Posta Sanitaria de 9 de julio y Salta se vacunar\u00e1 de lunes a viernes de 8.00 a 18.00<\/p>\n\n\n\n<p>En el Centro de Salud Intercultural \u00abDalagaic Piogonac\u00bb se vacunar\u00e1 de lunes a viernes de 12.00 a 17.00 hs.<\/p>\n\n\n\n<p>En los Centros de Salud de R\u00edo Tala y Vuelta de Obligado se vacunar\u00e1 de lunes a viernes de 8.00 a 16.00 hs. S\u00e1bados y domingos de 10 a 16 hs.<\/p>\n\n\n\n<p>Adem\u00e1s, se desarrollar\u00e1n jornadas de vacunaci\u00f3n en diferentes instituciones educativas y puntos especiales que se informar\u00e1n\u00a0oportunamente.<\/p>\n\n\n\n<figure class=\"wp-block-image size-full\"><img decoding=\"async\" width=\"630\" height=\"630\" data-attachment-id=\"111350\" data-permalink=\"https:\/\/eldiariodesanpedro.com.ar\/sitio\/campana-nacional-de-vacunacion-2022-horarios-y-puntos-de-vacunacion\/imagen-de-whatsapp-2022-10-13-a-las-12-32-56-2\/\" data-orig-file=\"https:\/\/eldiariodesanpedro.com.ar\/sitio\/wp-content\/uploads\/2022\/10\/Imagen-de-WhatsApp-2022-10-13-a-las-12.32.56-2.jpg\" data-orig-size=\"630,630\" data-comments-opened=\"0\" data-image-meta=\"{&quot;aperture&quot;:&quot;0&quot;,&quot;credit&quot;:&quot;&quot;,&quot;camera&quot;:&quot;&quot;,&quot;caption&quot;:&quot;&quot;,&quot;created_timestamp&quot;:&quot;0&quot;,&quot;copyright&quot;:&quot;&quot;,&quot;focal_length&quot;:&quot;0&quot;,&quot;iso&quot;:&quot;0&quot;,&quot;shutter_speed&quot;:&quot;0&quot;,&quot;title&quot;:&quot;&quot;,&quot;orientation&quot;:&quot;0&quot;}\" data-image-title=\"Imagen de WhatsApp 2022-10-13 a las 12.32.56 2\" data-image-description=\"\" data-image-caption=\"\" data-large-file=\"https:\/\/eldiariodesanpedro.com.ar\/sitio\/wp-content\/uploads\/2022\/10\/Imagen-de-WhatsApp-2022-10-13-a-las-12.32.56-2.jpg\" data-src=\"https:\/\/eldiariodesanpedro.com.ar\/sitio\/wp-content\/uploads\/2022\/10\/Imagen-de-WhatsApp-2022-10-13-a-las-12.32.56-2.jpg\" alt=\"\" class=\"wp-image-111350 lazyload\" data-srcset=\"https:\/\/eldiariodesanpedro.com.ar\/sitio\/wp-content\/uploads\/2022\/10\/Imagen-de-WhatsApp-2022-10-13-a-las-12.32.56-2.jpg 630w, https:\/\/eldiariodesanpedro.com.ar\/sitio\/wp-content\/uploads\/2022\/10\/Imagen-de-WhatsApp-2022-10-13-a-las-12.32.56-2-300x300.jpg 300w, https:\/\/eldiariodesanpedro.com.ar\/sitio\/wp-content\/uploads\/2022\/10\/Imagen-de-WhatsApp-2022-10-13-a-las-12.32.56-2-150x150.jpg 150w\" data-sizes=\"(max-width: 630px) 100vw, 630px\" src=\"data:image\/svg+xml;base64,PHN2ZyB3aWR0aD0iMSIgaGVpZ2h0PSIxIiB4bWxucz0iaHR0cDovL3d3dy53My5vcmcvMjAwMC9zdmciPjwvc3ZnPg==\" style=\"--smush-placeholder-width: 630px; --smush-placeholder-aspect-ratio: 630\/630;\" \/><\/figure>\n\n\n\n<figure class=\"wp-block-image size-full\"><img decoding=\"async\" width=\"630\" height=\"630\" data-attachment-id=\"111351\" data-permalink=\"https:\/\/eldiariodesanpedro.com.ar\/sitio\/campana-nacional-de-vacunacion-2022-horarios-y-puntos-de-vacunacion\/imagen-de-whatsapp-2022-10-13-a-las-12-32-56\/\" data-orig-file=\"https:\/\/eldiariodesanpedro.com.ar\/sitio\/wp-content\/uploads\/2022\/10\/Imagen-de-WhatsApp-2022-10-13-a-las-12.32.56.jpg\" data-orig-size=\"630,630\" data-comments-opened=\"0\" data-image-meta=\"{&quot;aperture&quot;:&quot;0&quot;,&quot;credit&quot;:&quot;&quot;,&quot;camera&quot;:&quot;&quot;,&quot;caption&quot;:&quot;&quot;,&quot;created_timestamp&quot;:&quot;0&quot;,&quot;copyright&quot;:&quot;&quot;,&quot;focal_length&quot;:&quot;0&quot;,&quot;iso&quot;:&quot;0&quot;,&quot;shutter_speed&quot;:&quot;0&quot;,&quot;title&quot;:&quot;&quot;,&quot;orientation&quot;:&quot;0&quot;}\" data-image-title=\"Imagen de WhatsApp 2022-10-13 a las 12.32.56\" data-image-description=\"\" data-image-caption=\"\" data-large-file=\"https:\/\/eldiariodesanpedro.com.ar\/sitio\/wp-content\/uploads\/2022\/10\/Imagen-de-WhatsApp-2022-10-13-a-las-12.32.56.jpg\" data-src=\"https:\/\/eldiariodesanpedro.com.ar\/sitio\/wp-content\/uploads\/2022\/10\/Imagen-de-WhatsApp-2022-10-13-a-las-12.32.56.jpg\" alt=\"\" class=\"wp-image-111351 lazyload\" data-srcset=\"https:\/\/eldiariodesanpedro.com.ar\/sitio\/wp-content\/uploads\/2022\/10\/Imagen-de-WhatsApp-2022-10-13-a-las-12.32.56.jpg 630w, https:\/\/eldiariodesanpedro.com.ar\/sitio\/wp-content\/uploads\/2022\/10\/Imagen-de-WhatsApp-2022-10-13-a-las-12.32.56-300x300.jpg 300w, https:\/\/eldiariodesanpedro.com.ar\/sitio\/wp-content\/uploads\/2022\/10\/Imagen-de-WhatsApp-2022-10-13-a-las-12.32.56-150x150.jpg 150w\" data-sizes=\"(max-width: 630px) 100vw, 630px\" src=\"data:image\/svg+xml;base64,PHN2ZyB3aWR0aD0iMSIgaGVpZ2h0PSIxIiB4bWxucz0iaHR0cDovL3d3dy53My5vcmcvMjAwMC9zdmciPjwvc3ZnPg==\" style=\"--smush-placeholder-width: 630px; --smush-placeholder-aspect-ratio: 630\/630;\" \/><\/figure>\n","protected":false},"excerpt":{"rendered":"<p>La Secretar\u00eda de Salud de la Municipalidad de San Pedro recuerda los horarios y puntos de vacunaci\u00f3n establecidos para la Campa\u00f1a Nacional de Vacunaci\u00f3n contra Sarampi\u00f3n, Rub\u00e9ola, Paperas y Poliomielitis que se desarrollar\u00e1 hasta el 13 de noviembre en la ciudad y localidades. En el Hospital Municipal Emilio Ruffa se podr\u00e1n vacunar de lunes a [&hellip;]<\/p>\n","protected":false},"author":4,"featured_media":100631,"comment_status":"closed","ping_status":"closed","sticky":false,"template":"","format":"standard","meta":{"om_disable_all_campaigns":false,"_jetpack_memberships_contains_paid_content":false,"footnotes":""},"categories":[101,2],"tags":[197,3083,696,33,19],"class_list":["post-111349","post","type-post","status-publish","format-standard","has-post-thumbnail","hentry","category-interes-general-locales","category-locales","tag-buenos-aires","tag-campana-nacional-de-vacunacion-2022-horarios-y-puntos-de-vacunacion","tag-interes-general","tag-locales","tag-san-pedro"],"aioseo_notices":[],"gutentor_comment":0,"jetpack_featured_media_url":"https:\/\/eldiariodesanpedro.com.ar\/sitio\/wp-content\/uploads\/2021\/10\/Vacunas-covid-19-en-ninos-y-adolescentes-los-primeros-resultados-de-la-investigacion-son-alentadores.jpg","jetpack_shortlink":"https:\/\/wp.me\/p6RhLt-sXX","jetpack_sharing_enabled":true,"_links":{"self":[{"href":"https:\/\/eldiariodesanpedro.com.ar\/sitio\/wp-json\/wp\/v2\/posts\/111349","targetHints":{"allow":["GET"]}}],"collection":[{"href":"https:\/\/eldiariodesanpedro.com.ar\/sitio\/wp-json\/wp\/v2\/posts"}],"about":[{"href":"https:\/\/eldiariodesanpedro.com.ar\/sitio\/wp-json\/wp\/v2\/types\/post"}],"author":[{"embeddable":true,"href":"https:\/\/eldiariodesanpedro.com.ar\/sitio\/wp-json\/wp\/v2\/users\/4"}],"replies":[{"embeddable":true,"href":"https:\/\/eldiariodesanpedro.com.ar\/sitio\/wp-json\/wp\/v2\/comments?post=111349"}],"version-history":[{"count":1,"href":"https:\/\/eldiariodesanpedro.com.ar\/sitio\/wp-json\/wp\/v2\/posts\/111349\/revisions"}],"predecessor-version":[{"id":111352,"href":"https:\/\/eldiariodesanpedro.com.ar\/sitio\/wp-json\/wp\/v2\/posts\/111349\/revisions\/111352"}],"wp:featuredmedia":[{"embeddable":true,"href":"https:\/\/eldiariodesanpedro.com.ar\/sitio\/wp-json\/wp\/v2\/media\/100631"}],"wp:attachment":[{"href":"https:\/\/eldiariodesanpedro.com.ar\/sitio\/wp-json\/wp\/v2\/media?parent=111349"}],"wp:term":[{"taxonomy":"category","embeddable":true,"href":"https:\/\/eldiariodesanpedro.com.ar\/sitio\/wp-json\/wp\/v2\/categories?post=111349"},{"taxonomy":"post_tag","embeddable":true,"href":"https:\/\/eldiariodesanpedro.com.ar\/sitio\/wp-json\/wp\/v2\/tags?post=111349"}],"curies":[{"name":"wp","href":"https:\/\/api.w.org\/{rel}","templated":true}]}}