{"id":111342,"date":"2022-10-13T19:46:34","date_gmt":"2022-10-13T22:46:34","guid":{"rendered":"https:\/\/eldiariodesanpedro.com.ar\/sitio\/?p=111342"},"modified":"2022-10-13T19:46:34","modified_gmt":"2022-10-13T22:46:34","slug":"presentacion-de-becas-y-programas-para-estudiantes-secundarios-de-la-embajada-de-estados-unidos-en-argentina","status":"publish","type":"post","link":"https:\/\/eldiariodesanpedro.com.ar\/sitio\/presentacion-de-becas-y-programas-para-estudiantes-secundarios-de-la-embajada-de-estados-unidos-en-argentina\/","title":{"rendered":"Presentaci\u00f3n de becas y programas para estudiantes secundarios de la Embajada de Estados Unidos en Argentina"},"content":{"rendered":"<!-- VideographyWP Plugin Message: Automatic video embedding prevented by plugin options. -->\n\n<p>La Embajada de Estados Unidos en Argentina invita a una charla de presentaci\u00f3n de sus programas para j\u00f3venes estudiantes secundarios, el pr\u00f3ximo 20 de octubre a las 15 horas, en el Centro Cultural Abelardo Castillo, 25 de mayo 848, de San Pedro.<\/p>\n\n\n\n<p>Representantes de la embajada junto a ex-becarios compartir\u00e1n sus experiencias con los programas de Ciencia, Liderazgo y Voluntariado a los que se pueden aplicar durante la convocatoria 2022-2023.<\/p>\n\n\n\n<p>La actividad es libre y cuenta con el acompa\u00f1amiento de la Municipalidad de San Pedro a trav\u00e9s de la Secretar\u00eda de Turismo y Cultura, y la Direcci\u00f3n de Educaci\u00f3n.<\/p>\n\n\n\n<p>Para preparar adecuadamente la actividad se agradece confirmar asistencia\u00a0al\u00a03329-630390<\/p>\n\n\n\n<figure class=\"wp-block-image size-full\"><img decoding=\"async\" width=\"630\" height=\"630\" data-attachment-id=\"111343\" data-permalink=\"https:\/\/eldiariodesanpedro.com.ar\/sitio\/presentacion-de-becas-y-programas-para-estudiantes-secundarios-de-la-embajada-de-estados-unidos-en-argentina\/imagen-de-whatsapp-2022-10-12-a-las-19-11-11\/\" data-orig-file=\"https:\/\/eldiariodesanpedro.com.ar\/sitio\/wp-content\/uploads\/2022\/10\/Imagen-de-WhatsApp-2022-10-12-a-las-19.11.11.jpg\" data-orig-size=\"630,630\" data-comments-opened=\"0\" data-image-meta=\"{&quot;aperture&quot;:&quot;0&quot;,&quot;credit&quot;:&quot;&quot;,&quot;camera&quot;:&quot;&quot;,&quot;caption&quot;:&quot;&quot;,&quot;created_timestamp&quot;:&quot;0&quot;,&quot;copyright&quot;:&quot;&quot;,&quot;focal_length&quot;:&quot;0&quot;,&quot;iso&quot;:&quot;0&quot;,&quot;shutter_speed&quot;:&quot;0&quot;,&quot;title&quot;:&quot;&quot;,&quot;orientation&quot;:&quot;0&quot;}\" data-image-title=\"Imagen-de-WhatsApp-2022-10-12-a-las-19.11.11\" data-image-description=\"\" data-image-caption=\"\" data-large-file=\"https:\/\/eldiariodesanpedro.com.ar\/sitio\/wp-content\/uploads\/2022\/10\/Imagen-de-WhatsApp-2022-10-12-a-las-19.11.11.jpg\" data-src=\"https:\/\/eldiariodesanpedro.com.ar\/sitio\/wp-content\/uploads\/2022\/10\/Imagen-de-WhatsApp-2022-10-12-a-las-19.11.11.jpg\" alt=\"\" class=\"wp-image-111343 lazyload\" data-srcset=\"https:\/\/eldiariodesanpedro.com.ar\/sitio\/wp-content\/uploads\/2022\/10\/Imagen-de-WhatsApp-2022-10-12-a-las-19.11.11.jpg 630w, https:\/\/eldiariodesanpedro.com.ar\/sitio\/wp-content\/uploads\/2022\/10\/Imagen-de-WhatsApp-2022-10-12-a-las-19.11.11-300x300.jpg 300w, https:\/\/eldiariodesanpedro.com.ar\/sitio\/wp-content\/uploads\/2022\/10\/Imagen-de-WhatsApp-2022-10-12-a-las-19.11.11-150x150.jpg 150w\" data-sizes=\"(max-width: 630px) 100vw, 630px\" src=\"data:image\/svg+xml;base64,PHN2ZyB3aWR0aD0iMSIgaGVpZ2h0PSIxIiB4bWxucz0iaHR0cDovL3d3dy53My5vcmcvMjAwMC9zdmciPjwvc3ZnPg==\" style=\"--smush-placeholder-width: 630px; --smush-placeholder-aspect-ratio: 630\/630;\" \/><\/figure>\n","protected":false},"excerpt":{"rendered":"<p>La Embajada de Estados Unidos en Argentina invita a una charla de presentaci\u00f3n de sus programas para j\u00f3venes estudiantes secundarios, el pr\u00f3ximo 20 de octubre a las 15 horas, en el Centro Cultural Abelardo Castillo, 25 de mayo 848, de San Pedro. Representantes de la embajada junto a ex-becarios compartir\u00e1n sus experiencias con los programas [&hellip;]<\/p>\n","protected":false},"author":4,"featured_media":111344,"comment_status":"closed","ping_status":"closed","sticky":false,"template":"","format":"standard","meta":{"om_disable_all_campaigns":false,"_jetpack_memberships_contains_paid_content":false,"footnotes":""},"categories":[101,2],"tags":[197,696,33,19],"class_list":["post-111342","post","type-post","status-publish","format-standard","has-post-thumbnail","hentry","category-interes-general-locales","category-locales","tag-buenos-aires","tag-interes-general","tag-locales","tag-san-pedro"],"aioseo_notices":[],"gutentor_comment":0,"jetpack_featured_media_url":"https:\/\/eldiariodesanpedro.com.ar\/sitio\/wp-content\/uploads\/2022\/10\/medida-2.png","jetpack_shortlink":"https:\/\/wp.me\/p6RhLt-sXQ","jetpack_sharing_enabled":true,"_links":{"self":[{"href":"https:\/\/eldiariodesanpedro.com.ar\/sitio\/wp-json\/wp\/v2\/posts\/111342","targetHints":{"allow":["GET"]}}],"collection":[{"href":"https:\/\/eldiariodesanpedro.com.ar\/sitio\/wp-json\/wp\/v2\/posts"}],"about":[{"href":"https:\/\/eldiariodesanpedro.com.ar\/sitio\/wp-json\/wp\/v2\/types\/post"}],"author":[{"embeddable":true,"href":"https:\/\/eldiariodesanpedro.com.ar\/sitio\/wp-json\/wp\/v2\/users\/4"}],"replies":[{"embeddable":true,"href":"https:\/\/eldiariodesanpedro.com.ar\/sitio\/wp-json\/wp\/v2\/comments?post=111342"}],"version-history":[{"count":1,"href":"https:\/\/eldiariodesanpedro.com.ar\/sitio\/wp-json\/wp\/v2\/posts\/111342\/revisions"}],"predecessor-version":[{"id":111345,"href":"https:\/\/eldiariodesanpedro.com.ar\/sitio\/wp-json\/wp\/v2\/posts\/111342\/revisions\/111345"}],"wp:featuredmedia":[{"embeddable":true,"href":"https:\/\/eldiariodesanpedro.com.ar\/sitio\/wp-json\/wp\/v2\/media\/111344"}],"wp:attachment":[{"href":"https:\/\/eldiariodesanpedro.com.ar\/sitio\/wp-json\/wp\/v2\/media?parent=111342"}],"wp:term":[{"taxonomy":"category","embeddable":true,"href":"https:\/\/eldiariodesanpedro.com.ar\/sitio\/wp-json\/wp\/v2\/categories?post=111342"},{"taxonomy":"post_tag","embeddable":true,"href":"https:\/\/eldiariodesanpedro.com.ar\/sitio\/wp-json\/wp\/v2\/tags?post=111342"}],"curies":[{"name":"wp","href":"https:\/\/api.w.org\/{rel}","templated":true}]}}