{"id":111339,"date":"2022-10-13T19:38:32","date_gmt":"2022-10-13T22:38:32","guid":{"rendered":"https:\/\/eldiariodesanpedro.com.ar\/sitio\/?p=111339"},"modified":"2022-10-13T19:38:33","modified_gmt":"2022-10-13T22:38:33","slug":"se-desarrollo-una-nueva-edicion-de-mercados-bonaerense","status":"publish","type":"post","link":"https:\/\/eldiariodesanpedro.com.ar\/sitio\/se-desarrollo-una-nueva-edicion-de-mercados-bonaerense\/","title":{"rendered":"Se desarroll\u00f3 una nueva edici\u00f3n de Mercados Bonaerense"},"content":{"rendered":"<!-- VideographyWP Plugin Message: Automatic video embedding prevented by plugin options. -->\n\n<p>Este domingo se llev\u00f3 a cabo una nueva edici\u00f3n del Programa Mercados Bonaerenses en la Plazoleta Fray Cayetano Rodr\u00edguez, coordinada por la Secretar\u00eda de Desarrollo Econ\u00f3mico de la Municipalidad de San Pedro junto con el Ministerio de Desarrollo Agrario de la Provincia de Buenos Aires.<\/p>\n\n\n\n<p>Durante la actividad fueron entregados los carnets de manipulador de alimentos que obtuvieron los feriantes que participaron del curso que llev\u00f3 adelante el \u00e1rea que conduce el Ministro Javier Rodr\u00edguez<\/p>\n\n\n\n<p>Para participar de la feria se deber\u00e1 completar un formulario a trav\u00e9s del siguiente link: <a href=\"https:\/\/bit.ly\/3ohUwT2\">https:\/\/bit.ly\/3ohUwT2<\/a><\/p>\n\n\n\n<p><\/p>\n","protected":false},"excerpt":{"rendered":"<p>Este domingo se llev\u00f3 a cabo una nueva edici\u00f3n del Programa Mercados Bonaerenses en la Plazoleta Fray Cayetano Rodr\u00edguez, coordinada por la Secretar\u00eda de Desarrollo Econ\u00f3mico de la Municipalidad de San Pedro junto con el Ministerio de Desarrollo Agrario de la Provincia de Buenos Aires. Durante la actividad fueron entregados los carnets de manipulador de [&hellip;]<\/p>\n","protected":false},"author":4,"featured_media":111340,"comment_status":"closed","ping_status":"closed","sticky":false,"template":"","format":"standard","meta":{"om_disable_all_campaigns":false,"_jetpack_memberships_contains_paid_content":false,"footnotes":""},"categories":[101,2],"tags":[197,696,33,19],"class_list":["post-111339","post","type-post","status-publish","format-standard","has-post-thumbnail","hentry","category-interes-general-locales","category-locales","tag-buenos-aires","tag-interes-general","tag-locales","tag-san-pedro"],"aioseo_notices":[],"gutentor_comment":0,"jetpack_featured_media_url":"https:\/\/eldiariodesanpedro.com.ar\/sitio\/wp-content\/uploads\/2022\/10\/medida-1.png","jetpack_shortlink":"https:\/\/wp.me\/p6RhLt-sXN","jetpack_sharing_enabled":true,"_links":{"self":[{"href":"https:\/\/eldiariodesanpedro.com.ar\/sitio\/wp-json\/wp\/v2\/posts\/111339","targetHints":{"allow":["GET"]}}],"collection":[{"href":"https:\/\/eldiariodesanpedro.com.ar\/sitio\/wp-json\/wp\/v2\/posts"}],"about":[{"href":"https:\/\/eldiariodesanpedro.com.ar\/sitio\/wp-json\/wp\/v2\/types\/post"}],"author":[{"embeddable":true,"href":"https:\/\/eldiariodesanpedro.com.ar\/sitio\/wp-json\/wp\/v2\/users\/4"}],"replies":[{"embeddable":true,"href":"https:\/\/eldiariodesanpedro.com.ar\/sitio\/wp-json\/wp\/v2\/comments?post=111339"}],"version-history":[{"count":1,"href":"https:\/\/eldiariodesanpedro.com.ar\/sitio\/wp-json\/wp\/v2\/posts\/111339\/revisions"}],"predecessor-version":[{"id":111341,"href":"https:\/\/eldiariodesanpedro.com.ar\/sitio\/wp-json\/wp\/v2\/posts\/111339\/revisions\/111341"}],"wp:featuredmedia":[{"embeddable":true,"href":"https:\/\/eldiariodesanpedro.com.ar\/sitio\/wp-json\/wp\/v2\/media\/111340"}],"wp:attachment":[{"href":"https:\/\/eldiariodesanpedro.com.ar\/sitio\/wp-json\/wp\/v2\/media?parent=111339"}],"wp:term":[{"taxonomy":"category","embeddable":true,"href":"https:\/\/eldiariodesanpedro.com.ar\/sitio\/wp-json\/wp\/v2\/categories?post=111339"},{"taxonomy":"post_tag","embeddable":true,"href":"https:\/\/eldiariodesanpedro.com.ar\/sitio\/wp-json\/wp\/v2\/tags?post=111339"}],"curies":[{"name":"wp","href":"https:\/\/api.w.org\/{rel}","templated":true}]}}