{"id":111332,"date":"2022-10-13T17:38:21","date_gmt":"2022-10-13T20:38:21","guid":{"rendered":"https:\/\/eldiariodesanpedro.com.ar\/sitio\/?p=111332"},"modified":"2022-10-13T17:38:22","modified_gmt":"2022-10-13T20:38:22","slug":"asamblea-general-ordinaria-de-la-cooperativa-de-provision-de-servicios-electricos-publicos-y-sociales-de-san-pedro-limitada","status":"publish","type":"post","link":"https:\/\/eldiariodesanpedro.com.ar\/sitio\/asamblea-general-ordinaria-de-la-cooperativa-de-provision-de-servicios-electricos-publicos-y-sociales-de-san-pedro-limitada\/","title":{"rendered":"Asamblea General Ordinaria de la Cooperativa de Provisi\u00f3n de Servicios El\u00e9ctricos, P\u00fablicos y Sociales de San Pedro Limitada"},"content":{"rendered":"<!-- VideographyWP Plugin Message: Automatic video embedding prevented by plugin options. -->\n\n<h2 class=\"has-text-align-center wp-block-heading\">Asamblea General Ordinaria<br>Convocatoria<\/h2>\n\n\n\n<p>De conformidad con lo establecido en el Estatuto Social, convocase a los Se\u00f1ores Delegados de Distritos de la Cooperativa de Provisi\u00f3n de Servicios El\u00e9ctricos, P\u00fablicos y Sociales de San Pedro Limitada, para el d\u00eda 31 de Octubre de 2022, a las 20,00 horas, a Asamblea General Ordinaria a realizarse en las instalaciones del Sindicato de Luz y Fuerza de la Zona del Paran\u00e1, sito en calle Belgrano 1270, a fin de considerarse el siguiente:<\/p>\n\n\n\n<p>Orden del D\u00eda<\/p>\n\n\n\n<ol class=\"wp-block-list\"><li>Elecci\u00f3n del Presidente de la presente Asamblea y de dos Delegados Asamble\u00edstas para que firmen conjuntamente con el Presidente y Secretario del Consejo de Administraci\u00f3n el Acta de la Asamblea.<\/li><li>Consideraci\u00f3n de la Memoria, Estado de Situaci\u00f3n Patrimonial, Estado de Resultados, Estados Complementarios, Informe del S\u00edndico e Informe del Auditor, correspondiente al 78\u00ba Ejercicio Social cerrado el 30 de Junio de 2022.<\/li><li>Tratamiento y consideraci\u00f3n de alternativas de aplicaci\u00f3n de los Art\u00edculos 58 y 79 del Estatuto Social.<\/li><li>Disponer la suspensi\u00f3n de reembolsos de capital accionario por el t\u00e9rmino de tres ejercicios en los t\u00e9rminos de la Resoluci\u00f3n 1027\/04 INAC (hoy INAES).<\/li><li>Elecci\u00f3n para integrar el Consejo de Administraci\u00f3n:<br>a) Designaci\u00f3n de una Comisi\u00f3n Escrutadora.<br>b) Votaci\u00f3n para elegir:<br>Cuatro (4) miembros titulares por tres (3) a\u00f1os en reemplazo de los Consejeros FRANCO Mat\u00edas, ALVAREZ Angel, GARCIA Carlos, y BARCELO Sebasti\u00e1n por terminaci\u00f3n de mandatos en los t\u00e9rminos del Art.. 54 del Estatuto Social.<br>Siete (7) miembros suplentes por un (1) a\u00f1o por terminaci\u00f3n de mandatos.<br>Un (1) S\u00edndico Titular y un (1) S\u00edndico Suplente por el t\u00e9rmino de un (1) a\u00f1o por terminaci\u00f3n de mandatos.<br>c) Proclamaci\u00f3n de los electos.<\/li><\/ol>\n\n\n\n<p class=\"has-text-align-right\">San Pedro 03 de Octubre de 2022<\/p>\n\n\n\n<p>Miguel \u00c1ngel Madrid &#8211; Secretario<br>Emilio Longueira &#8211; Presidente<\/p>\n","protected":false},"excerpt":{"rendered":"<p>Asamblea General OrdinariaConvocatoria De conformidad con lo establecido en el Estatuto Social, convocase a los Se\u00f1ores Delegados de Distritos de la Cooperativa de Provisi\u00f3n de Servicios El\u00e9ctricos, P\u00fablicos y Sociales de San Pedro Limitada, para el d\u00eda 31 de Octubre de 2022, a las 20,00 horas, a Asamblea General Ordinaria a realizarse en las instalaciones [&hellip;]<\/p>\n","protected":false},"author":4,"featured_media":100194,"comment_status":"closed","ping_status":"closed","sticky":false,"template":"","format":"standard","meta":{"om_disable_all_campaigns":false,"_jetpack_memberships_contains_paid_content":false,"footnotes":""},"categories":[678,676],"tags":[197,696,33,19],"class_list":["post-111332","post","type-post","status-publish","format-standard","has-post-thumbnail","hentry","category-convocatorias","category-edictos","tag-buenos-aires","tag-interes-general","tag-locales","tag-san-pedro"],"aioseo_notices":[],"gutentor_comment":0,"jetpack_featured_media_url":"https:\/\/eldiariodesanpedro.com.ar\/sitio\/wp-content\/uploads\/2021\/10\/Coopser-2021-asamblea.jpg","jetpack_shortlink":"https:\/\/wp.me\/p6RhLt-sXG","jetpack_sharing_enabled":true,"_links":{"self":[{"href":"https:\/\/eldiariodesanpedro.com.ar\/sitio\/wp-json\/wp\/v2\/posts\/111332","targetHints":{"allow":["GET"]}}],"collection":[{"href":"https:\/\/eldiariodesanpedro.com.ar\/sitio\/wp-json\/wp\/v2\/posts"}],"about":[{"href":"https:\/\/eldiariodesanpedro.com.ar\/sitio\/wp-json\/wp\/v2\/types\/post"}],"author":[{"embeddable":true,"href":"https:\/\/eldiariodesanpedro.com.ar\/sitio\/wp-json\/wp\/v2\/users\/4"}],"replies":[{"embeddable":true,"href":"https:\/\/eldiariodesanpedro.com.ar\/sitio\/wp-json\/wp\/v2\/comments?post=111332"}],"version-history":[{"count":1,"href":"https:\/\/eldiariodesanpedro.com.ar\/sitio\/wp-json\/wp\/v2\/posts\/111332\/revisions"}],"predecessor-version":[{"id":111333,"href":"https:\/\/eldiariodesanpedro.com.ar\/sitio\/wp-json\/wp\/v2\/posts\/111332\/revisions\/111333"}],"wp:featuredmedia":[{"embeddable":true,"href":"https:\/\/eldiariodesanpedro.com.ar\/sitio\/wp-json\/wp\/v2\/media\/100194"}],"wp:attachment":[{"href":"https:\/\/eldiariodesanpedro.com.ar\/sitio\/wp-json\/wp\/v2\/media?parent=111332"}],"wp:term":[{"taxonomy":"category","embeddable":true,"href":"https:\/\/eldiariodesanpedro.com.ar\/sitio\/wp-json\/wp\/v2\/categories?post=111332"},{"taxonomy":"post_tag","embeddable":true,"href":"https:\/\/eldiariodesanpedro.com.ar\/sitio\/wp-json\/wp\/v2\/tags?post=111332"}],"curies":[{"name":"wp","href":"https:\/\/api.w.org\/{rel}","templated":true}]}}