{"id":111328,"date":"2022-10-13T17:28:53","date_gmt":"2022-10-13T20:28:53","guid":{"rendered":"https:\/\/eldiariodesanpedro.com.ar\/sitio\/?p=111328"},"modified":"2022-10-13T17:28:56","modified_gmt":"2022-10-13T20:28:56","slug":"brenda-roja-consiguio-su-tercera-medalla-dorada-en-los-juegos-sudamericanos","status":"publish","type":"post","link":"https:\/\/eldiariodesanpedro.com.ar\/sitio\/brenda-roja-consiguio-su-tercera-medalla-dorada-en-los-juegos-sudamericanos\/","title":{"rendered":"Brenda roja consigui\u00f3 su tercera medalla dorada en los Juegos Sudamericanos"},"content":{"rendered":"<!-- VideographyWP Plugin Message: Automatic video embedding prevented by plugin options. -->\n\n<p>La palista sampedrina volvi\u00f3 a competir este jueves en los Juegos Sudamericanos 2022 que se desarrollan en Paraguay y gano su tercera medalla dorada.<\/p>\n\n\n\n<p>Como nos tiene acostumbrado la representante de San Pedro en los juegos ol\u00edmpicos volvi\u00f3 a competir en un alto nivel ganando tres medallas.<\/p>\n\n\n\n<p>Recordemos que ayer la primera medalla del d\u00eda lleg\u00f3 en el K1 500 metros y la segunda en K2 500 pero junto a Mar\u00eda Magdalena Garro.<\/p>\n\n\n\n<iframe data-src=\"https:\/\/www.facebook.com\/plugins\/video.php?height=314&#038;href=https%3A%2F%2Fwww.facebook.com%2Fdiariosp2%2Fvideos%2F624778532452287%2F&#038;show_text=false&#038;width=560&#038;t=0\" width=\"560\" height=\"314\" style=\"border:none;overflow:hidden\" scrolling=\"no\" frameborder=\"0\" allowfullscreen=\"true\" allow=\"autoplay; clipboard-write; encrypted-media; picture-in-picture; web-share\" allowFullScreen=\"true\" src=\"data:image\/svg+xml;base64,PHN2ZyB3aWR0aD0iMSIgaGVpZ2h0PSIxIiB4bWxucz0iaHR0cDovL3d3dy53My5vcmcvMjAwMC9zdmciPjwvc3ZnPg==\" class=\"lazyload\" data-load-mode=\"1\"><\/iframe>\n","protected":false},"excerpt":{"rendered":"<p>La palista sampedrina volvi\u00f3 a competir este jueves en los Juegos Sudamericanos 2022 que se desarrollan en Paraguay y gano su tercera medalla dorada. Como nos tiene acostumbrado la representante de San Pedro en los juegos ol\u00edmpicos volvi\u00f3 a competir en un alto nivel ganando tres medallas. Recordemos que ayer la primera medalla del d\u00eda [&hellip;]<\/p>\n","protected":false},"author":4,"featured_media":111329,"comment_status":"closed","ping_status":"closed","sticky":false,"template":"","format":"standard","meta":{"om_disable_all_campaigns":false,"_jetpack_memberships_contains_paid_content":false,"footnotes":""},"categories":[50,101,2],"tags":[197,696,33,19],"class_list":["post-111328","post","type-post","status-publish","format-standard","has-post-thumbnail","hentry","category-destacadas","category-interes-general-locales","category-locales","tag-buenos-aires","tag-interes-general","tag-locales","tag-san-pedro"],"aioseo_notices":[],"gutentor_comment":0,"jetpack_featured_media_url":"https:\/\/eldiariodesanpedro.com.ar\/sitio\/wp-content\/uploads\/2022\/10\/medida.png","jetpack_shortlink":"https:\/\/wp.me\/p6RhLt-sXC","jetpack_sharing_enabled":true,"_links":{"self":[{"href":"https:\/\/eldiariodesanpedro.com.ar\/sitio\/wp-json\/wp\/v2\/posts\/111328","targetHints":{"allow":["GET"]}}],"collection":[{"href":"https:\/\/eldiariodesanpedro.com.ar\/sitio\/wp-json\/wp\/v2\/posts"}],"about":[{"href":"https:\/\/eldiariodesanpedro.com.ar\/sitio\/wp-json\/wp\/v2\/types\/post"}],"author":[{"embeddable":true,"href":"https:\/\/eldiariodesanpedro.com.ar\/sitio\/wp-json\/wp\/v2\/users\/4"}],"replies":[{"embeddable":true,"href":"https:\/\/eldiariodesanpedro.com.ar\/sitio\/wp-json\/wp\/v2\/comments?post=111328"}],"version-history":[{"count":1,"href":"https:\/\/eldiariodesanpedro.com.ar\/sitio\/wp-json\/wp\/v2\/posts\/111328\/revisions"}],"predecessor-version":[{"id":111330,"href":"https:\/\/eldiariodesanpedro.com.ar\/sitio\/wp-json\/wp\/v2\/posts\/111328\/revisions\/111330"}],"wp:featuredmedia":[{"embeddable":true,"href":"https:\/\/eldiariodesanpedro.com.ar\/sitio\/wp-json\/wp\/v2\/media\/111329"}],"wp:attachment":[{"href":"https:\/\/eldiariodesanpedro.com.ar\/sitio\/wp-json\/wp\/v2\/media?parent=111328"}],"wp:term":[{"taxonomy":"category","embeddable":true,"href":"https:\/\/eldiariodesanpedro.com.ar\/sitio\/wp-json\/wp\/v2\/categories?post=111328"},{"taxonomy":"post_tag","embeddable":true,"href":"https:\/\/eldiariodesanpedro.com.ar\/sitio\/wp-json\/wp\/v2\/tags?post=111328"}],"curies":[{"name":"wp","href":"https:\/\/api.w.org\/{rel}","templated":true}]}}