{"id":111324,"date":"2022-10-13T11:39:14","date_gmt":"2022-10-13T14:39:14","guid":{"rendered":"https:\/\/eldiariodesanpedro.com.ar\/sitio\/?p=111324"},"modified":"2022-10-13T19:08:10","modified_gmt":"2022-10-13T22:08:10","slug":"canotaje-oro-para-brenda-rojas-en-los-juegos-sudamericanos-de-asuncion","status":"publish","type":"post","link":"https:\/\/eldiariodesanpedro.com.ar\/sitio\/canotaje-oro-para-brenda-rojas-en-los-juegos-sudamericanos-de-asuncion\/","title":{"rendered":"Canotaje: Oro para Brenda Rojas en los Juegos Sudamericanos de Asunci\u00f3n"},"content":{"rendered":"<!-- VideographyWP Plugin Message: Automatic video embedding prevented by plugin options. -->\n\n<p>La palista de la Cooperativa Las Canaletas sum\u00f3 dos medallas doradas para la delegaci\u00f3n Argentina en los juegos que se desarrollan en Paraguay. Gonzalo Carreras, palista del Club N\u00e1utico tambi\u00e9n termin\u00f3 primero.<\/p>\n\n\n\n<p>La palista sampedrina Brenda Rojas volvi\u00f3 a brillar en una competencia internacional al imponerse en las competencias desarrolladas en asunci\u00f3n del Paraguay, donde por estos d\u00edas se desarrollan los Juegos Sudamericano 2022.<\/p>\n\n\n\n<p>El canotaje argentino vivi\u00f3 una gran jornada en los Juegos Suramericanos al quedarse con cinco de las siete finales que se disputaron este mi\u00e9rcoles en la costanera de Asunci\u00f3n, Paraguay.<\/p>\n\n\n\n<p>De esta manera, el canotaje argentino acumula seis medallas doradas porque las de esta jornada se suman a la que ayer consigui\u00f3 Agust\u00edn Vernice en el K1 1000, en el debut de la competencia.<\/p>\n\n\n\n<p>La primera medalla del d\u00eda lleg\u00f3 en el K1 500 metros y de la mano de Brenda Rojas, qui\u00e9n finaliz\u00f3 con un tiempo de 1:56.33 y dej\u00f3 por detr\u00e1s a Brasil y Colombia.<\/p>\n\n\n\n<p>Luego, la victoria fue del K2 500, integrado por Gonzalo Carreras y Gonzalo Lo Moro, quienes clavaron los relojes en 1:31.52 y completaron el podio Uruguay y Brasil.<\/p>\n\n\n\n<p>Tambi\u00e9n el K2 500 pero entre las chicas se subi\u00f3 a lo m\u00e1s alto del podio: Brenda Rojas y Mar\u00eda Magdalena Garro ganaron con un registro de 1:47.41 y dejaron detr\u00e1s a Colombia y Chile.<\/p>\n\n\n\n<figure class=\"wp-block-image size-full\"><img decoding=\"async\" width=\"767\" height=\"533\" data-attachment-id=\"111326\" data-permalink=\"https:\/\/eldiariodesanpedro.com.ar\/sitio\/canotaje-oro-para-brenda-rojas-en-los-juegos-sudamericanos-de-asuncion\/descarga-1-24\/\" data-orig-file=\"https:\/\/eldiariodesanpedro.com.ar\/sitio\/wp-content\/uploads\/2022\/10\/descarga-1-1.jpg\" data-orig-size=\"767,533\" data-comments-opened=\"0\" data-image-meta=\"{&quot;aperture&quot;:&quot;0&quot;,&quot;credit&quot;:&quot;&quot;,&quot;camera&quot;:&quot;&quot;,&quot;caption&quot;:&quot;&quot;,&quot;created_timestamp&quot;:&quot;0&quot;,&quot;copyright&quot;:&quot;&quot;,&quot;focal_length&quot;:&quot;0&quot;,&quot;iso&quot;:&quot;0&quot;,&quot;shutter_speed&quot;:&quot;0&quot;,&quot;title&quot;:&quot;&quot;,&quot;orientation&quot;:&quot;0&quot;}\" data-image-title=\"descarga (1)\" data-image-description=\"\" data-image-caption=\"\" data-large-file=\"https:\/\/eldiariodesanpedro.com.ar\/sitio\/wp-content\/uploads\/2022\/10\/descarga-1-1.jpg\" data-src=\"https:\/\/eldiariodesanpedro.com.ar\/sitio\/wp-content\/uploads\/2022\/10\/descarga-1-1.jpg\" alt=\"\" class=\"wp-image-111326 lazyload\" data-srcset=\"https:\/\/eldiariodesanpedro.com.ar\/sitio\/wp-content\/uploads\/2022\/10\/descarga-1-1.jpg 767w, https:\/\/eldiariodesanpedro.com.ar\/sitio\/wp-content\/uploads\/2022\/10\/descarga-1-1-300x208.jpg 300w\" data-sizes=\"(max-width: 767px) 100vw, 767px\" src=\"data:image\/svg+xml;base64,PHN2ZyB3aWR0aD0iMSIgaGVpZ2h0PSIxIiB4bWxucz0iaHR0cDovL3d3dy53My5vcmcvMjAwMC9zdmciPjwvc3ZnPg==\" style=\"--smush-placeholder-width: 767px; --smush-placeholder-aspect-ratio: 767\/533;\" \/><\/figure>\n","protected":false},"excerpt":{"rendered":"<p>La palista de la Cooperativa Las Canaletas sum\u00f3 dos medallas doradas para la delegaci\u00f3n Argentina en los juegos que se desarrollan en Paraguay. Gonzalo Carreras, palista del Club N\u00e1utico tambi\u00e9n termin\u00f3 primero. La palista sampedrina Brenda Rojas volvi\u00f3 a brillar en una competencia internacional al imponerse en las competencias desarrolladas en asunci\u00f3n del Paraguay, donde [&hellip;]<\/p>\n","protected":false},"author":4,"featured_media":111325,"comment_status":"closed","ping_status":"closed","sticky":false,"template":"","format":"standard","meta":{"om_disable_all_campaigns":false,"_jetpack_memberships_contains_paid_content":false,"footnotes":""},"categories":[101,2],"tags":[197,696,33,19],"class_list":["post-111324","post","type-post","status-publish","format-standard","has-post-thumbnail","hentry","category-interes-general-locales","category-locales","tag-buenos-aires","tag-interes-general","tag-locales","tag-san-pedro"],"aioseo_notices":[],"gutentor_comment":0,"jetpack_featured_media_url":"https:\/\/eldiariodesanpedro.com.ar\/sitio\/wp-content\/uploads\/2022\/10\/0000021318-resized-1920x1080-1.jpg","jetpack_shortlink":"https:\/\/wp.me\/p6RhLt-sXy","jetpack_sharing_enabled":true,"_links":{"self":[{"href":"https:\/\/eldiariodesanpedro.com.ar\/sitio\/wp-json\/wp\/v2\/posts\/111324","targetHints":{"allow":["GET"]}}],"collection":[{"href":"https:\/\/eldiariodesanpedro.com.ar\/sitio\/wp-json\/wp\/v2\/posts"}],"about":[{"href":"https:\/\/eldiariodesanpedro.com.ar\/sitio\/wp-json\/wp\/v2\/types\/post"}],"author":[{"embeddable":true,"href":"https:\/\/eldiariodesanpedro.com.ar\/sitio\/wp-json\/wp\/v2\/users\/4"}],"replies":[{"embeddable":true,"href":"https:\/\/eldiariodesanpedro.com.ar\/sitio\/wp-json\/wp\/v2\/comments?post=111324"}],"version-history":[{"count":1,"href":"https:\/\/eldiariodesanpedro.com.ar\/sitio\/wp-json\/wp\/v2\/posts\/111324\/revisions"}],"predecessor-version":[{"id":111327,"href":"https:\/\/eldiariodesanpedro.com.ar\/sitio\/wp-json\/wp\/v2\/posts\/111324\/revisions\/111327"}],"wp:featuredmedia":[{"embeddable":true,"href":"https:\/\/eldiariodesanpedro.com.ar\/sitio\/wp-json\/wp\/v2\/media\/111325"}],"wp:attachment":[{"href":"https:\/\/eldiariodesanpedro.com.ar\/sitio\/wp-json\/wp\/v2\/media?parent=111324"}],"wp:term":[{"taxonomy":"category","embeddable":true,"href":"https:\/\/eldiariodesanpedro.com.ar\/sitio\/wp-json\/wp\/v2\/categories?post=111324"},{"taxonomy":"post_tag","embeddable":true,"href":"https:\/\/eldiariodesanpedro.com.ar\/sitio\/wp-json\/wp\/v2\/tags?post=111324"}],"curies":[{"name":"wp","href":"https:\/\/api.w.org\/{rel}","templated":true}]}}