{"id":111321,"date":"2022-10-13T11:34:22","date_gmt":"2022-10-13T14:34:22","guid":{"rendered":"https:\/\/eldiariodesanpedro.com.ar\/sitio\/?p=111321"},"modified":"2022-10-13T11:34:22","modified_gmt":"2022-10-13T14:34:22","slug":"detuvieron-a-un-hombre-que-abuso-de-una-menor-en-la-provincia-de-entre-rios","status":"publish","type":"post","link":"https:\/\/eldiariodesanpedro.com.ar\/sitio\/detuvieron-a-un-hombre-que-abuso-de-una-menor-en-la-provincia-de-entre-rios\/","title":{"rendered":"Detuvieron a un hombre que abus\u00f3 de una menor en la provincia de Entre R\u00edos"},"content":{"rendered":"<!-- VideographyWP Plugin Message: Automatic video embedding prevented by plugin options. -->\n\n<p>El acusado se encontraba viviendo en nuestra ciudad desde hace un tiempo y fue ubicado por la polic\u00eda en una vivienda del radio urbano. La v\u00edctima ten\u00eda 11 a\u00f1os cuando el caso fue dado a conocer y gest\u00f3 un embarazo generado por los abusos que sufr\u00eda.<\/p>\n\n\n\n<p>Personal de la Sub DDI San Pedro- Baradero, conjuntamente con la Polic\u00eda de Inteligencia Criminal y Delitos Complejos de Entre R\u00edos detuvo a un hombre de 32 a\u00f1os acusado de abusar sexualmente de una ni\u00f1a.<\/p>\n\n\n\n<p>El operativo se registr\u00f3 en una vivienda de la&nbsp;calle Independencia al 1300 donde se identific\u00f3 y detuvo a Jorge Maciel, un hombre oriundo de la provincia de Entre R\u00edos que estaba radicado en nuestra ciudad desde hace poco m\u00e1s de un a\u00f1o.<\/p>\n\n\n\n<p>Al imputado se lo acusa de abusar sexualmente de una menor de 11 a\u00f1os quien es la hija de una ex pareja suya y ocurri\u00f3 en el seno de una familia que habita en la localidad de San Salvador.<\/p>\n\n\n\n<p>Adem\u00e1s las autoridades judiciales confirmaron que la menor curs\u00f3 un embarazo producido por los reiterados abusos y que hace un tiempo dio a luz una ni\u00f1a.<\/p>\n\n\n\n<p>\u00c1vila fue alojado en la DDI San Nicol\u00e1s y se aguardan las medidas judiciales correspondiente s para determinar adonde quedar\u00e1 alojado.<\/p>\n","protected":false},"excerpt":{"rendered":"<p>El acusado se encontraba viviendo en nuestra ciudad desde hace un tiempo y fue ubicado por la polic\u00eda en una vivienda del radio urbano. La v\u00edctima ten\u00eda 11 a\u00f1os cuando el caso fue dado a conocer y gest\u00f3 un embarazo generado por los abusos que sufr\u00eda. Personal de la Sub DDI San Pedro- Baradero, conjuntamente [&hellip;]<\/p>\n","protected":false},"author":4,"featured_media":111322,"comment_status":"closed","ping_status":"closed","sticky":false,"template":"","format":"standard","meta":{"om_disable_all_campaigns":false,"_jetpack_memberships_contains_paid_content":false,"footnotes":""},"categories":[50,2,103],"tags":[197,33,95,19],"class_list":["post-111321","post","type-post","status-publish","format-standard","has-post-thumbnail","hentry","category-destacadas","category-locales","category-policiales-locales","tag-buenos-aires","tag-locales","tag-policiales","tag-san-pedro"],"aioseo_notices":[],"gutentor_comment":0,"jetpack_featured_media_url":"https:\/\/eldiariodesanpedro.com.ar\/sitio\/wp-content\/uploads\/2022\/10\/0000021319-resized-1920x1080-1.jpg","jetpack_shortlink":"https:\/\/wp.me\/p6RhLt-sXv","jetpack_sharing_enabled":true,"_links":{"self":[{"href":"https:\/\/eldiariodesanpedro.com.ar\/sitio\/wp-json\/wp\/v2\/posts\/111321","targetHints":{"allow":["GET"]}}],"collection":[{"href":"https:\/\/eldiariodesanpedro.com.ar\/sitio\/wp-json\/wp\/v2\/posts"}],"about":[{"href":"https:\/\/eldiariodesanpedro.com.ar\/sitio\/wp-json\/wp\/v2\/types\/post"}],"author":[{"embeddable":true,"href":"https:\/\/eldiariodesanpedro.com.ar\/sitio\/wp-json\/wp\/v2\/users\/4"}],"replies":[{"embeddable":true,"href":"https:\/\/eldiariodesanpedro.com.ar\/sitio\/wp-json\/wp\/v2\/comments?post=111321"}],"version-history":[{"count":1,"href":"https:\/\/eldiariodesanpedro.com.ar\/sitio\/wp-json\/wp\/v2\/posts\/111321\/revisions"}],"predecessor-version":[{"id":111323,"href":"https:\/\/eldiariodesanpedro.com.ar\/sitio\/wp-json\/wp\/v2\/posts\/111321\/revisions\/111323"}],"wp:featuredmedia":[{"embeddable":true,"href":"https:\/\/eldiariodesanpedro.com.ar\/sitio\/wp-json\/wp\/v2\/media\/111322"}],"wp:attachment":[{"href":"https:\/\/eldiariodesanpedro.com.ar\/sitio\/wp-json\/wp\/v2\/media?parent=111321"}],"wp:term":[{"taxonomy":"category","embeddable":true,"href":"https:\/\/eldiariodesanpedro.com.ar\/sitio\/wp-json\/wp\/v2\/categories?post=111321"},{"taxonomy":"post_tag","embeddable":true,"href":"https:\/\/eldiariodesanpedro.com.ar\/sitio\/wp-json\/wp\/v2\/tags?post=111321"}],"curies":[{"name":"wp","href":"https:\/\/api.w.org\/{rel}","templated":true}]}}