{"id":111318,"date":"2022-10-13T11:30:25","date_gmt":"2022-10-13T14:30:25","guid":{"rendered":"https:\/\/eldiariodesanpedro.com.ar\/sitio\/?p=111318"},"modified":"2022-10-13T11:30:26","modified_gmt":"2022-10-13T14:30:26","slug":"el-doctor-marcelo-manso-deja-la-fiscalia-de-san-pedro","status":"publish","type":"post","link":"https:\/\/eldiariodesanpedro.com.ar\/sitio\/el-doctor-marcelo-manso-deja-la-fiscalia-de-san-pedro\/","title":{"rendered":"El doctor Marcelo Manso deja la fiscal\u00eda de San Pedro"},"content":{"rendered":"<!-- VideographyWP Plugin Message: Automatic video embedding prevented by plugin options. -->\n\n<p>El ejecutivo provincial envi\u00f3 al Senado los nuevos pliegos para la cobertura de cargos en la Justicia bonaerense. El fiscal Manso asumir\u00e1 como Juez en Avellaneda.<\/p>\n\n\n\n<p>El Gobernador Axel Kicillof envi\u00f3 al Senado las nuevas postulaciones para cubrir cargos judiciales en el territorio bonaerense, la propuesta ser\u00e1 evaluada en la comisi\u00f3n de Asuntos Constitucionales y Acuerdos.<\/p>\n\n\n\n<p>Entre los nombres asignados se encuentra el del fiscal Marcelo Manso quien de esta manera dejar\u00e1 la Ufi 5 para asumir como Juez de juzgado de ejecuci\u00f3n del departamento judicial Avellaneda \u2013 Lan\u00fas, con asiento en Avellaneda.<\/p>\n\n\n\n<p>La asunci\u00f3n se deber\u00e1 concretar una vez que la Comisi\u00f3n del Senado lo apruebe y eso suceder\u00e1 antes del 31 de diciembre.<\/p>\n\n\n\n<p>Los 24 pliegos son los siguientes:<\/p>\n\n\n\n<p>JUECES<\/p>\n\n\n\n<p>Delcorcho Gabriela Paola \u2013 Jueza de c\u00e1mara de apelaci\u00f3n en lo civil y comercial del departamento judicial Avellaneda \u2013 Lan\u00fas.<\/p>\n\n\n\n<p>Bocaccia Pablo Ernesto \u2013 Juez de c\u00e1mara de apelaci\u00f3n en lo civil y comercial del departamento judicial Avellaneda \u2013 Lan\u00fas.<\/p>\n\n\n\n<p>Blanco Mauricio Salvador \u2013 Juez del tribunal en lo criminal del departamento judicial Avellaneda \u2013 Lan\u00fas, con asiento en Lan\u00fas.<\/p>\n\n\n\n<p>Canale Daniel Roberto \u2013 Juez del tribunal en lo criminal del departamento judiciaL Avellaneda-Lan\u00fas, con asiento en Lan\u00fas.<\/p>\n\n\n\n<p>Rodriguez Gustavo Hern\u00e1n \u2013 Juez del tribunal en lo criminal del departamento judicial Avellaneda \u2013 Lan\u00fas, con asiento en Lan\u00fas.<\/p>\n\n\n\n<p>Toneguzzo H\u00e9ctor Gustavo \u2013 Juez del tribunal en lo criminal del departamento judicial Avellaneda \u2013 Lan\u00fas, con asiento en Avellaneda.<\/p>\n\n\n\n<p>Sayago Mar\u00eda Ang\u00e9lica \u2013 Jueza del tribunal en lo criminal del departamento judicial Avellaneda \u2013 Lan\u00fas, con asiento en Avellaneda.<\/p>\n\n\n\n<p>Fragomeni Sandra Viviana \u2013 Jueza del tribunal en lo criminal del departamento judicial Avellaneda \u2013 Lan\u00fas, con asiento en Avellaneda.<\/p>\n\n\n\n<p>Manso Marcelo Lluis \u2013 Juez de juzgado de ejecuci\u00f3n del departamento judicial Avellaneda \u2013 Lan\u00fas, con asiento en Avellaneda.<\/p>\n\n\n\n<p>Alonso de Santiago Lourdes Elizabeth \u2013 Jueza de juzgado de familia del departamento judicial Avellaneda \u2013 Lan\u00fas, con asiento en Avellaneda.<\/p>\n","protected":false},"excerpt":{"rendered":"<p>El ejecutivo provincial envi\u00f3 al Senado los nuevos pliegos para la cobertura de cargos en la Justicia bonaerense. El fiscal Manso asumir\u00e1 como Juez en Avellaneda. El Gobernador Axel Kicillof envi\u00f3 al Senado las nuevas postulaciones para cubrir cargos judiciales en el territorio bonaerense, la propuesta ser\u00e1 evaluada en la comisi\u00f3n de Asuntos Constitucionales y [&hellip;]<\/p>\n","protected":false},"author":4,"featured_media":111319,"comment_status":"closed","ping_status":"closed","sticky":false,"template":"","format":"standard","meta":{"om_disable_all_campaigns":false,"_jetpack_memberships_contains_paid_content":false,"footnotes":""},"categories":[50,101,2],"tags":[197,3078,696,33,19],"class_list":["post-111318","post","type-post","status-publish","format-standard","has-post-thumbnail","hentry","category-destacadas","category-interes-general-locales","category-locales","tag-buenos-aires","tag-el-doctor-marcelo-manso-deja-la-fiscalia-de-san-pedro","tag-interes-general","tag-locales","tag-san-pedro"],"aioseo_notices":[],"gutentor_comment":0,"jetpack_featured_media_url":"https:\/\/eldiariodesanpedro.com.ar\/sitio\/wp-content\/uploads\/2022\/10\/fiscal_manso.jpg","jetpack_shortlink":"https:\/\/wp.me\/p6RhLt-sXs","jetpack_sharing_enabled":true,"_links":{"self":[{"href":"https:\/\/eldiariodesanpedro.com.ar\/sitio\/wp-json\/wp\/v2\/posts\/111318","targetHints":{"allow":["GET"]}}],"collection":[{"href":"https:\/\/eldiariodesanpedro.com.ar\/sitio\/wp-json\/wp\/v2\/posts"}],"about":[{"href":"https:\/\/eldiariodesanpedro.com.ar\/sitio\/wp-json\/wp\/v2\/types\/post"}],"author":[{"embeddable":true,"href":"https:\/\/eldiariodesanpedro.com.ar\/sitio\/wp-json\/wp\/v2\/users\/4"}],"replies":[{"embeddable":true,"href":"https:\/\/eldiariodesanpedro.com.ar\/sitio\/wp-json\/wp\/v2\/comments?post=111318"}],"version-history":[{"count":1,"href":"https:\/\/eldiariodesanpedro.com.ar\/sitio\/wp-json\/wp\/v2\/posts\/111318\/revisions"}],"predecessor-version":[{"id":111320,"href":"https:\/\/eldiariodesanpedro.com.ar\/sitio\/wp-json\/wp\/v2\/posts\/111318\/revisions\/111320"}],"wp:featuredmedia":[{"embeddable":true,"href":"https:\/\/eldiariodesanpedro.com.ar\/sitio\/wp-json\/wp\/v2\/media\/111319"}],"wp:attachment":[{"href":"https:\/\/eldiariodesanpedro.com.ar\/sitio\/wp-json\/wp\/v2\/media?parent=111318"}],"wp:term":[{"taxonomy":"category","embeddable":true,"href":"https:\/\/eldiariodesanpedro.com.ar\/sitio\/wp-json\/wp\/v2\/categories?post=111318"},{"taxonomy":"post_tag","embeddable":true,"href":"https:\/\/eldiariodesanpedro.com.ar\/sitio\/wp-json\/wp\/v2\/tags?post=111318"}],"curies":[{"name":"wp","href":"https:\/\/api.w.org\/{rel}","templated":true}]}}