{"id":111315,"date":"2022-10-13T11:25:16","date_gmt":"2022-10-13T14:25:16","guid":{"rendered":"https:\/\/eldiariodesanpedro.com.ar\/sitio\/?p=111315"},"modified":"2022-10-13T11:25:17","modified_gmt":"2022-10-13T14:25:17","slug":"tenis-las-canchas-del-club-nautico-llevaran-el-nombre-de-dr-benito-aldazabal","status":"publish","type":"post","link":"https:\/\/eldiariodesanpedro.com.ar\/sitio\/tenis-las-canchas-del-club-nautico-llevaran-el-nombre-de-dr-benito-aldazabal\/","title":{"rendered":"Tenis: Las canchas del Club N\u00e1utico llevar\u00e1n el nombre de \u00abDr. Benito Aldazabal\u00bb"},"content":{"rendered":"<!-- VideographyWP Plugin Message: Automatic video embedding prevented by plugin options. -->\n\n<p>Como se hab\u00eda anunciado en el transcurso de la \u00faltima semana durante la celebraci\u00f3n del 115\u00b0 aniversario del club, se realiz\u00f3 un emotivo homenaje al Dr. Benito Aldazabal en el complejo de canchas de tenis que llevar\u00e1n su nombre.<\/p>\n\n\n\n<p>Transcurriendo el mes del 115 aniversario, este s\u00e1bado 8 de octubre se homenaje\u00f3 al Dr. Benito Jos\u00e9 Aldazabal, Comodoro de la instituci\u00f3n entre 1969 y 1970, incansable deportista, dirigente, e impulsor del desarrollo del Club durante toda su vida.<\/p>\n\n\n\n<p>La Comisi\u00f3n Directiva decidi\u00f3 coronar las reformas realizadas al Complejo de Tenis, imponiendo el nombre del Dr. Aldazabal a esas instalaciones, y all\u00ed se concret\u00f3 un acto muy emotivo, con la participaci\u00f3n de familiares, amigos, directivos de diferentes generaciones, jugadores y allegados a este deporte y a la vida del Club.<\/p>\n\n\n\n<p>El Vice comodoro, Dr. Mauricio Gugger, comparti\u00f3 un mensaje de salutaci\u00f3n del Comodoro Marcos Arana quien no puedo estar presente y abri\u00f3 el acto, recordando que Benito estuvo al frente del Club cuando se construyeron las canchas 1 y 2, y que siempre fue un socio que alent\u00f3 desaf\u00edos que hicieron crecer a la instituci\u00f3n a trav\u00e9s de los tiempos.&nbsp;<\/p>\n\n\n\n<p>En este sentido record\u00f3 la asamblea extraordinaria en la que se resolvi\u00f3 la adquisici\u00f3n del anexo deportivo de Villa Jard\u00edn y su intervenci\u00f3n determinante para que se tomara esa importante decisi\u00f3n.&nbsp;&nbsp;<\/p>\n\n\n\n<p>El Dr. Jos\u00e9 Benito Aldazabal, actual asesor letrado del Club, agradeci\u00f3 en nombre de su familia y especialmente de su mam\u00e1 y su hermano, que lo acompa\u00f1aron a la ceremonia, y record\u00f3 a quienes junto a su padre protagonizaron a\u00f1os de grandes progresos para el N\u00e1utico.&nbsp;En ese repaso, mencion\u00f3 a Otto Canabal, Pepe Geoghegan, Pablo Ramos,&nbsp;Juan Hise, Horacio Faraldo, H\u00e9ctor Tufili, Horacio Domenicone, H\u00e9ctor Domenicone, Tato Veiga, Amaranto Ling, Carlos Casini, Hugo Mantovani, Ra\u00fal Cnokaert, Jorge Su\u00e1rez, Abelardo Yunes, Humberto Fuertes, Guido Tauber y Antonio Caldentey.&nbsp;<\/p>\n\n\n\n<p>Mario \u00abNino\u00bb Rampoldi, otro dirigente hist\u00f3rico, muy emocionado record\u00f3 a su amigo y compa\u00f1ero de grandes desaf\u00edos a trav\u00e9s de las d\u00e9cadas, y tambi\u00e9n conmovido por este homenaje, el ex Comodoro Lino Ricardo Luri se\u00f1al\u00f3 que este homenaje es \u00abun acto de Justicia\u00bb con uno de grandes dirigentes de la historia celeste.&nbsp;<\/p>\n\n\n\n<p>El Intendente Ram\u00f3n Salazar, vinculado por su profesi\u00f3n de abogado y por otra de las pasiones de Benito, el ajedrez, record\u00f3 la figura del homenajeado, felicit\u00f3 a su familia y a las autoridades del Club por haber decidido este homenaje.<\/p>\n\n\n\n<p>En el acceso a las canchas de tenis sobre la Avenida Costanera fue descubierto el cartel que da la bienvenida al complejo al pie de las barrancas y que desde hoy se llama \u00abDr. Benito Jos\u00e9 Aldazabal\u00bb.&nbsp;<\/p>\n","protected":false},"excerpt":{"rendered":"<p>Como se hab\u00eda anunciado en el transcurso de la \u00faltima semana durante la celebraci\u00f3n del 115\u00b0 aniversario del club, se realiz\u00f3 un emotivo homenaje al Dr. Benito Aldazabal en el complejo de canchas de tenis que llevar\u00e1n su nombre. Transcurriendo el mes del 115 aniversario, este s\u00e1bado 8 de octubre se homenaje\u00f3 al Dr. Benito [&hellip;]<\/p>\n","protected":false},"author":4,"featured_media":111316,"comment_status":"closed","ping_status":"closed","sticky":false,"template":"","format":"standard","meta":{"om_disable_all_campaigns":false,"_jetpack_memberships_contains_paid_content":false,"footnotes":""},"categories":[50,101,2],"tags":[197,696,33,19],"class_list":["post-111315","post","type-post","status-publish","format-standard","has-post-thumbnail","hentry","category-destacadas","category-interes-general-locales","category-locales","tag-buenos-aires","tag-interes-general","tag-locales","tag-san-pedro"],"aioseo_notices":[],"gutentor_comment":0,"jetpack_featured_media_url":"https:\/\/eldiariodesanpedro.com.ar\/sitio\/wp-content\/uploads\/2022\/10\/0000021316-resized-1920x1080-1.jpg","jetpack_shortlink":"https:\/\/wp.me\/p6RhLt-sXp","jetpack_sharing_enabled":true,"_links":{"self":[{"href":"https:\/\/eldiariodesanpedro.com.ar\/sitio\/wp-json\/wp\/v2\/posts\/111315","targetHints":{"allow":["GET"]}}],"collection":[{"href":"https:\/\/eldiariodesanpedro.com.ar\/sitio\/wp-json\/wp\/v2\/posts"}],"about":[{"href":"https:\/\/eldiariodesanpedro.com.ar\/sitio\/wp-json\/wp\/v2\/types\/post"}],"author":[{"embeddable":true,"href":"https:\/\/eldiariodesanpedro.com.ar\/sitio\/wp-json\/wp\/v2\/users\/4"}],"replies":[{"embeddable":true,"href":"https:\/\/eldiariodesanpedro.com.ar\/sitio\/wp-json\/wp\/v2\/comments?post=111315"}],"version-history":[{"count":1,"href":"https:\/\/eldiariodesanpedro.com.ar\/sitio\/wp-json\/wp\/v2\/posts\/111315\/revisions"}],"predecessor-version":[{"id":111317,"href":"https:\/\/eldiariodesanpedro.com.ar\/sitio\/wp-json\/wp\/v2\/posts\/111315\/revisions\/111317"}],"wp:featuredmedia":[{"embeddable":true,"href":"https:\/\/eldiariodesanpedro.com.ar\/sitio\/wp-json\/wp\/v2\/media\/111316"}],"wp:attachment":[{"href":"https:\/\/eldiariodesanpedro.com.ar\/sitio\/wp-json\/wp\/v2\/media?parent=111315"}],"wp:term":[{"taxonomy":"category","embeddable":true,"href":"https:\/\/eldiariodesanpedro.com.ar\/sitio\/wp-json\/wp\/v2\/categories?post=111315"},{"taxonomy":"post_tag","embeddable":true,"href":"https:\/\/eldiariodesanpedro.com.ar\/sitio\/wp-json\/wp\/v2\/tags?post=111315"}],"curies":[{"name":"wp","href":"https:\/\/api.w.org\/{rel}","templated":true}]}}