{"id":111308,"date":"2022-10-13T11:12:55","date_gmt":"2022-10-13T14:12:55","guid":{"rendered":"https:\/\/eldiariodesanpedro.com.ar\/sitio\/?p=111308"},"modified":"2022-10-13T11:12:56","modified_gmt":"2022-10-13T14:12:56","slug":"robaron-la-caja-fuerte-de-una-camioneta-distribuidora-de-la-empresa-arcor-y-se-llevaron-una-importante-suma-de-dinero","status":"publish","type":"post","link":"https:\/\/eldiariodesanpedro.com.ar\/sitio\/robaron-la-caja-fuerte-de-una-camioneta-distribuidora-de-la-empresa-arcor-y-se-llevaron-una-importante-suma-de-dinero\/","title":{"rendered":"Robaron la caja fuerte de una camioneta distribuidora de la empresa Arcor y se llevaron una importante suma de dinero"},"content":{"rendered":"<!-- VideographyWP Plugin Message: Automatic video embedding prevented by plugin options. -->\n\n<p>El hecho ocurri\u00f3 esta ma\u00f1ana de jueves, cuando el conductor del utilitario se encontraba entregando productos, delincuentes ignorados ingresaron al rodado y se llevaron la caja fuerte.<\/p>\n\n\n\n<p>El robo ocurri\u00f3 en la jornada de hoy jueves en la esquina de G\u00fcemes y Belgrano, donde delincuentes que aun est\u00e1n tratando de ser identificados robaron la caja fuerte de una camioneta Mercedes Sprinter perteneciente a la empres Distribuidora de Arcor, llev\u00e1ndose una importante suma de dinero.<\/p>\n\n\n\n<p>La polic\u00eda trabaja en el lugar tratando de identificar a trav\u00e9s de c\u00e1maras de seguridad a los delincuentes.<\/p>\n\n\n\n<iframe data-src=\"https:\/\/www.facebook.com\/plugins\/video.php?height=314&#038;href=https%3A%2F%2Fwww.facebook.com%2Fdiariosp2%2Fvideos%2F849216986080145%2F&#038;show_text=false&#038;width=560&#038;t=0\" width=\"560\" height=\"314\" style=\"border:none;overflow:hidden\" scrolling=\"no\" frameborder=\"0\" allowfullscreen=\"true\" allow=\"autoplay; clipboard-write; encrypted-media; picture-in-picture; web-share\" allowFullScreen=\"true\" src=\"data:image\/svg+xml;base64,PHN2ZyB3aWR0aD0iMSIgaGVpZ2h0PSIxIiB4bWxucz0iaHR0cDovL3d3dy53My5vcmcvMjAwMC9zdmciPjwvc3ZnPg==\" class=\"lazyload\" data-load-mode=\"1\"><\/iframe>\n\n\n\n<figure class=\"wp-block-image size-large\"><img decoding=\"async\" width=\"1024\" height=\"576\" data-attachment-id=\"111310\" data-permalink=\"https:\/\/eldiariodesanpedro.com.ar\/sitio\/robaron-la-caja-fuerte-de-una-camioneta-distribuidora-de-la-empresa-arcor-y-se-llevaron-una-importante-suma-de-dinero\/imagen-de-whatsapp-2022-10-13-a-las-10-47-41\/\" data-orig-file=\"https:\/\/eldiariodesanpedro.com.ar\/sitio\/wp-content\/uploads\/2022\/10\/Imagen-de-WhatsApp-2022-10-13-a-las-10.47.41.jpg\" data-orig-size=\"1120,630\" data-comments-opened=\"0\" data-image-meta=\"{&quot;aperture&quot;:&quot;0&quot;,&quot;credit&quot;:&quot;&quot;,&quot;camera&quot;:&quot;&quot;,&quot;caption&quot;:&quot;&quot;,&quot;created_timestamp&quot;:&quot;0&quot;,&quot;copyright&quot;:&quot;&quot;,&quot;focal_length&quot;:&quot;0&quot;,&quot;iso&quot;:&quot;0&quot;,&quot;shutter_speed&quot;:&quot;0&quot;,&quot;title&quot;:&quot;&quot;,&quot;orientation&quot;:&quot;0&quot;}\" data-image-title=\"Imagen de WhatsApp 2022-10-13 a las 10.47.41\" data-image-description=\"\" data-image-caption=\"\" data-large-file=\"https:\/\/eldiariodesanpedro.com.ar\/sitio\/wp-content\/uploads\/2022\/10\/Imagen-de-WhatsApp-2022-10-13-a-las-10.47.41-1024x576.jpg\" data-src=\"https:\/\/eldiariodesanpedro.com.ar\/sitio\/wp-content\/uploads\/2022\/10\/Imagen-de-WhatsApp-2022-10-13-a-las-10.47.41-1024x576.jpg\" alt=\"\" class=\"wp-image-111310 lazyload\" data-srcset=\"https:\/\/eldiariodesanpedro.com.ar\/sitio\/wp-content\/uploads\/2022\/10\/Imagen-de-WhatsApp-2022-10-13-a-las-10.47.41-1024x576.jpg 1024w, https:\/\/eldiariodesanpedro.com.ar\/sitio\/wp-content\/uploads\/2022\/10\/Imagen-de-WhatsApp-2022-10-13-a-las-10.47.41-300x169.jpg 300w, https:\/\/eldiariodesanpedro.com.ar\/sitio\/wp-content\/uploads\/2022\/10\/Imagen-de-WhatsApp-2022-10-13-a-las-10.47.41-768x432.jpg 768w, https:\/\/eldiariodesanpedro.com.ar\/sitio\/wp-content\/uploads\/2022\/10\/Imagen-de-WhatsApp-2022-10-13-a-las-10.47.41.jpg 1120w\" data-sizes=\"(max-width: 1024px) 100vw, 1024px\" src=\"data:image\/svg+xml;base64,PHN2ZyB3aWR0aD0iMSIgaGVpZ2h0PSIxIiB4bWxucz0iaHR0cDovL3d3dy53My5vcmcvMjAwMC9zdmciPjwvc3ZnPg==\" style=\"--smush-placeholder-width: 1024px; --smush-placeholder-aspect-ratio: 1024\/576;\" \/><\/figure>\n\n\n\n<figure class=\"wp-block-image size-large\"><img decoding=\"async\" width=\"1024\" height=\"576\" data-attachment-id=\"111311\" data-permalink=\"https:\/\/eldiariodesanpedro.com.ar\/sitio\/robaron-la-caja-fuerte-de-una-camioneta-distribuidora-de-la-empresa-arcor-y-se-llevaron-una-importante-suma-de-dinero\/imagen-de-whatsapp-2022-10-13-a-las-10-47-42-3\/\" data-orig-file=\"https:\/\/eldiariodesanpedro.com.ar\/sitio\/wp-content\/uploads\/2022\/10\/Imagen-de-WhatsApp-2022-10-13-a-las-10.47.42-3.jpg\" data-orig-size=\"1120,630\" data-comments-opened=\"0\" data-image-meta=\"{&quot;aperture&quot;:&quot;0&quot;,&quot;credit&quot;:&quot;&quot;,&quot;camera&quot;:&quot;&quot;,&quot;caption&quot;:&quot;&quot;,&quot;created_timestamp&quot;:&quot;0&quot;,&quot;copyright&quot;:&quot;&quot;,&quot;focal_length&quot;:&quot;0&quot;,&quot;iso&quot;:&quot;0&quot;,&quot;shutter_speed&quot;:&quot;0&quot;,&quot;title&quot;:&quot;&quot;,&quot;orientation&quot;:&quot;0&quot;}\" data-image-title=\"Imagen de WhatsApp 2022-10-13 a las 10.47.42 3\" data-image-description=\"\" data-image-caption=\"\" data-large-file=\"https:\/\/eldiariodesanpedro.com.ar\/sitio\/wp-content\/uploads\/2022\/10\/Imagen-de-WhatsApp-2022-10-13-a-las-10.47.42-3-1024x576.jpg\" data-src=\"https:\/\/eldiariodesanpedro.com.ar\/sitio\/wp-content\/uploads\/2022\/10\/Imagen-de-WhatsApp-2022-10-13-a-las-10.47.42-3-1024x576.jpg\" alt=\"\" class=\"wp-image-111311 lazyload\" data-srcset=\"https:\/\/eldiariodesanpedro.com.ar\/sitio\/wp-content\/uploads\/2022\/10\/Imagen-de-WhatsApp-2022-10-13-a-las-10.47.42-3-1024x576.jpg 1024w, https:\/\/eldiariodesanpedro.com.ar\/sitio\/wp-content\/uploads\/2022\/10\/Imagen-de-WhatsApp-2022-10-13-a-las-10.47.42-3-300x169.jpg 300w, https:\/\/eldiariodesanpedro.com.ar\/sitio\/wp-content\/uploads\/2022\/10\/Imagen-de-WhatsApp-2022-10-13-a-las-10.47.42-3-768x432.jpg 768w, https:\/\/eldiariodesanpedro.com.ar\/sitio\/wp-content\/uploads\/2022\/10\/Imagen-de-WhatsApp-2022-10-13-a-las-10.47.42-3.jpg 1120w\" data-sizes=\"(max-width: 1024px) 100vw, 1024px\" src=\"data:image\/svg+xml;base64,PHN2ZyB3aWR0aD0iMSIgaGVpZ2h0PSIxIiB4bWxucz0iaHR0cDovL3d3dy53My5vcmcvMjAwMC9zdmciPjwvc3ZnPg==\" style=\"--smush-placeholder-width: 1024px; --smush-placeholder-aspect-ratio: 1024\/576;\" \/><\/figure>\n\n\n\n<figure class=\"wp-block-image size-large\"><img decoding=\"async\" width=\"1024\" height=\"576\" data-attachment-id=\"111312\" data-permalink=\"https:\/\/eldiariodesanpedro.com.ar\/sitio\/robaron-la-caja-fuerte-de-una-camioneta-distribuidora-de-la-empresa-arcor-y-se-llevaron-una-importante-suma-de-dinero\/imagen-de-whatsapp-2022-10-13-a-las-10-47-42\/\" data-orig-file=\"https:\/\/eldiariodesanpedro.com.ar\/sitio\/wp-content\/uploads\/2022\/10\/Imagen-de-WhatsApp-2022-10-13-a-las-10.47.42.jpg\" data-orig-size=\"1120,630\" data-comments-opened=\"0\" data-image-meta=\"{&quot;aperture&quot;:&quot;0&quot;,&quot;credit&quot;:&quot;&quot;,&quot;camera&quot;:&quot;&quot;,&quot;caption&quot;:&quot;&quot;,&quot;created_timestamp&quot;:&quot;0&quot;,&quot;copyright&quot;:&quot;&quot;,&quot;focal_length&quot;:&quot;0&quot;,&quot;iso&quot;:&quot;0&quot;,&quot;shutter_speed&quot;:&quot;0&quot;,&quot;title&quot;:&quot;&quot;,&quot;orientation&quot;:&quot;0&quot;}\" data-image-title=\"Imagen de WhatsApp 2022-10-13 a las 10.47.42\" data-image-description=\"\" data-image-caption=\"\" data-large-file=\"https:\/\/eldiariodesanpedro.com.ar\/sitio\/wp-content\/uploads\/2022\/10\/Imagen-de-WhatsApp-2022-10-13-a-las-10.47.42-1024x576.jpg\" data-src=\"https:\/\/eldiariodesanpedro.com.ar\/sitio\/wp-content\/uploads\/2022\/10\/Imagen-de-WhatsApp-2022-10-13-a-las-10.47.42-1024x576.jpg\" alt=\"\" class=\"wp-image-111312 lazyload\" data-srcset=\"https:\/\/eldiariodesanpedro.com.ar\/sitio\/wp-content\/uploads\/2022\/10\/Imagen-de-WhatsApp-2022-10-13-a-las-10.47.42-1024x576.jpg 1024w, https:\/\/eldiariodesanpedro.com.ar\/sitio\/wp-content\/uploads\/2022\/10\/Imagen-de-WhatsApp-2022-10-13-a-las-10.47.42-300x169.jpg 300w, https:\/\/eldiariodesanpedro.com.ar\/sitio\/wp-content\/uploads\/2022\/10\/Imagen-de-WhatsApp-2022-10-13-a-las-10.47.42-768x432.jpg 768w, https:\/\/eldiariodesanpedro.com.ar\/sitio\/wp-content\/uploads\/2022\/10\/Imagen-de-WhatsApp-2022-10-13-a-las-10.47.42.jpg 1120w\" data-sizes=\"(max-width: 1024px) 100vw, 1024px\" src=\"data:image\/svg+xml;base64,PHN2ZyB3aWR0aD0iMSIgaGVpZ2h0PSIxIiB4bWxucz0iaHR0cDovL3d3dy53My5vcmcvMjAwMC9zdmciPjwvc3ZnPg==\" style=\"--smush-placeholder-width: 1024px; --smush-placeholder-aspect-ratio: 1024\/576;\" \/><\/figure>\n","protected":false},"excerpt":{"rendered":"<p>El hecho ocurri\u00f3 esta ma\u00f1ana de jueves, cuando el conductor del utilitario se encontraba entregando productos, delincuentes ignorados ingresaron al rodado y se llevaron la caja fuerte. El robo ocurri\u00f3 en la jornada de hoy jueves en la esquina de G\u00fcemes y Belgrano, donde delincuentes que aun est\u00e1n tratando de ser identificados robaron la caja [&hellip;]<\/p>\n","protected":false},"author":4,"featured_media":111309,"comment_status":"closed","ping_status":"closed","sticky":false,"template":"","format":"standard","meta":{"om_disable_all_campaigns":false,"_jetpack_memberships_contains_paid_content":false,"footnotes":""},"categories":[50,2,103],"tags":[197,696,33,19],"class_list":["post-111308","post","type-post","status-publish","format-standard","has-post-thumbnail","hentry","category-destacadas","category-locales","category-policiales-locales","tag-buenos-aires","tag-interes-general","tag-locales","tag-san-pedro"],"aioseo_notices":[],"gutentor_comment":0,"jetpack_featured_media_url":"https:\/\/eldiariodesanpedro.com.ar\/sitio\/wp-content\/uploads\/2022\/10\/Imagen-de-WhatsApp-2022-10-13-a-las-10.47.41-2.jpg","jetpack_shortlink":"https:\/\/wp.me\/p6RhLt-sXi","jetpack_sharing_enabled":true,"_links":{"self":[{"href":"https:\/\/eldiariodesanpedro.com.ar\/sitio\/wp-json\/wp\/v2\/posts\/111308","targetHints":{"allow":["GET"]}}],"collection":[{"href":"https:\/\/eldiariodesanpedro.com.ar\/sitio\/wp-json\/wp\/v2\/posts"}],"about":[{"href":"https:\/\/eldiariodesanpedro.com.ar\/sitio\/wp-json\/wp\/v2\/types\/post"}],"author":[{"embeddable":true,"href":"https:\/\/eldiariodesanpedro.com.ar\/sitio\/wp-json\/wp\/v2\/users\/4"}],"replies":[{"embeddable":true,"href":"https:\/\/eldiariodesanpedro.com.ar\/sitio\/wp-json\/wp\/v2\/comments?post=111308"}],"version-history":[{"count":1,"href":"https:\/\/eldiariodesanpedro.com.ar\/sitio\/wp-json\/wp\/v2\/posts\/111308\/revisions"}],"predecessor-version":[{"id":111313,"href":"https:\/\/eldiariodesanpedro.com.ar\/sitio\/wp-json\/wp\/v2\/posts\/111308\/revisions\/111313"}],"wp:featuredmedia":[{"embeddable":true,"href":"https:\/\/eldiariodesanpedro.com.ar\/sitio\/wp-json\/wp\/v2\/media\/111309"}],"wp:attachment":[{"href":"https:\/\/eldiariodesanpedro.com.ar\/sitio\/wp-json\/wp\/v2\/media?parent=111308"}],"wp:term":[{"taxonomy":"category","embeddable":true,"href":"https:\/\/eldiariodesanpedro.com.ar\/sitio\/wp-json\/wp\/v2\/categories?post=111308"},{"taxonomy":"post_tag","embeddable":true,"href":"https:\/\/eldiariodesanpedro.com.ar\/sitio\/wp-json\/wp\/v2\/tags?post=111308"}],"curies":[{"name":"wp","href":"https:\/\/api.w.org\/{rel}","templated":true}]}}