{"id":111302,"date":"2022-10-13T09:51:15","date_gmt":"2022-10-13T12:51:15","guid":{"rendered":"https:\/\/eldiariodesanpedro.com.ar\/sitio\/?p=111302"},"modified":"2022-10-13T09:51:17","modified_gmt":"2022-10-13T12:51:17","slug":"acto-por-los-115-anos-del-club-nautico-san-pedro","status":"publish","type":"post","link":"https:\/\/eldiariodesanpedro.com.ar\/sitio\/acto-por-los-115-anos-del-club-nautico-san-pedro\/","title":{"rendered":"Acto por los 115\u00b0 a\u00f1os del Club N\u00e1utico San Pedro"},"content":{"rendered":"<!-- VideographyWP Plugin Message: Automatic video embedding prevented by plugin options. -->\n\n<p>La instituci\u00f3n m\u00e1s importante de la ciudad celebr\u00f3 un nuevo aniversario de su fundaci\u00f3n con anuncios y recordatorios.<\/p>\n\n\n\n<p>En el Club Viejo, como es tradicional cada 6 de octubre, la Comisi\u00f3n Directiva del Club N\u00e1utico San Pedro junto a ex directivos, representantes de las subcomisiones deportivas, dirigentes de otras instituciones, funcionarios municipales y referentes de diferentes sectores de la comunidad realiz\u00f3 el un acto para recordar, en esta oportunidad, el 115 aniversario.&nbsp;<\/p>\n\n\n\n<p>El Comodoro Dr. Marcos Arana, que no pudo estar presente, envi\u00f3 a los presentes un mensaje de salutaci\u00f3n e hizo referencia a la situaci\u00f3n actual del Club y al esfuerzo de los \u00faltimos a\u00f1os por seguir cumpliendo con todos los objetivos a pesar del contexto general, sanitario y econ\u00f3mico.<\/p>\n\n\n\n<p>El vice comodoro, Dr. Mauricio Gugger comparti\u00f3 una reflexi\u00f3n sobre la forma en la que las diferentes variables que hoy atraviesan a la sociedad en general y las instituciones en particular, repercuten en el club, destacando y agradeciendo el compromiso de quienes siguen aceptando \u00abser dirigentes\u00bb en momentos como el actual y remarc\u00f3 la trascendencia del deporte como herramienta para la formaci\u00f3n de las nuevas generaciones y una de las bases fundamentales de la instituci\u00f3n.&nbsp;<\/p>\n\n\n\n<p>El Profesor Guillermo Vel\u00e1zquez, Director de Deportes del N\u00e1utico, en la misma l\u00ednea habl\u00f3 de lo que representan los miles de j\u00f3venes y adultos que le dan vida al club participando de sus actividades y record\u00f3 algunos de los puntos del acta constitutiva que le dieron origen a la instituci\u00f3n hace 115 a\u00f1os.<\/p>\n\n\n\n<p>Finalmente, el Intendente Dr. Ram\u00f3n Salazar felicit\u00f3 a los dirigentes actuales, a quienes han sido protagonistas de la historia \u00abceleste\u00bb y reiter\u00f3 su compromiso con todos los clubes para que sigan cumpliendo el imprescindible rol que tienen en nuestra comunidad. Adem\u00e1s record\u00f3 el \u00e9xito de los deportistas de la instituci\u00f3n y tambi\u00e9n reconoci\u00f3 que m\u00e1s all\u00e1 de ser un club social y deportivo, el N\u00e1utico es tambi\u00e9n una importante fuente de trabajo para una importante cantidad de familias.<\/p>\n\n\n\n<p>En el cierre del acto se anunci\u00f3 que este s\u00e1bado 8 a las 11, en el ingreso a las canchas de tenis, se impondr\u00e1 el nombre del ex comodoro Dr. Jos\u00e9 Benito Aldazabal a ese anexo deportivo de la instituci\u00f3n, recordando la figura de uno de los principales dirigentes de la historia celeste.<\/p>\n","protected":false},"excerpt":{"rendered":"<p>La instituci\u00f3n m\u00e1s importante de la ciudad celebr\u00f3 un nuevo aniversario de su fundaci\u00f3n con anuncios y recordatorios. En el Club Viejo, como es tradicional cada 6 de octubre, la Comisi\u00f3n Directiva del Club N\u00e1utico San Pedro junto a ex directivos, representantes de las subcomisiones deportivas, dirigentes de otras instituciones, funcionarios municipales y referentes de [&hellip;]<\/p>\n","protected":false},"author":4,"featured_media":111303,"comment_status":"closed","ping_status":"closed","sticky":false,"template":"","format":"standard","meta":{"om_disable_all_campaigns":false,"_jetpack_memberships_contains_paid_content":false,"footnotes":""},"categories":[101,2],"tags":[197,696,33,19],"class_list":["post-111302","post","type-post","status-publish","format-standard","has-post-thumbnail","hentry","category-interes-general-locales","category-locales","tag-buenos-aires","tag-interes-general","tag-locales","tag-san-pedro"],"aioseo_notices":[],"gutentor_comment":0,"jetpack_featured_media_url":"https:\/\/eldiariodesanpedro.com.ar\/sitio\/wp-content\/uploads\/2022\/10\/0000021307-resized-1920x1080-1.jpg","jetpack_shortlink":"https:\/\/wp.me\/p6RhLt-sXc","jetpack_sharing_enabled":true,"_links":{"self":[{"href":"https:\/\/eldiariodesanpedro.com.ar\/sitio\/wp-json\/wp\/v2\/posts\/111302","targetHints":{"allow":["GET"]}}],"collection":[{"href":"https:\/\/eldiariodesanpedro.com.ar\/sitio\/wp-json\/wp\/v2\/posts"}],"about":[{"href":"https:\/\/eldiariodesanpedro.com.ar\/sitio\/wp-json\/wp\/v2\/types\/post"}],"author":[{"embeddable":true,"href":"https:\/\/eldiariodesanpedro.com.ar\/sitio\/wp-json\/wp\/v2\/users\/4"}],"replies":[{"embeddable":true,"href":"https:\/\/eldiariodesanpedro.com.ar\/sitio\/wp-json\/wp\/v2\/comments?post=111302"}],"version-history":[{"count":1,"href":"https:\/\/eldiariodesanpedro.com.ar\/sitio\/wp-json\/wp\/v2\/posts\/111302\/revisions"}],"predecessor-version":[{"id":111304,"href":"https:\/\/eldiariodesanpedro.com.ar\/sitio\/wp-json\/wp\/v2\/posts\/111302\/revisions\/111304"}],"wp:featuredmedia":[{"embeddable":true,"href":"https:\/\/eldiariodesanpedro.com.ar\/sitio\/wp-json\/wp\/v2\/media\/111303"}],"wp:attachment":[{"href":"https:\/\/eldiariodesanpedro.com.ar\/sitio\/wp-json\/wp\/v2\/media?parent=111302"}],"wp:term":[{"taxonomy":"category","embeddable":true,"href":"https:\/\/eldiariodesanpedro.com.ar\/sitio\/wp-json\/wp\/v2\/categories?post=111302"},{"taxonomy":"post_tag","embeddable":true,"href":"https:\/\/eldiariodesanpedro.com.ar\/sitio\/wp-json\/wp\/v2\/tags?post=111302"}],"curies":[{"name":"wp","href":"https:\/\/api.w.org\/{rel}","templated":true}]}}