{"id":111286,"date":"2022-10-11T18:56:04","date_gmt":"2022-10-11T21:56:04","guid":{"rendered":"https:\/\/eldiariodesanpedro.com.ar\/sitio\/?p=111286"},"modified":"2022-10-11T18:56:04","modified_gmt":"2022-10-11T21:56:04","slug":"edicto-de-sucesion-de-emma-angelica-isalberti-y-juan-antonio-malacalza","status":"publish","type":"post","link":"https:\/\/eldiariodesanpedro.com.ar\/sitio\/edicto-de-sucesion-de-emma-angelica-isalberti-y-juan-antonio-malacalza\/","title":{"rendered":"Edicto de Sucesi\u00f3n de Emma Angelica Isalberti y Juan Antonio Malacalza"},"content":{"rendered":"<!-- VideographyWP Plugin Message: Automatic video embedding prevented by plugin options. -->\n\n<p>Juzgado de Paz Letrado de Baradero cita y emplaza por treinta d\u00edas a herederos y acreedores de <strong>Emma Angelica Isalberti y Juan Antonio Malacalza<\/strong>.-<\/p>\n\n\n\n<p>Baradero, 5 de Septiembre de 2022.-<\/p>\n\n\n\n<p>ESTEBAN OMAR PERUSINA<br>ABOGADO SECRETARIO <\/p>\n\n\n\n<p>(Publicaci\u00f3n V\u00e1lida por tres d\u00edas desde el 11 al 13 de octubre de 2022)<br><a href=\"https:\/\/notificaciones.scba.gov.ar\/verificarnotificacion.aspx?codNotif=8WK34E\">https:\/\/notificaciones.scba.gov.ar\/verificarnotificacion.aspx?codNotif=8WK34E<\/a><\/p>\n","protected":false},"excerpt":{"rendered":"<p>Juzgado de Paz Letrado de Baradero cita y emplaza por treinta d\u00edas a herederos y acreedores de Emma Angelica Isalberti y Juan Antonio Malacalza.- Baradero, 5 de Septiembre de 2022.- ESTEBAN OMAR PERUSINAABOGADO SECRETARIO (Publicaci\u00f3n V\u00e1lida por tres d\u00edas desde el 11 al 13 de octubre de 2022)https:\/\/notificaciones.scba.gov.ar\/verificarnotificacion.aspx?codNotif=8WK34E<\/p>\n","protected":false},"author":4,"featured_media":81115,"comment_status":"closed","ping_status":"closed","sticky":false,"template":"","format":"standard","meta":{"om_disable_all_campaigns":false,"_jetpack_memberships_contains_paid_content":false,"footnotes":""},"categories":[676,677],"tags":[197,1121,1355,19,1122],"class_list":["post-111286","post","type-post","status-publish","format-standard","has-post-thumbnail","hentry","category-edictos","category-edictos-sucesorios","tag-buenos-aires","tag-edicto","tag-judiciales","tag-san-pedro","tag-sucesion"],"aioseo_notices":[],"gutentor_comment":0,"jetpack_featured_media_url":"https:\/\/eldiariodesanpedro.com.ar\/sitio\/wp-content\/uploads\/2020\/09\/Poder-Judicial.jpg","jetpack_shortlink":"https:\/\/wp.me\/p6RhLt-sWW","jetpack_sharing_enabled":true,"_links":{"self":[{"href":"https:\/\/eldiariodesanpedro.com.ar\/sitio\/wp-json\/wp\/v2\/posts\/111286","targetHints":{"allow":["GET"]}}],"collection":[{"href":"https:\/\/eldiariodesanpedro.com.ar\/sitio\/wp-json\/wp\/v2\/posts"}],"about":[{"href":"https:\/\/eldiariodesanpedro.com.ar\/sitio\/wp-json\/wp\/v2\/types\/post"}],"author":[{"embeddable":true,"href":"https:\/\/eldiariodesanpedro.com.ar\/sitio\/wp-json\/wp\/v2\/users\/4"}],"replies":[{"embeddable":true,"href":"https:\/\/eldiariodesanpedro.com.ar\/sitio\/wp-json\/wp\/v2\/comments?post=111286"}],"version-history":[{"count":1,"href":"https:\/\/eldiariodesanpedro.com.ar\/sitio\/wp-json\/wp\/v2\/posts\/111286\/revisions"}],"predecessor-version":[{"id":111287,"href":"https:\/\/eldiariodesanpedro.com.ar\/sitio\/wp-json\/wp\/v2\/posts\/111286\/revisions\/111287"}],"wp:featuredmedia":[{"embeddable":true,"href":"https:\/\/eldiariodesanpedro.com.ar\/sitio\/wp-json\/wp\/v2\/media\/81115"}],"wp:attachment":[{"href":"https:\/\/eldiariodesanpedro.com.ar\/sitio\/wp-json\/wp\/v2\/media?parent=111286"}],"wp:term":[{"taxonomy":"category","embeddable":true,"href":"https:\/\/eldiariodesanpedro.com.ar\/sitio\/wp-json\/wp\/v2\/categories?post=111286"},{"taxonomy":"post_tag","embeddable":true,"href":"https:\/\/eldiariodesanpedro.com.ar\/sitio\/wp-json\/wp\/v2\/tags?post=111286"}],"curies":[{"name":"wp","href":"https:\/\/api.w.org\/{rel}","templated":true}]}}