{"id":111255,"date":"2022-10-05T18:53:55","date_gmt":"2022-10-05T21:53:55","guid":{"rendered":"https:\/\/eldiariodesanpedro.com.ar\/sitio\/?p=111255"},"modified":"2022-10-05T18:53:56","modified_gmt":"2022-10-05T21:53:56","slug":"san-pedro-clown-festival-2022","status":"publish","type":"post","link":"https:\/\/eldiariodesanpedro.com.ar\/sitio\/san-pedro-clown-festival-2022\/","title":{"rendered":"San Pedro Clown Festival 2022"},"content":{"rendered":"<!-- VideographyWP Plugin Message: Automatic video embedding prevented by plugin options. -->\n\n<p>Entre las actividades presentadas esta ma\u00f1ana en conferencia de prensa por la Secretaria de Turismo y Cultura, Marcela Cu\u00f1er se encuentra el festival de clown llevado adelante por Sala Cuarta Pared que se desarrollar\u00e1 del jueves 6 al lunes 10 de octubre en el espacio cultural ubicado en la intersecci\u00f3n de las calles Almafuerte e Independencia y en el Anfiteatro del V\u00eda Crucis.<\/p>\n\n\n\n<p>El tradicional festival contar\u00e1 con 10 obras y 1 taller llevado a cabo por Julia Muzio los d\u00edas s\u00e1bado y domingo de 10 a 13 hs. Las reservas se realizan al tel\u00e9fono 03329-15540510<\/p>\n\n\n\n<p>Obras por d\u00edas y horarios:<\/p>\n\n\n\n<p>Jueves 6 de octubre<br>21.30 hs. &#8211; Se Hace<\/p>\n\n\n\n<p>Viernes 7 de octubre<br>20.30 hs. &#8211; Enseguida Vuelvo<br>23.00 hs. &#8211; Damas Bravas<\/p>\n\n\n\n<p>S\u00e1bado 8 de octubre<br>18.00 hs. \u2013 Pedro y el Lobo<br>20.30 hs. \u2013 Todo Bien<br>23.00 hs. \u2013 Pim Pam Pum<\/p>\n\n\n\n<p>Domingo 9 de octubre<br>17.30 hs. \u2013 Las Andanzas del Capit\u00e1n (Anfiteatro V\u00eda Crucis \u2013 entrada libre y gratuita)<br>20.30 hs. \u2013 T\u00eda Patria<br>23.00 hs. \u2013 A\u00f1os Luz<\/p>\n\n\n\n<p>Lunes 10 de octubre<br>19.30 hs. &#8211; Calor<\/p>\n\n\n\n<p><\/p>\n\n\n\n<figure class=\"wp-block-image size-full\"><img decoding=\"async\" width=\"630\" height=\"630\" data-attachment-id=\"111258\" data-permalink=\"https:\/\/eldiariodesanpedro.com.ar\/sitio\/san-pedro-clown-festival-2022\/whatsapp-image-2022-10-05-at-18-02-43-1\/\" data-orig-file=\"https:\/\/eldiariodesanpedro.com.ar\/sitio\/wp-content\/uploads\/2022\/10\/WhatsApp-Image-2022-10-05-at-18.02.43-1.jpeg\" data-orig-size=\"630,630\" data-comments-opened=\"0\" data-image-meta=\"{&quot;aperture&quot;:&quot;0&quot;,&quot;credit&quot;:&quot;&quot;,&quot;camera&quot;:&quot;&quot;,&quot;caption&quot;:&quot;&quot;,&quot;created_timestamp&quot;:&quot;0&quot;,&quot;copyright&quot;:&quot;&quot;,&quot;focal_length&quot;:&quot;0&quot;,&quot;iso&quot;:&quot;0&quot;,&quot;shutter_speed&quot;:&quot;0&quot;,&quot;title&quot;:&quot;&quot;,&quot;orientation&quot;:&quot;0&quot;}\" data-image-title=\"WhatsApp Image 2022-10-05 at 18.02.43 (1)\" data-image-description=\"\" data-image-caption=\"\" data-large-file=\"https:\/\/eldiariodesanpedro.com.ar\/sitio\/wp-content\/uploads\/2022\/10\/WhatsApp-Image-2022-10-05-at-18.02.43-1.jpeg\" data-src=\"https:\/\/eldiariodesanpedro.com.ar\/sitio\/wp-content\/uploads\/2022\/10\/WhatsApp-Image-2022-10-05-at-18.02.43-1.jpeg\" alt=\"\" class=\"wp-image-111258 lazyload\" data-srcset=\"https:\/\/eldiariodesanpedro.com.ar\/sitio\/wp-content\/uploads\/2022\/10\/WhatsApp-Image-2022-10-05-at-18.02.43-1.jpeg 630w, https:\/\/eldiariodesanpedro.com.ar\/sitio\/wp-content\/uploads\/2022\/10\/WhatsApp-Image-2022-10-05-at-18.02.43-1-300x300.jpeg 300w, https:\/\/eldiariodesanpedro.com.ar\/sitio\/wp-content\/uploads\/2022\/10\/WhatsApp-Image-2022-10-05-at-18.02.43-1-150x150.jpeg 150w\" data-sizes=\"(max-width: 630px) 100vw, 630px\" src=\"data:image\/svg+xml;base64,PHN2ZyB3aWR0aD0iMSIgaGVpZ2h0PSIxIiB4bWxucz0iaHR0cDovL3d3dy53My5vcmcvMjAwMC9zdmciPjwvc3ZnPg==\" style=\"--smush-placeholder-width: 630px; --smush-placeholder-aspect-ratio: 630\/630;\" \/><\/figure>\n\n\n\n<figure class=\"wp-block-image size-full\"><img decoding=\"async\" width=\"630\" height=\"630\" data-attachment-id=\"111257\" data-permalink=\"https:\/\/eldiariodesanpedro.com.ar\/sitio\/san-pedro-clown-festival-2022\/whatsapp-image-2022-10-05-at-18-02-43\/\" data-orig-file=\"https:\/\/eldiariodesanpedro.com.ar\/sitio\/wp-content\/uploads\/2022\/10\/WhatsApp-Image-2022-10-05-at-18.02.43.jpeg\" data-orig-size=\"630,630\" data-comments-opened=\"0\" data-image-meta=\"{&quot;aperture&quot;:&quot;0&quot;,&quot;credit&quot;:&quot;&quot;,&quot;camera&quot;:&quot;&quot;,&quot;caption&quot;:&quot;&quot;,&quot;created_timestamp&quot;:&quot;0&quot;,&quot;copyright&quot;:&quot;&quot;,&quot;focal_length&quot;:&quot;0&quot;,&quot;iso&quot;:&quot;0&quot;,&quot;shutter_speed&quot;:&quot;0&quot;,&quot;title&quot;:&quot;&quot;,&quot;orientation&quot;:&quot;0&quot;}\" data-image-title=\"WhatsApp Image 2022-10-05 at 18.02.43\" data-image-description=\"\" data-image-caption=\"\" data-large-file=\"https:\/\/eldiariodesanpedro.com.ar\/sitio\/wp-content\/uploads\/2022\/10\/WhatsApp-Image-2022-10-05-at-18.02.43.jpeg\" data-src=\"https:\/\/eldiariodesanpedro.com.ar\/sitio\/wp-content\/uploads\/2022\/10\/WhatsApp-Image-2022-10-05-at-18.02.43.jpeg\" alt=\"\" class=\"wp-image-111257 lazyload\" data-srcset=\"https:\/\/eldiariodesanpedro.com.ar\/sitio\/wp-content\/uploads\/2022\/10\/WhatsApp-Image-2022-10-05-at-18.02.43.jpeg 630w, https:\/\/eldiariodesanpedro.com.ar\/sitio\/wp-content\/uploads\/2022\/10\/WhatsApp-Image-2022-10-05-at-18.02.43-300x300.jpeg 300w, https:\/\/eldiariodesanpedro.com.ar\/sitio\/wp-content\/uploads\/2022\/10\/WhatsApp-Image-2022-10-05-at-18.02.43-150x150.jpeg 150w\" data-sizes=\"(max-width: 630px) 100vw, 630px\" src=\"data:image\/svg+xml;base64,PHN2ZyB3aWR0aD0iMSIgaGVpZ2h0PSIxIiB4bWxucz0iaHR0cDovL3d3dy53My5vcmcvMjAwMC9zdmciPjwvc3ZnPg==\" style=\"--smush-placeholder-width: 630px; --smush-placeholder-aspect-ratio: 630\/630;\" \/><\/figure>\n","protected":false},"excerpt":{"rendered":"<p>Entre las actividades presentadas esta ma\u00f1ana en conferencia de prensa por la Secretaria de Turismo y Cultura, Marcela Cu\u00f1er se encuentra el festival de clown llevado adelante por Sala Cuarta Pared que se desarrollar\u00e1 del jueves 6 al lunes 10 de octubre en el espacio cultural ubicado en la intersecci\u00f3n de las calles Almafuerte e [&hellip;]<\/p>\n","protected":false},"author":4,"featured_media":111256,"comment_status":"closed","ping_status":"closed","sticky":false,"template":"","format":"standard","meta":{"om_disable_all_campaigns":false,"_jetpack_memberships_contains_paid_content":false,"footnotes":""},"categories":[101,2],"tags":[197,696,33,19],"class_list":["post-111255","post","type-post","status-publish","format-standard","has-post-thumbnail","hentry","category-interes-general-locales","category-locales","tag-buenos-aires","tag-interes-general","tag-locales","tag-san-pedro"],"aioseo_notices":[],"gutentor_comment":0,"jetpack_featured_media_url":"https:\/\/eldiariodesanpedro.com.ar\/sitio\/wp-content\/uploads\/2022\/10\/629f4ba024dc2_900.jpg","jetpack_shortlink":"https:\/\/wp.me\/p6RhLt-sWr","jetpack_sharing_enabled":true,"_links":{"self":[{"href":"https:\/\/eldiariodesanpedro.com.ar\/sitio\/wp-json\/wp\/v2\/posts\/111255","targetHints":{"allow":["GET"]}}],"collection":[{"href":"https:\/\/eldiariodesanpedro.com.ar\/sitio\/wp-json\/wp\/v2\/posts"}],"about":[{"href":"https:\/\/eldiariodesanpedro.com.ar\/sitio\/wp-json\/wp\/v2\/types\/post"}],"author":[{"embeddable":true,"href":"https:\/\/eldiariodesanpedro.com.ar\/sitio\/wp-json\/wp\/v2\/users\/4"}],"replies":[{"embeddable":true,"href":"https:\/\/eldiariodesanpedro.com.ar\/sitio\/wp-json\/wp\/v2\/comments?post=111255"}],"version-history":[{"count":1,"href":"https:\/\/eldiariodesanpedro.com.ar\/sitio\/wp-json\/wp\/v2\/posts\/111255\/revisions"}],"predecessor-version":[{"id":111259,"href":"https:\/\/eldiariodesanpedro.com.ar\/sitio\/wp-json\/wp\/v2\/posts\/111255\/revisions\/111259"}],"wp:featuredmedia":[{"embeddable":true,"href":"https:\/\/eldiariodesanpedro.com.ar\/sitio\/wp-json\/wp\/v2\/media\/111256"}],"wp:attachment":[{"href":"https:\/\/eldiariodesanpedro.com.ar\/sitio\/wp-json\/wp\/v2\/media?parent=111255"}],"wp:term":[{"taxonomy":"category","embeddable":true,"href":"https:\/\/eldiariodesanpedro.com.ar\/sitio\/wp-json\/wp\/v2\/categories?post=111255"},{"taxonomy":"post_tag","embeddable":true,"href":"https:\/\/eldiariodesanpedro.com.ar\/sitio\/wp-json\/wp\/v2\/tags?post=111255"}],"curies":[{"name":"wp","href":"https:\/\/api.w.org\/{rel}","templated":true}]}}