{"id":111231,"date":"2022-10-05T18:38:41","date_gmt":"2022-10-05T21:38:41","guid":{"rendered":"https:\/\/eldiariodesanpedro.com.ar\/sitio\/?p=111231"},"modified":"2022-10-05T18:38:42","modified_gmt":"2022-10-05T21:38:42","slug":"emotiva-y-merecida-despedida-al-periodista-cesar-mascetti","status":"publish","type":"post","link":"https:\/\/eldiariodesanpedro.com.ar\/sitio\/emotiva-y-merecida-despedida-al-periodista-cesar-mascetti\/","title":{"rendered":"Emotiva y merecida despedida al periodista Cesar Mascetti"},"content":{"rendered":"<!-- VideographyWP Plugin Message: Automatic video embedding prevented by plugin options. -->\n\n<p>El querido vecino sampedrino fue sepultado este martes en el cementerio local acompa\u00f1ado por su esposa, la periodista M\u00f3nica Cahen D\u2019Anvers, familiares, vecinos y los comunicadores que los recordaron con respeto y cari\u00f1o.<\/p>\n\n\n\n<p>A los 80 a\u00f1os falleci\u00f3 el lunes el querido vecino y periodista Cesar Mascetti. Sus restos fueron sepultados en el mediod\u00eda del martes en el cementerio local, en la b\u00f3veda familiar que \u00e9l mismo mand\u00f3 a reparar hace poco tiempo.<\/p>\n\n\n\n<p>Una despedida como \u00e9l se merec\u00eda, que los ciudadanos de su talla se supieron ganar y que a partir de ahora lo ponen en la misma l\u00ednea de los sampedrinos que supieron a lo largo su vida transformarse en los embajadores de la ciudad.<\/p>\n\n\n\n<p>Los restos del \u00abGaucho\u00bb hab\u00edan sido velados en La Campi\u00f1a, por medio de una reuni\u00f3n \u00edntima de la que particip\u00f3 solo su entorno, y luego, cerca de las 10.30 horas parti\u00f3 el cortejo f\u00fanebre que lo llev\u00f3 hasta al lugar donde descansar\u00e1n los restos del respetado periodista.<\/p>\n\n\n\n<p>All\u00ed lo esperaban familiares, vecinos y amigos, adem\u00e1s de distintos medios de comunicaci\u00f3n y periodistas que supieron reconocer lo que signific\u00f3 Mascetti para ellos se\u00f1al\u00e1ndolo como \u00abel maestro\u00bb.<\/p>\n\n\n\n<p>El padre H\u00e9ctor Molfesa fue quien lo despidi\u00f3 con una sentidas palabras, mientras que Sandra Mihanovich y Sol Mihanovich fueron quienes hablaron en nombre de la familia agradeciendo el respeto y las muestras de cari\u00f1o demostrado.<\/p>\n\n\n\n<p>Y para que la despedida fuera mucho m\u00e1s emotiva aun las personas presentes y a modo de homenaje efectuaron una suelta de palomas, las mismas que acompa\u00f1aron a Mascetti a lo largo de su vida y que fueron su otra pasi\u00f3n, la colombofilia.<\/p>\n\n\n\n<p>Entre l\u00e1grimas y mucho afecto se fue el \u00abGaucho\u00bb Cesar Mascetti, el vecino y deportista de la ciudad, el periodista y comunicador que se gan\u00f3 un lugar en los principales medios del pa\u00eds, que escal\u00f3 hasta lugares impensado, lo que le vali\u00f3 que en medio del dolor se gane el reconocimiento y el aplauso con que se lo despidi\u00f3, como sucede solo con los que se lo merecen, y \u00fanicamente los grandes pueden alcanzarlo.<\/p>\n\n\n\n<figure class=\"wp-block-image size-large\"><img decoding=\"async\" width=\"1024\" height=\"484\" data-attachment-id=\"111234\" data-permalink=\"https:\/\/eldiariodesanpedro.com.ar\/sitio\/emotiva-y-merecida-despedida-al-periodista-cesar-mascetti\/descarga-99\/\" data-orig-file=\"https:\/\/eldiariodesanpedro.com.ar\/sitio\/wp-content\/uploads\/2022\/10\/descarga.jpg\" data-orig-size=\"1200,567\" data-comments-opened=\"0\" data-image-meta=\"{&quot;aperture&quot;:&quot;0&quot;,&quot;credit&quot;:&quot;&quot;,&quot;camera&quot;:&quot;&quot;,&quot;caption&quot;:&quot;&quot;,&quot;created_timestamp&quot;:&quot;0&quot;,&quot;copyright&quot;:&quot;&quot;,&quot;focal_length&quot;:&quot;0&quot;,&quot;iso&quot;:&quot;0&quot;,&quot;shutter_speed&quot;:&quot;0&quot;,&quot;title&quot;:&quot;&quot;,&quot;orientation&quot;:&quot;0&quot;}\" data-image-title=\"descarga\" data-image-description=\"\" data-image-caption=\"\" data-large-file=\"https:\/\/eldiariodesanpedro.com.ar\/sitio\/wp-content\/uploads\/2022\/10\/descarga-1024x484.jpg\" data-src=\"https:\/\/eldiariodesanpedro.com.ar\/sitio\/wp-content\/uploads\/2022\/10\/descarga-1024x484.jpg\" alt=\"\" class=\"wp-image-111234 lazyload\" data-srcset=\"https:\/\/eldiariodesanpedro.com.ar\/sitio\/wp-content\/uploads\/2022\/10\/descarga-1024x484.jpg 1024w, https:\/\/eldiariodesanpedro.com.ar\/sitio\/wp-content\/uploads\/2022\/10\/descarga-300x142.jpg 300w, https:\/\/eldiariodesanpedro.com.ar\/sitio\/wp-content\/uploads\/2022\/10\/descarga-768x363.jpg 768w, https:\/\/eldiariodesanpedro.com.ar\/sitio\/wp-content\/uploads\/2022\/10\/descarga.jpg 1200w\" data-sizes=\"(max-width: 1024px) 100vw, 1024px\" src=\"data:image\/svg+xml;base64,PHN2ZyB3aWR0aD0iMSIgaGVpZ2h0PSIxIiB4bWxucz0iaHR0cDovL3d3dy53My5vcmcvMjAwMC9zdmciPjwvc3ZnPg==\" style=\"--smush-placeholder-width: 1024px; --smush-placeholder-aspect-ratio: 1024\/484;\" \/><\/figure>\n\n\n\n<figure class=\"wp-block-image size-large\"><img decoding=\"async\" width=\"1024\" height=\"484\" data-attachment-id=\"111232\" data-permalink=\"https:\/\/eldiariodesanpedro.com.ar\/sitio\/emotiva-y-merecida-despedida-al-periodista-cesar-mascetti\/descarga-1-23\/\" data-orig-file=\"https:\/\/eldiariodesanpedro.com.ar\/sitio\/wp-content\/uploads\/2022\/10\/descarga-1.jpg\" data-orig-size=\"1200,567\" data-comments-opened=\"0\" data-image-meta=\"{&quot;aperture&quot;:&quot;0&quot;,&quot;credit&quot;:&quot;&quot;,&quot;camera&quot;:&quot;&quot;,&quot;caption&quot;:&quot;&quot;,&quot;created_timestamp&quot;:&quot;0&quot;,&quot;copyright&quot;:&quot;&quot;,&quot;focal_length&quot;:&quot;0&quot;,&quot;iso&quot;:&quot;0&quot;,&quot;shutter_speed&quot;:&quot;0&quot;,&quot;title&quot;:&quot;&quot;,&quot;orientation&quot;:&quot;0&quot;}\" data-image-title=\"descarga (1)\" data-image-description=\"\" data-image-caption=\"\" data-large-file=\"https:\/\/eldiariodesanpedro.com.ar\/sitio\/wp-content\/uploads\/2022\/10\/descarga-1-1024x484.jpg\" data-src=\"https:\/\/eldiariodesanpedro.com.ar\/sitio\/wp-content\/uploads\/2022\/10\/descarga-1-1024x484.jpg\" alt=\"\" class=\"wp-image-111232 lazyload\" data-srcset=\"https:\/\/eldiariodesanpedro.com.ar\/sitio\/wp-content\/uploads\/2022\/10\/descarga-1-1024x484.jpg 1024w, https:\/\/eldiariodesanpedro.com.ar\/sitio\/wp-content\/uploads\/2022\/10\/descarga-1-300x142.jpg 300w, https:\/\/eldiariodesanpedro.com.ar\/sitio\/wp-content\/uploads\/2022\/10\/descarga-1-768x363.jpg 768w, https:\/\/eldiariodesanpedro.com.ar\/sitio\/wp-content\/uploads\/2022\/10\/descarga-1.jpg 1200w\" data-sizes=\"(max-width: 1024px) 100vw, 1024px\" src=\"data:image\/svg+xml;base64,PHN2ZyB3aWR0aD0iMSIgaGVpZ2h0PSIxIiB4bWxucz0iaHR0cDovL3d3dy53My5vcmcvMjAwMC9zdmciPjwvc3ZnPg==\" style=\"--smush-placeholder-width: 1024px; --smush-placeholder-aspect-ratio: 1024\/484;\" \/><\/figure>\n","protected":false},"excerpt":{"rendered":"<p>El querido vecino sampedrino fue sepultado este martes en el cementerio local acompa\u00f1ado por su esposa, la periodista M\u00f3nica Cahen D\u2019Anvers, familiares, vecinos y los comunicadores que los recordaron con respeto y cari\u00f1o. A los 80 a\u00f1os falleci\u00f3 el lunes el querido vecino y periodista Cesar Mascetti. Sus restos fueron sepultados en el mediod\u00eda del [&hellip;]<\/p>\n","protected":false},"author":4,"featured_media":111233,"comment_status":"closed","ping_status":"closed","sticky":false,"template":"","format":"standard","meta":{"om_disable_all_campaigns":false,"_jetpack_memberships_contains_paid_content":false,"footnotes":""},"categories":[50,101,2],"tags":[197,696,33,19],"class_list":["post-111231","post","type-post","status-publish","format-standard","has-post-thumbnail","hentry","category-destacadas","category-interes-general-locales","category-locales","tag-buenos-aires","tag-interes-general","tag-locales","tag-san-pedro"],"aioseo_notices":[],"gutentor_comment":0,"jetpack_featured_media_url":"https:\/\/eldiariodesanpedro.com.ar\/sitio\/wp-content\/uploads\/2022\/10\/descarga-2.jpg","jetpack_shortlink":"https:\/\/wp.me\/p6RhLt-sW3","jetpack_sharing_enabled":true,"_links":{"self":[{"href":"https:\/\/eldiariodesanpedro.com.ar\/sitio\/wp-json\/wp\/v2\/posts\/111231","targetHints":{"allow":["GET"]}}],"collection":[{"href":"https:\/\/eldiariodesanpedro.com.ar\/sitio\/wp-json\/wp\/v2\/posts"}],"about":[{"href":"https:\/\/eldiariodesanpedro.com.ar\/sitio\/wp-json\/wp\/v2\/types\/post"}],"author":[{"embeddable":true,"href":"https:\/\/eldiariodesanpedro.com.ar\/sitio\/wp-json\/wp\/v2\/users\/4"}],"replies":[{"embeddable":true,"href":"https:\/\/eldiariodesanpedro.com.ar\/sitio\/wp-json\/wp\/v2\/comments?post=111231"}],"version-history":[{"count":1,"href":"https:\/\/eldiariodesanpedro.com.ar\/sitio\/wp-json\/wp\/v2\/posts\/111231\/revisions"}],"predecessor-version":[{"id":111235,"href":"https:\/\/eldiariodesanpedro.com.ar\/sitio\/wp-json\/wp\/v2\/posts\/111231\/revisions\/111235"}],"wp:featuredmedia":[{"embeddable":true,"href":"https:\/\/eldiariodesanpedro.com.ar\/sitio\/wp-json\/wp\/v2\/media\/111233"}],"wp:attachment":[{"href":"https:\/\/eldiariodesanpedro.com.ar\/sitio\/wp-json\/wp\/v2\/media?parent=111231"}],"wp:term":[{"taxonomy":"category","embeddable":true,"href":"https:\/\/eldiariodesanpedro.com.ar\/sitio\/wp-json\/wp\/v2\/categories?post=111231"},{"taxonomy":"post_tag","embeddable":true,"href":"https:\/\/eldiariodesanpedro.com.ar\/sitio\/wp-json\/wp\/v2\/tags?post=111231"}],"curies":[{"name":"wp","href":"https:\/\/api.w.org\/{rel}","templated":true}]}}