{"id":111227,"date":"2022-10-05T18:34:59","date_gmt":"2022-10-05T21:34:59","guid":{"rendered":"https:\/\/eldiariodesanpedro.com.ar\/sitio\/?p=111227"},"modified":"2022-10-05T18:35:02","modified_gmt":"2022-10-05T21:35:02","slug":"me-estoy-muriendo-en-san-pedro-junto-a-la-mujer-que-amo-y-abrazado-a-mi-familia","status":"publish","type":"post","link":"https:\/\/eldiariodesanpedro.com.ar\/sitio\/me-estoy-muriendo-en-san-pedro-junto-a-la-mujer-que-amo-y-abrazado-a-mi-familia\/","title":{"rendered":"\u201cMe estoy muriendo en San Pedro, junto a la mujer que amo y abrazado a mi familia\u201d"},"content":{"rendered":"<!-- VideographyWP Plugin Message: Automatic video embedding prevented by plugin options. -->\n\n<p>Cesar Mascetti sab\u00eda lo que iba a pasar, se adelant\u00f3, y en su casa de la calle Salta y Boulevard Paran\u00e1 escribi\u00f3 una conmovedora carta de despedida que fue le\u00edda durante su sepelio.<\/p>\n\n\n\n<p>El \u201cGaucho\u201d Mascetti tuvo su merecida despedida y San Pedro Informa tuvo el privilegio de ser uno de los medios presentes que pudo reportar lo que estaba sucediendo en el cementerio local.<\/p>\n\n\n\n<p>El padre H\u00e9ctor Molfesa encabez\u00f3 la ceremonia mientras que Sol y Sandra Mihanovich se encargaron de leer la nota que de pu\u00f1o y letra el querido periodista hab\u00eda escrito hace pocos d\u00edas cuando sab\u00eda lo que iba a pasar.<\/p>\n\n\n\n<p>\u201cEsto dijo Tata unos d\u00edas antes cuando ya sab\u00eda lo que iba a pasar\u201d, dijo Sol Mihanovich al iniciar su lectura a los escrito por Mascetti: \u201cEstoy a punto de vivir la mejor muerte, en el and\u00e9n me espera mi familia para darme la mano\u201d.<\/p>\n\n\n\n<p>Sandra Mihanovich fue quien continu\u00f3 leyendo el mensaje que el periodista dej\u00f3, agregando que lo hizo en el escritorio que era de su t\u00edo Facundo Larrondo, en la calle Salta, justamente la \u00fanica abertura de la casa que permaneci\u00f3 abierta durante toda la ma\u00f1ana, mientras los restos del periodista eran velados y sepultados junto a sus seres queridos.<\/p>\n\n\n\n<p>\u201cMe estoy muriendo en San Pedro rodeado de durazneros en flor y de naranjos que esperan su turno para dejar caer p\u00e9talos e inundarnos a todos de perfume. Estoy en medio del campo caminando con mis perros, que perciben desde hace d\u00edas lo que va a pasar\u201d.<\/p>\n\n\n\n<p>\u201cEstoy mirando el r\u00edo, escuchando las campanadas que escuchaban mis abuelos. Estoy por ver volar a las palomas que cubrir\u00e1n el cielo, como todas las tardecitas. Dentro de poco me llevar\u00e1n con ellas para ense\u00f1arme el camino\u201d.<\/p>\n\n\n\n<p>\u201cMe estoy muriendo en San Pedro a los 80 a\u00f1os, donde siempre quise morir. Estoy junto a la mujer que amo y abrazado a mi familia. \u00bfQu\u00e9 m\u00e1s puedo pedir? Me estoy muriendo en paz, con la satisfacci\u00f3n del deber cumplido. C\u00e9sar. 12 de septiembre de 2022\u201d.<\/p>\n\n\n\n<figure class=\"wp-block-embed is-type-video is-provider-youtube wp-block-embed-youtube wp-embed-aspect-16-9 wp-has-aspect-ratio\"><div class=\"wp-block-embed__wrapper\">\n<iframe  style=\"display: block; margin: 0px auto;\"  id=\"_ytid_68485\"  width=\"640\" height=\"360\"  data-origwidth=\"640\" data-origheight=\"360\" src=\"https:\/\/www.youtube.com\/embed\/ga7ziWI2Tcs?enablejsapi=1&#038;autoplay=0&#038;cc_load_policy=0&#038;cc_lang_pref=&#038;iv_load_policy=1&#038;loop=0&#038;rel=1&#038;fs=1&#038;playsinline=0&#038;autohide=2&#038;theme=dark&#038;color=red&#038;controls=1&#038;disablekb=0&#038;\" class=\"__youtube_prefs__  epyt-is-override  no-lazyload\" title=\"YouTube player\"  allow=\"fullscreen; accelerometer; autoplay; clipboard-write; encrypted-media; gyroscope; picture-in-picture; web-share\" referrerpolicy=\"strict-origin-when-cross-origin\" allowfullscreen data-no-lazy=\"1\" data-skipgform_ajax_framebjll=\"\"><\/iframe>\n<\/div><\/figure>\n","protected":false},"excerpt":{"rendered":"<p>Cesar Mascetti sab\u00eda lo que iba a pasar, se adelant\u00f3, y en su casa de la calle Salta y Boulevard Paran\u00e1 escribi\u00f3 una conmovedora carta de despedida que fue le\u00edda durante su sepelio. El \u201cGaucho\u201d Mascetti tuvo su merecida despedida y San Pedro Informa tuvo el privilegio de ser uno de los medios presentes que [&hellip;]<\/p>\n","protected":false},"author":4,"featured_media":111228,"comment_status":"closed","ping_status":"closed","sticky":false,"template":"","format":"standard","meta":{"om_disable_all_campaigns":false,"_jetpack_memberships_contains_paid_content":false,"footnotes":""},"categories":[50,101,2],"tags":[197,696,33,19],"class_list":["post-111227","post","type-post","status-publish","format-standard","has-post-thumbnail","hentry","category-destacadas","category-interes-general-locales","category-locales","tag-buenos-aires","tag-interes-general","tag-locales","tag-san-pedro"],"aioseo_notices":[],"gutentor_comment":0,"jetpack_featured_media_url":"https:\/\/eldiariodesanpedro.com.ar\/sitio\/wp-content\/uploads\/2022\/10\/OE47AGHEDFDLBIWEC3JEDMLUBE.jpg","jetpack_shortlink":"https:\/\/wp.me\/p6RhLt-sVZ","jetpack_sharing_enabled":true,"_links":{"self":[{"href":"https:\/\/eldiariodesanpedro.com.ar\/sitio\/wp-json\/wp\/v2\/posts\/111227","targetHints":{"allow":["GET"]}}],"collection":[{"href":"https:\/\/eldiariodesanpedro.com.ar\/sitio\/wp-json\/wp\/v2\/posts"}],"about":[{"href":"https:\/\/eldiariodesanpedro.com.ar\/sitio\/wp-json\/wp\/v2\/types\/post"}],"author":[{"embeddable":true,"href":"https:\/\/eldiariodesanpedro.com.ar\/sitio\/wp-json\/wp\/v2\/users\/4"}],"replies":[{"embeddable":true,"href":"https:\/\/eldiariodesanpedro.com.ar\/sitio\/wp-json\/wp\/v2\/comments?post=111227"}],"version-history":[{"count":1,"href":"https:\/\/eldiariodesanpedro.com.ar\/sitio\/wp-json\/wp\/v2\/posts\/111227\/revisions"}],"predecessor-version":[{"id":111229,"href":"https:\/\/eldiariodesanpedro.com.ar\/sitio\/wp-json\/wp\/v2\/posts\/111227\/revisions\/111229"}],"wp:featuredmedia":[{"embeddable":true,"href":"https:\/\/eldiariodesanpedro.com.ar\/sitio\/wp-json\/wp\/v2\/media\/111228"}],"wp:attachment":[{"href":"https:\/\/eldiariodesanpedro.com.ar\/sitio\/wp-json\/wp\/v2\/media?parent=111227"}],"wp:term":[{"taxonomy":"category","embeddable":true,"href":"https:\/\/eldiariodesanpedro.com.ar\/sitio\/wp-json\/wp\/v2\/categories?post=111227"},{"taxonomy":"post_tag","embeddable":true,"href":"https:\/\/eldiariodesanpedro.com.ar\/sitio\/wp-json\/wp\/v2\/tags?post=111227"}],"curies":[{"name":"wp","href":"https:\/\/api.w.org\/{rel}","templated":true}]}}