{"id":111224,"date":"2022-10-05T18:30:10","date_gmt":"2022-10-05T21:30:10","guid":{"rendered":"https:\/\/eldiariodesanpedro.com.ar\/sitio\/?p=111224"},"modified":"2022-10-05T18:30:11","modified_gmt":"2022-10-05T21:30:11","slug":"el-sentido-homenaje-de-telenoche-a-cesar-mascetti","status":"publish","type":"post","link":"https:\/\/eldiariodesanpedro.com.ar\/sitio\/el-sentido-homenaje-de-telenoche-a-cesar-mascetti\/","title":{"rendered":"El sentido homenaje de Telenoche a C\u00e9sar Mascetti"},"content":{"rendered":"<!-- VideographyWP Plugin Message: Automatic video embedding prevented by plugin options. -->\n\n<p>Conductores, movileros y columnistas del noticiero que lo tuvo al frente durante varias d\u00e9cadas compartieron an\u00e9cdotas y recuerdos de quien consideran un \u201cmaestro\u201d.<\/p>\n\n\n\n<p>C\u00e9sar Mascetti fue, junto a su amada M\u00f3nica Cahen D\u2019Anvers, la cara de Telenoche durante d\u00e9cadas. Por eso, el hist\u00f3rico noticiero de eltrece decidi\u00f3 arrancar de una manera muy especial, con un sentido homenaje al periodista, que falleci\u00f3 este martes a los 80 a\u00f1os. Con la cl\u00e1sica cortina sonando, la primera imagen, como si el tiempo no hubiese transcurrido, mostr\u00f3 al \u201cGaucho\u201d y a M\u00f3nica d\u00e1ndole la bienvenida a sus televidentes.<\/p>\n\n\n\n<p>\u201cHola, muy buenas noches. \u00bfC\u00f3mo est\u00e1n ustedes?\u201d, rompe el silencio M\u00f3nica. Y su compa\u00f1ero agrega: \u201cMuy buenas noches. Aqu\u00ed est\u00e1n nuestros t\u00edtulos de hoy\u201d. Para todos los que realizan el noticiero, el \u201ct\u00edtulo\u201d m\u00e1s importante de la jornada fue, justamente, la inesperada muerte de Mascetti. Por eso, despu\u00e9s de aquella introducci\u00f3n con material de archivo de una de las tantas aperturas del programa protagonizada por M\u00f3nica y C\u00e9sar, y del primer plano a una fotograf\u00eda de la pareja en su querida finca de San Pedro, las c\u00e1maras volvieron al presente. En el actual estudio, con las luces tenues, y los actuales coconductores y columnistas sentados en un medio c\u00edrculo, permanecieron unos segundos en silencio.<\/p>\n\n\n\n<p>Luego de un paneo por el estudio, Diego Leuco fue el encargado de decir las primeras palabras. \u201cHoy es un d\u00eda triste. Es un programa especial. Saben ustedes que muri\u00f3 C\u00e9sar Mascetti, \u2018El Gaucho\u2019, como lo conocemos ac\u00e1 y lo conocen todos los amigos que est\u00e1n ac\u00e1 en el living con nosotros. Hoy Telenoche y toda la Argentina despiden a un s\u00edmbolo de lo mejor de esta profesi\u00f3n\u201d, resumi\u00f3. Luciana Geuna, en tanto, acot\u00f3: \u201cMe cuesta explicarles el dolor que hay ac\u00e1 adentro. La tristeza, pero tambi\u00e9n la admiraci\u00f3n enorme por el aprendizaje que ustedes y nosotros hicimos de C\u00e9sar y de M\u00f3nica. Hoy es un programa para decir \u2018Gracias\u2019. \u00a1Gracias, C\u00e9sar! \u00a1Gracias por todo!\u201d.<\/p>\n\n\n\n<p>Luego, se emitieron las \u00faltimas im\u00e1genes de Mascetti al frente del noticiero, en 2003. \u201cCuando vemos a los m\u00e1s j\u00f3venes continuar con honestidad y libertad este oficio, cuando nos reconocemos a trav\u00e9s de una pregunta, cuando nos identificamos solo con una mirada, ah\u00ed estamos seguros de que nuestro paso por Telenoche dej\u00f3 huellas. Y eso nos pone muy contentos\u201d, expresaba el conductor en su despedida.<\/p>\n\n\n\n<p>A su discurso, le siguieron distintas im\u00e1genes del periodista junto a su compa\u00f1era, mientras la voz en off de Federico Wiemeyer comenzaba a evocar recuerdos son el periodista: \u201cLo recuerdo con un cigarrillo sin encender entre los dedos en las bambalinas de Telenoche. Callado y concentrado. Se sentaba, descartaba el cigarro manoseado y arrancaba. Esa era la se\u00f1al de que empezaba lo que importaba de las noticias del d\u00eda\u201d.<\/p>\n\n\n\n<p>\u201cUn tiempo despu\u00e9s cambi\u00f3 del cigarrillo apagado a un palillo. Su mujer, porque siempre andaban juntos, se encend\u00eda de verg\u00fcenza mientras \u00e9l sonre\u00eda de costado y segu\u00eda usando el palillo. A C\u00e9sar Mascetti en el d\u00eda de hoy lo describieron de muchas maneras. \u2018Encantador\u2019 es una palabra que se dijo y que lo define muy bien. \u2018Profesional\u2019, es otra. Pero hubo muchas m\u00e1s que llegaron desde el cari\u00f1o: \u2018p\u00edcaro\u2019 en lo privado, \u2018incisivo\u2019 en lo profesional, pero siempre \u2018respetuoso\u2019 y \u2018respetado\u2019, que no es lo mismo\u201d, continu\u00f3 relatando, mientras segu\u00edan sucedi\u00e9ndose im\u00e1genes ic\u00f3nicas de su paso por el programa.<\/p>\n\n\n\n<p>\u201cC\u00e9sar era preciso. \u00bfSab\u00e9s por qu\u00e9 era tan profesional? Porque hab\u00eda hecho todos los pelda\u00f1os. Porque hab\u00eda trabajado muchos a\u00f1os en la calle. Nadie ten\u00eda que explicarle c\u00f3mo es la vida de un movilero, porque lo sab\u00eda muy bien. Por eso, respetaba al otro en todo momento y a veces hac\u00eda escuela en su silencio para que el otro se luciera. Y no se desentend\u00eda. Estaba atento a todo lo que pasaba con su equipo, con los que sal\u00edan frente a c\u00e1mara y con los que trabajaban detr\u00e1s, con los t\u00e9cnicos\u201d, agreg\u00f3 Wiemeyer.<\/p>\n\n\n\n<p>Y sigui\u00f3: \u201cAl amor de su vida, a la eterna M\u00f3nica, la conoci\u00f3 trabajando, por supuesto. Ella ya era una mega estrella y \u00e9l era cronista de exteriores. Se cruzaron, se reconocieron, y no se separaron nunca m\u00e1s. Para los argentinos, durante d\u00e9cadas, C\u00e9sar Mascetti fue el rostro de una \u00e9poca dorada del periodismo de TV; tiempos en los que la tecnolog\u00eda crec\u00eda a pasos agigantados y las posibilidades parec\u00edan infinitas. Estaba todo por hacerse y \u00e9l pod\u00eda hacerlo, hasta la consagraci\u00f3n definitiva en Telenoche\u201d.<\/p>\n\n\n\n<p>\u201cBuscalo en Youtube, volv\u00e9 a mirarlo, y vas a ver que era se\u00f1orial para dar las noticias; sin caer en estridencias. Un ejemplo del equilibrio justo y un maestro en el manejo sutil del balance que tiene la informaci\u00f3n, que a veces es dura, pero a veces es c\u00e1lida; a veces es cruel y a veces es simp\u00e1tica. C\u00e9sar manejaba todos los tonos. Un tipo sobrio en lo profesional y en lo privado. Muy amigo de sus amigos. Apodado \u2018El Gaucho\u2019 por su porte y adem\u00e1s por su amor a la tierra, a su querido San Pedro, la localidad a la que siempre volvi\u00f3. Con M\u00f3nica ya ten\u00eda La Campi\u00f1a y a veces el tipo aparec\u00eda en la redacci\u00f3n con cajones de naranjas para todos. Los escritorios se convert\u00edan en fruter\u00edas y el aroma a c\u00edtrico llenaba el ambiente. \u00c9l se corr\u00eda a un costado y hablaba mucho por tel\u00e9fono al campo, a ver c\u00f3mo segu\u00eda todo, y enloquec\u00eda a los meteor\u00f3logos para saber c\u00f3mo vendr\u00eda el clima con las carreras de palomas, porque era un apasionado colomb\u00f3filo\u201d.<\/p>\n\n\n\n<p>\u201cBuen viaje, adonde te hayas ido, Gaucho\u201d, termin\u00f3 la evocaci\u00f3n en off, para darle paso a las an\u00e9cdotas de los presentes en el estudio. El primero en dar su testimonio fue Sergio Lapeg\u00fce: \u201cEstuvimos con Juan Miceli en la AMIA haciendo esa cobertura tremenda hasta no s\u00e9 qu\u00e9 hora de la noche. Para m\u00ed era como trabajar con un maestro. Tambi\u00e9n en R\u00edo Tercero me toc\u00f3 estar con \u00e9l. Y solamente lo ten\u00eda que ver y aprender\u201d, rememor\u00f3<\/p>\n\n\n\n<p>Fuente: La Noci\u00f3n <\/p>\n","protected":false},"excerpt":{"rendered":"<p>Conductores, movileros y columnistas del noticiero que lo tuvo al frente durante varias d\u00e9cadas compartieron an\u00e9cdotas y recuerdos de quien consideran un \u201cmaestro\u201d. C\u00e9sar Mascetti fue, junto a su amada M\u00f3nica Cahen D\u2019Anvers, la cara de Telenoche durante d\u00e9cadas. Por eso, el hist\u00f3rico noticiero de eltrece decidi\u00f3 arrancar de una manera muy especial, con un [&hellip;]<\/p>\n","protected":false},"author":4,"featured_media":111225,"comment_status":"closed","ping_status":"closed","sticky":false,"template":"","format":"standard","meta":{"om_disable_all_campaigns":false,"_jetpack_memberships_contains_paid_content":false,"footnotes":""},"categories":[50,101,2],"tags":[197,696,33,19],"class_list":["post-111224","post","type-post","status-publish","format-standard","has-post-thumbnail","hentry","category-destacadas","category-interes-general-locales","category-locales","tag-buenos-aires","tag-interes-general","tag-locales","tag-san-pedro"],"aioseo_notices":[],"gutentor_comment":0,"jetpack_featured_media_url":"https:\/\/eldiariodesanpedro.com.ar\/sitio\/wp-content\/uploads\/2022\/10\/0000021301-resized-1920x1080-1.jpg","jetpack_shortlink":"https:\/\/wp.me\/p6RhLt-sVW","jetpack_sharing_enabled":true,"_links":{"self":[{"href":"https:\/\/eldiariodesanpedro.com.ar\/sitio\/wp-json\/wp\/v2\/posts\/111224","targetHints":{"allow":["GET"]}}],"collection":[{"href":"https:\/\/eldiariodesanpedro.com.ar\/sitio\/wp-json\/wp\/v2\/posts"}],"about":[{"href":"https:\/\/eldiariodesanpedro.com.ar\/sitio\/wp-json\/wp\/v2\/types\/post"}],"author":[{"embeddable":true,"href":"https:\/\/eldiariodesanpedro.com.ar\/sitio\/wp-json\/wp\/v2\/users\/4"}],"replies":[{"embeddable":true,"href":"https:\/\/eldiariodesanpedro.com.ar\/sitio\/wp-json\/wp\/v2\/comments?post=111224"}],"version-history":[{"count":1,"href":"https:\/\/eldiariodesanpedro.com.ar\/sitio\/wp-json\/wp\/v2\/posts\/111224\/revisions"}],"predecessor-version":[{"id":111226,"href":"https:\/\/eldiariodesanpedro.com.ar\/sitio\/wp-json\/wp\/v2\/posts\/111224\/revisions\/111226"}],"wp:featuredmedia":[{"embeddable":true,"href":"https:\/\/eldiariodesanpedro.com.ar\/sitio\/wp-json\/wp\/v2\/media\/111225"}],"wp:attachment":[{"href":"https:\/\/eldiariodesanpedro.com.ar\/sitio\/wp-json\/wp\/v2\/media?parent=111224"}],"wp:term":[{"taxonomy":"category","embeddable":true,"href":"https:\/\/eldiariodesanpedro.com.ar\/sitio\/wp-json\/wp\/v2\/categories?post=111224"},{"taxonomy":"post_tag","embeddable":true,"href":"https:\/\/eldiariodesanpedro.com.ar\/sitio\/wp-json\/wp\/v2\/tags?post=111224"}],"curies":[{"name":"wp","href":"https:\/\/api.w.org\/{rel}","templated":true}]}}