{"id":111221,"date":"2022-10-05T18:27:33","date_gmt":"2022-10-05T21:27:33","guid":{"rendered":"https:\/\/eldiariodesanpedro.com.ar\/sitio\/?p=111221"},"modified":"2022-10-05T18:27:34","modified_gmt":"2022-10-05T21:27:34","slug":"km-159-la-barra-brava-de-velez-saqueo-estacion-de-servicio-sobre-la-ruta-9","status":"publish","type":"post","link":"https:\/\/eldiariodesanpedro.com.ar\/sitio\/km-159-la-barra-brava-de-velez-saqueo-estacion-de-servicio-sobre-la-ruta-9\/","title":{"rendered":"Km 159: La barra brava de Velez saque\u00f3 estaci\u00f3n de servicio sobre la Ruta 9"},"content":{"rendered":"<!-- VideographyWP Plugin Message: Automatic video embedding prevented by plugin options. -->\n\n<p>El hecho no hab\u00eda trascendido pero las c\u00e1maras de seguridad reportaron el momento en que los violentos roban en el shop. Fue en la Shell de R\u00edo Tala.<\/p>\n\n\n\n<p>El regreso de los hinchas visitantes a las canchas tambi\u00e9n trajo una modalidad que lamentablemente era muy habitual, el saqueo y robo en las estaciones de servicios.<\/p>\n\n\n\n<p>Hace pocos d\u00edas la estaci\u00f3n de servicios Shell que se encuentra sobre el kil\u00f3metro 159 de la Ruta 9 fue saqueada por los barras de Velez que regresaban a Buenos Aires y delante de clientes y familias que casualmente se encontraban en el comercio.<\/p>\n\n\n\n<p>Sucedi\u00f3 cuando retornaban del partido por Copa Argentina frente a Independiente en Jujuy y a la altura de San Pedro, los micros que tra\u00edan a la barra brava de V\u00e9lez se detuvieron frente a una estaci\u00f3n de servicio. Se supon\u00eda que era una parada t\u00e9cnica para pasar por el ba\u00f1o y que alguno comprara un refresco o algo de comer antes de emprender la \u00faltima etapa del regreso hasta Buenos Aires. Pero lejos de eso lo que ocurri\u00f3 es algo que ya se hizo costumbre para muchas barras del f\u00fatbol argentino: un saqueo al minishop de la estaci\u00f3n. Como si estuvieran en un supermercado propio, los barras empezaron a tomar productos de las g\u00f3ndolas, y mientras otros de estos delincuentes del tabl\u00f3n ten\u00edan por tarea distraer al personal del establecimiento, se retiraron sin que mediara ning\u00fan pago. Pero todo qued\u00f3 filmado en las c\u00e1maras de seguridad y aunque se hizo la denuncia correspondiente, no hubo ning\u00fan detenido.<\/p>\n","protected":false},"excerpt":{"rendered":"<p>El hecho no hab\u00eda trascendido pero las c\u00e1maras de seguridad reportaron el momento en que los violentos roban en el shop. Fue en la Shell de R\u00edo Tala. El regreso de los hinchas visitantes a las canchas tambi\u00e9n trajo una modalidad que lamentablemente era muy habitual, el saqueo y robo en las estaciones de servicios. [&hellip;]<\/p>\n","protected":false},"author":4,"featured_media":111222,"comment_status":"closed","ping_status":"closed","sticky":false,"template":"","format":"standard","meta":{"om_disable_all_campaigns":false,"_jetpack_memberships_contains_paid_content":false,"footnotes":""},"categories":[50,101,2],"tags":[197,696,33,19],"class_list":["post-111221","post","type-post","status-publish","format-standard","has-post-thumbnail","hentry","category-destacadas","category-interes-general-locales","category-locales","tag-buenos-aires","tag-interes-general","tag-locales","tag-san-pedro"],"aioseo_notices":[],"gutentor_comment":0,"jetpack_featured_media_url":"https:\/\/eldiariodesanpedro.com.ar\/sitio\/wp-content\/uploads\/2022\/10\/0000021298-resized-1920x1080-1.jpg","jetpack_shortlink":"https:\/\/wp.me\/p6RhLt-sVT","jetpack_sharing_enabled":true,"_links":{"self":[{"href":"https:\/\/eldiariodesanpedro.com.ar\/sitio\/wp-json\/wp\/v2\/posts\/111221","targetHints":{"allow":["GET"]}}],"collection":[{"href":"https:\/\/eldiariodesanpedro.com.ar\/sitio\/wp-json\/wp\/v2\/posts"}],"about":[{"href":"https:\/\/eldiariodesanpedro.com.ar\/sitio\/wp-json\/wp\/v2\/types\/post"}],"author":[{"embeddable":true,"href":"https:\/\/eldiariodesanpedro.com.ar\/sitio\/wp-json\/wp\/v2\/users\/4"}],"replies":[{"embeddable":true,"href":"https:\/\/eldiariodesanpedro.com.ar\/sitio\/wp-json\/wp\/v2\/comments?post=111221"}],"version-history":[{"count":1,"href":"https:\/\/eldiariodesanpedro.com.ar\/sitio\/wp-json\/wp\/v2\/posts\/111221\/revisions"}],"predecessor-version":[{"id":111223,"href":"https:\/\/eldiariodesanpedro.com.ar\/sitio\/wp-json\/wp\/v2\/posts\/111221\/revisions\/111223"}],"wp:featuredmedia":[{"embeddable":true,"href":"https:\/\/eldiariodesanpedro.com.ar\/sitio\/wp-json\/wp\/v2\/media\/111222"}],"wp:attachment":[{"href":"https:\/\/eldiariodesanpedro.com.ar\/sitio\/wp-json\/wp\/v2\/media?parent=111221"}],"wp:term":[{"taxonomy":"category","embeddable":true,"href":"https:\/\/eldiariodesanpedro.com.ar\/sitio\/wp-json\/wp\/v2\/categories?post=111221"},{"taxonomy":"post_tag","embeddable":true,"href":"https:\/\/eldiariodesanpedro.com.ar\/sitio\/wp-json\/wp\/v2\/tags?post=111221"}],"curies":[{"name":"wp","href":"https:\/\/api.w.org\/{rel}","templated":true}]}}