{"id":111218,"date":"2022-10-05T18:25:24","date_gmt":"2022-10-05T21:25:24","guid":{"rendered":"https:\/\/eldiariodesanpedro.com.ar\/sitio\/?p=111218"},"modified":"2022-10-05T18:25:26","modified_gmt":"2022-10-05T21:25:26","slug":"caso-lillo-el-jurado-declaro-culpable-a-roberto-branto-ayala","status":"publish","type":"post","link":"https:\/\/eldiariodesanpedro.com.ar\/sitio\/caso-lillo-el-jurado-declaro-culpable-a-roberto-branto-ayala\/","title":{"rendered":"Caso Lillo: El jurado declar\u00f3 culpable a Roberto Branto Ayala"},"content":{"rendered":"<!-- VideographyWP Plugin Message: Automatic video embedding prevented by plugin options. -->\n\n<p>Enviado exclusivo. Concluy\u00f3 en la tarde del martes el juicio por jurados en el Tribunal N\u00b0 1 de San Nicol\u00e1s. All\u00ed uno de los imputados por el asesinato del polic\u00eda Nelson Lillo fue hallado culpable del delito que se le imput\u00f3 y ahora ser\u00e1 el Tribunal quien defina la condena que le cabe al acusado. El viernes 14 de octubre a las 12 se dictar\u00e1 sentencia.<\/p>\n\n\n\n<p>Roberto Gerardo \u201cel Zurdo\u201d Branto Ayala fue declarado m\u00e1ximo responsable del asesinato del polic\u00eda Nelson Lillo.<\/p>\n\n\n\n<p>Durante la tarde del martes el Tribunal hizo lugar al veredicto del jurado conformado por 12 vecinos quienes comprendieron en forma un\u00e1nime que la responsabilidad de Branto Ayala era absoluta.<\/p>\n\n\n\n<p>El Dr. Marcelo Manso, fiscal de la causa, acompa\u00f1ado por el Dr. Hern\u00e1n Granda, fiscal de Baradero, y la Dra. Marisa L\u00f3pez Bravo, abogada de la familia Lillo, participaron de ambas jornadas y ahora deber\u00e1n solicitar la pena que crean necesaria para castigar semejante delito.<\/p>\n","protected":false},"excerpt":{"rendered":"<p>Enviado exclusivo. Concluy\u00f3 en la tarde del martes el juicio por jurados en el Tribunal N\u00b0 1 de San Nicol\u00e1s. All\u00ed uno de los imputados por el asesinato del polic\u00eda Nelson Lillo fue hallado culpable del delito que se le imput\u00f3 y ahora ser\u00e1 el Tribunal quien defina la condena que le cabe al acusado. [&hellip;]<\/p>\n","protected":false},"author":4,"featured_media":111219,"comment_status":"closed","ping_status":"closed","sticky":false,"template":"","format":"standard","meta":{"om_disable_all_campaigns":false,"_jetpack_memberships_contains_paid_content":false,"footnotes":""},"categories":[50,101,2],"tags":[197,696,33,19],"class_list":["post-111218","post","type-post","status-publish","format-standard","has-post-thumbnail","hentry","category-destacadas","category-interes-general-locales","category-locales","tag-buenos-aires","tag-interes-general","tag-locales","tag-san-pedro"],"aioseo_notices":[],"gutentor_comment":0,"jetpack_featured_media_url":"https:\/\/eldiariodesanpedro.com.ar\/sitio\/wp-content\/uploads\/2022\/10\/0000021300-resized-1920x1080-1.jpg","jetpack_shortlink":"https:\/\/wp.me\/p6RhLt-sVQ","jetpack_sharing_enabled":true,"_links":{"self":[{"href":"https:\/\/eldiariodesanpedro.com.ar\/sitio\/wp-json\/wp\/v2\/posts\/111218","targetHints":{"allow":["GET"]}}],"collection":[{"href":"https:\/\/eldiariodesanpedro.com.ar\/sitio\/wp-json\/wp\/v2\/posts"}],"about":[{"href":"https:\/\/eldiariodesanpedro.com.ar\/sitio\/wp-json\/wp\/v2\/types\/post"}],"author":[{"embeddable":true,"href":"https:\/\/eldiariodesanpedro.com.ar\/sitio\/wp-json\/wp\/v2\/users\/4"}],"replies":[{"embeddable":true,"href":"https:\/\/eldiariodesanpedro.com.ar\/sitio\/wp-json\/wp\/v2\/comments?post=111218"}],"version-history":[{"count":1,"href":"https:\/\/eldiariodesanpedro.com.ar\/sitio\/wp-json\/wp\/v2\/posts\/111218\/revisions"}],"predecessor-version":[{"id":111220,"href":"https:\/\/eldiariodesanpedro.com.ar\/sitio\/wp-json\/wp\/v2\/posts\/111218\/revisions\/111220"}],"wp:featuredmedia":[{"embeddable":true,"href":"https:\/\/eldiariodesanpedro.com.ar\/sitio\/wp-json\/wp\/v2\/media\/111219"}],"wp:attachment":[{"href":"https:\/\/eldiariodesanpedro.com.ar\/sitio\/wp-json\/wp\/v2\/media?parent=111218"}],"wp:term":[{"taxonomy":"category","embeddable":true,"href":"https:\/\/eldiariodesanpedro.com.ar\/sitio\/wp-json\/wp\/v2\/categories?post=111218"},{"taxonomy":"post_tag","embeddable":true,"href":"https:\/\/eldiariodesanpedro.com.ar\/sitio\/wp-json\/wp\/v2\/tags?post=111218"}],"curies":[{"name":"wp","href":"https:\/\/api.w.org\/{rel}","templated":true}]}}