{"id":111215,"date":"2022-10-05T11:06:07","date_gmt":"2022-10-05T14:06:07","guid":{"rendered":"https:\/\/eldiariodesanpedro.com.ar\/sitio\/?p=111215"},"modified":"2022-10-05T11:06:08","modified_gmt":"2022-10-05T14:06:08","slug":"alsina-una-mujer-sampedrina-fallecio-en-un-violento-accidente-sobre-la-ruta-9","status":"publish","type":"post","link":"https:\/\/eldiariodesanpedro.com.ar\/sitio\/alsina-una-mujer-sampedrina-fallecio-en-un-violento-accidente-sobre-la-ruta-9\/","title":{"rendered":"Alsina: Una mujer sampedrina falleci\u00f3 en un violento accidente sobre la Ruta 9"},"content":{"rendered":"<!-- VideographyWP Plugin Message: Automatic video embedding prevented by plugin options. -->\n\n<p>La vecina conduc\u00eda el auto que impact\u00f3 contra un cami\u00f3n que se encontraba estacionado sobre la banquina a la altura del kil\u00f3metro 112 del camino nacional. La mujer presenta lesiones graves.<\/p>\n\n\n\n<p>Una mujer de 71 a\u00f1os, oriunda de nuestra ciudad e identificada como Mar\u00eda Alicia Cipolla, protagoniz\u00f3 un violento accidente de tr\u00e1nsito durante la tarde del lunes.<\/p>\n\n\n\n<p>Aconteci\u00f3 en el kil\u00f3metro 112 de la Ruta Nacional N\u00b09, carril Rosario- Buenos Aires, en jurisdicci\u00f3n de la localidad de Alsina, partido de Baradero.<\/p>\n\n\n\n<p>La mujer viajaba sola y conduc\u00eda un Peugeot 206 que por cuestiones que se deben establecer termin\u00f3 impactando la parte trasera de un cami\u00f3n que se encontraba detenido sobre la banquina.<\/p>\n\n\n\n<p>El siniestro fue violento y la mujer debi\u00f3 ser asistida por distintos servicios de emergencias debido a las lesiones que hab\u00eda sufrido. Presentaba traumatismos varios y una fractura en el brazo derecho.<\/p>\n\n\n\n<p>Cipolla fue trasladada al hospital Lino Pi\u00f1eiro de Baradero en donde horas mas tarde debido a la gravedad de sus golpes, fallecio.<\/p>\n","protected":false},"excerpt":{"rendered":"<p>La vecina conduc\u00eda el auto que impact\u00f3 contra un cami\u00f3n que se encontraba estacionado sobre la banquina a la altura del kil\u00f3metro 112 del camino nacional. La mujer presenta lesiones graves. Una mujer de 71 a\u00f1os, oriunda de nuestra ciudad e identificada como Mar\u00eda Alicia Cipolla, protagoniz\u00f3 un violento accidente de tr\u00e1nsito durante la tarde [&hellip;]<\/p>\n","protected":false},"author":4,"featured_media":111216,"comment_status":"closed","ping_status":"closed","sticky":false,"template":"","format":"standard","meta":{"om_disable_all_campaigns":false,"_jetpack_memberships_contains_paid_content":false,"footnotes":""},"categories":[50,101,2],"tags":[197,33,95,19],"class_list":["post-111215","post","type-post","status-publish","format-standard","has-post-thumbnail","hentry","category-destacadas","category-interes-general-locales","category-locales","tag-buenos-aires","tag-locales","tag-policiales","tag-san-pedro"],"aioseo_notices":[],"gutentor_comment":0,"jetpack_featured_media_url":"https:\/\/eldiariodesanpedro.com.ar\/sitio\/wp-content\/uploads\/2022\/10\/0000021295-resized-1920x1080-1.jpg","jetpack_shortlink":"https:\/\/wp.me\/p6RhLt-sVN","jetpack_sharing_enabled":true,"_links":{"self":[{"href":"https:\/\/eldiariodesanpedro.com.ar\/sitio\/wp-json\/wp\/v2\/posts\/111215","targetHints":{"allow":["GET"]}}],"collection":[{"href":"https:\/\/eldiariodesanpedro.com.ar\/sitio\/wp-json\/wp\/v2\/posts"}],"about":[{"href":"https:\/\/eldiariodesanpedro.com.ar\/sitio\/wp-json\/wp\/v2\/types\/post"}],"author":[{"embeddable":true,"href":"https:\/\/eldiariodesanpedro.com.ar\/sitio\/wp-json\/wp\/v2\/users\/4"}],"replies":[{"embeddable":true,"href":"https:\/\/eldiariodesanpedro.com.ar\/sitio\/wp-json\/wp\/v2\/comments?post=111215"}],"version-history":[{"count":1,"href":"https:\/\/eldiariodesanpedro.com.ar\/sitio\/wp-json\/wp\/v2\/posts\/111215\/revisions"}],"predecessor-version":[{"id":111217,"href":"https:\/\/eldiariodesanpedro.com.ar\/sitio\/wp-json\/wp\/v2\/posts\/111215\/revisions\/111217"}],"wp:featuredmedia":[{"embeddable":true,"href":"https:\/\/eldiariodesanpedro.com.ar\/sitio\/wp-json\/wp\/v2\/media\/111216"}],"wp:attachment":[{"href":"https:\/\/eldiariodesanpedro.com.ar\/sitio\/wp-json\/wp\/v2\/media?parent=111215"}],"wp:term":[{"taxonomy":"category","embeddable":true,"href":"https:\/\/eldiariodesanpedro.com.ar\/sitio\/wp-json\/wp\/v2\/categories?post=111215"},{"taxonomy":"post_tag","embeddable":true,"href":"https:\/\/eldiariodesanpedro.com.ar\/sitio\/wp-json\/wp\/v2\/tags?post=111215"}],"curies":[{"name":"wp","href":"https:\/\/api.w.org\/{rel}","templated":true}]}}