{"id":111212,"date":"2022-10-05T11:02:53","date_gmt":"2022-10-05T14:02:53","guid":{"rendered":"https:\/\/eldiariodesanpedro.com.ar\/sitio\/?p=111212"},"modified":"2022-10-05T11:02:54","modified_gmt":"2022-10-05T14:02:54","slug":"fuego-en-las-islas-detectan-nuevos-focos-frente-a-san-pedro","status":"publish","type":"post","link":"https:\/\/eldiariodesanpedro.com.ar\/sitio\/fuego-en-las-islas-detectan-nuevos-focos-frente-a-san-pedro\/","title":{"rendered":"Fuego en las Islas: detectan nuevos focos frente a San Pedro"},"content":{"rendered":"<!-- VideographyWP Plugin Message: Automatic video embedding prevented by plugin options. -->\n\n<p>Durante la tarde del lunes los incendios en zona de Islas se pod\u00edan ver desde la ciudad por medio de las enormes columnas de humo. El plan el manejo del fuego trabaja sobre el lugar afectado.<\/p>\n\n\n\n<p>Nuevamente los incendios generados intencionalmente en la zona de Islas frente a San Pedro generan preocupaci\u00f3n ponen en alerta a toda la regi\u00f3n.<\/p>\n\n\n\n<p>Sobre la tarde del lunes enormes columnas de humo se pod\u00edan apreciar desde distintos puntos del radio urbano.<\/p>\n\n\n\n<p>Los focos detectados en la zona de la Islas Los Lobos hicieron que las autoridades locales provinciales y nacionales comenzar\u00e1n a diagramas distintas tareas para asistir cuanto antes y combatir las llamas.<\/p>\n\n\n\n<p>El plan Nacional del manejo del fuego recorrido el sector afectado y desde este mismo martes comenzar\u00edan a trabajar para disminuir el riesgo en la poblaci\u00f3n.<\/p>\n\n\n\n<p>El comportamiento del viento hizo que las zonas afectadas por el humo adem\u00e1s de nuestra ciudad lleguen a la zona de Ramallo, San Nicol\u00e1s y Villa constituci\u00f3n.<\/p>\n\n\n\n<p><\/p>\n","protected":false},"excerpt":{"rendered":"<p>Durante la tarde del lunes los incendios en zona de Islas se pod\u00edan ver desde la ciudad por medio de las enormes columnas de humo. El plan el manejo del fuego trabaja sobre el lugar afectado. Nuevamente los incendios generados intencionalmente en la zona de Islas frente a San Pedro generan preocupaci\u00f3n ponen en alerta [&hellip;]<\/p>\n","protected":false},"author":4,"featured_media":111213,"comment_status":"closed","ping_status":"closed","sticky":false,"template":"","format":"standard","meta":{"om_disable_all_campaigns":false,"_jetpack_memberships_contains_paid_content":false,"footnotes":""},"categories":[50,101,2],"tags":[],"class_list":["post-111212","post","type-post","status-publish","format-standard","has-post-thumbnail","hentry","category-destacadas","category-interes-general-locales","category-locales"],"aioseo_notices":[],"gutentor_comment":0,"jetpack_featured_media_url":"https:\/\/eldiariodesanpedro.com.ar\/sitio\/wp-content\/uploads\/2022\/10\/0000021296-resized-1920x1080-1.jpg","jetpack_shortlink":"https:\/\/wp.me\/p6RhLt-sVK","jetpack_sharing_enabled":true,"_links":{"self":[{"href":"https:\/\/eldiariodesanpedro.com.ar\/sitio\/wp-json\/wp\/v2\/posts\/111212","targetHints":{"allow":["GET"]}}],"collection":[{"href":"https:\/\/eldiariodesanpedro.com.ar\/sitio\/wp-json\/wp\/v2\/posts"}],"about":[{"href":"https:\/\/eldiariodesanpedro.com.ar\/sitio\/wp-json\/wp\/v2\/types\/post"}],"author":[{"embeddable":true,"href":"https:\/\/eldiariodesanpedro.com.ar\/sitio\/wp-json\/wp\/v2\/users\/4"}],"replies":[{"embeddable":true,"href":"https:\/\/eldiariodesanpedro.com.ar\/sitio\/wp-json\/wp\/v2\/comments?post=111212"}],"version-history":[{"count":1,"href":"https:\/\/eldiariodesanpedro.com.ar\/sitio\/wp-json\/wp\/v2\/posts\/111212\/revisions"}],"predecessor-version":[{"id":111214,"href":"https:\/\/eldiariodesanpedro.com.ar\/sitio\/wp-json\/wp\/v2\/posts\/111212\/revisions\/111214"}],"wp:featuredmedia":[{"embeddable":true,"href":"https:\/\/eldiariodesanpedro.com.ar\/sitio\/wp-json\/wp\/v2\/media\/111213"}],"wp:attachment":[{"href":"https:\/\/eldiariodesanpedro.com.ar\/sitio\/wp-json\/wp\/v2\/media?parent=111212"}],"wp:term":[{"taxonomy":"category","embeddable":true,"href":"https:\/\/eldiariodesanpedro.com.ar\/sitio\/wp-json\/wp\/v2\/categories?post=111212"},{"taxonomy":"post_tag","embeddable":true,"href":"https:\/\/eldiariodesanpedro.com.ar\/sitio\/wp-json\/wp\/v2\/tags?post=111212"}],"curies":[{"name":"wp","href":"https:\/\/api.w.org\/{rel}","templated":true}]}}